{"id":10005,"date":"2025-08-21T20:29:18","date_gmt":"2025-08-22T02:29:18","guid":{"rendered":"https:\/\/dc.diariodecomitan.com.mx\/?p=10005"},"modified":"2025-08-21T20:29:21","modified_gmt":"2025-08-22T02:29:21","slug":"eduardo-ramirez-rinde-tributo-al-chiapaneco-joaquin-miguel-gutierrez","status":"publish","type":"post","link":"https:\/\/dc.diariodecomitan.com.mx\/?p=10005","title":{"rendered":"EDUARDO RAM\u00cdREZ RINDE TRIBUTO al CHIAPANECO JOAQU\u00cdN MIGUEL GUTI\u00c9RREZ"},"content":{"rendered":"\n<p><strong>Eduardo Ram\u00edrez asiste a conmemoraci\u00f3n del 229 aniversario del natalicio de Joaqu\u00edn Miguel Guti\u00e9rrez.<\/strong><\/p>\n\n\n\n<p><strong>Tuxtla Guti\u00e9rrez; 21\/Agosto\/2025.- <\/strong>El gobernador Eduardo Ram\u00edrez Aguilar asisti\u00f3 a la conmemoraci\u00f3n del 229 aniversario del natalicio del general Joaqu\u00edn Miguel Guti\u00e9rrez, a quien describi\u00f3 como una de las figuras m\u00e1s trascendentes en la historia de Chiapas, al resaltar su legado y la lucha por la uni\u00f3n igualitaria con M\u00e9xico.<\/p>\n\n\n\n<p>En la ceremonia, celebrada en el Parque Central de la capital chiapaneca, se realiz\u00f3 la colocaci\u00f3n de una ofrenda floral y una guardia de honor, con la presencia de autoridades militares, legisladoras y legisladores, autoridades municipales, as\u00ed como integrantes de las logias mas\u00f3nicas, entre otros.<\/p>\n\n\n<div class=\"wp-block-image\">\n<figure class=\"aligncenter size-large is-resized\"><img loading=\"lazy\" decoding=\"async\" width=\"1024\" height=\"619\" src=\"https:\/\/dc.diariodecomitan.com.mx\/wp-content\/uploads\/2025\/08\/PRINCIPAL-001-1-1024x619.jpeg\" alt=\"\" class=\"wp-image-10006\" style=\"width:728px;height:auto\" srcset=\"https:\/\/dc.diariodecomitan.com.mx\/wp-content\/uploads\/2025\/08\/PRINCIPAL-001-1-1024x619.jpeg 1024w, https:\/\/dc.diariodecomitan.com.mx\/wp-content\/uploads\/2025\/08\/PRINCIPAL-001-1-300x181.jpeg 300w, https:\/\/dc.diariodecomitan.com.mx\/wp-content\/uploads\/2025\/08\/PRINCIPAL-001-1-768x464.jpeg 768w, https:\/\/dc.diariodecomitan.com.mx\/wp-content\/uploads\/2025\/08\/PRINCIPAL-001-1.jpeg 1530w\" sizes=\"auto, (max-width: 1024px) 100vw, 1024px\" \/><\/figure>\n<\/div>","protected":false},"excerpt":{"rendered":"<p>Eduardo Ram\u00edrez asiste a conmemoraci\u00f3n del 229 aniversario del natalicio de Joaqu\u00edn Miguel Guti\u00e9rrez. Tuxtla Guti\u00e9rrez; 21\/Agosto\/2025.- El gobernador Eduardo Ram\u00edrez Aguilar asisti\u00f3 a la conmemoraci\u00f3n del 229 aniversario del&hellip; <\/p>\n","protected":false},"author":2,"featured_media":10006,"comment_status":"closed","ping_status":"closed","sticky":false,"template":"","format":"standard","meta":{"footnotes":""},"categories":[15],"tags":[],"class_list":["post-10005","post","type-post","status-publish","format-standard","has-post-thumbnail","hentry","category-politica"],"_links":{"self":[{"href":"https:\/\/dc.diariodecomitan.com.mx\/index.php?rest_route=\/wp\/v2\/posts\/10005","targetHints":{"allow":["GET"]}}],"collection":[{"href":"https:\/\/dc.diariodecomitan.com.mx\/index.php?rest_route=\/wp\/v2\/posts"}],"about":[{"href":"https:\/\/dc.diariodecomitan.com.mx\/index.php?rest_route=\/wp\/v2\/types\/post"}],"author":[{"embeddable":true,"href":"https:\/\/dc.diariodecomitan.com.mx\/index.php?rest_route=\/wp\/v2\/users\/2"}],"replies":[{"embeddable":true,"href":"https:\/\/dc.diariodecomitan.com.mx\/index.php?rest_route=%2Fwp%2Fv2%2Fcomments&post=10005"}],"version-history":[{"count":1,"href":"https:\/\/dc.diariodecomitan.com.mx\/index.php?rest_route=\/wp\/v2\/posts\/10005\/revisions"}],"predecessor-version":[{"id":10007,"href":"https:\/\/dc.diariodecomitan.com.mx\/index.php?rest_route=\/wp\/v2\/posts\/10005\/revisions\/10007"}],"wp:featuredmedia":[{"embeddable":true,"href":"https:\/\/dc.diariodecomitan.com.mx\/index.php?rest_route=\/wp\/v2\/media\/10006"}],"wp:attachment":[{"href":"https:\/\/dc.diariodecomitan.com.mx\/index.php?rest_route=%2Fwp%2Fv2%2Fmedia&parent=10005"}],"wp:term":[{"taxonomy":"category","embeddable":true,"href":"https:\/\/dc.diariodecomitan.com.mx\/index.php?rest_route=%2Fwp%2Fv2%2Fcategories&post=10005"},{"taxonomy":"post_tag","embeddable":true,"href":"https:\/\/dc.diariodecomitan.com.mx\/index.php?rest_route=%2Fwp%2Fv2%2Ftags&post=10005"}],"curies":[{"name":"wp","href":"https:\/\/api.w.org\/{rel}","templated":true}]}}