{"id":10010,"date":"2025-08-21T21:02:03","date_gmt":"2025-08-22T03:02:03","guid":{"rendered":"https:\/\/dc.diariodecomitan.com.mx\/?p=10010"},"modified":"2025-08-21T21:02:05","modified_gmt":"2025-08-22T03:02:05","slug":"nueva-era-honestidad-y-rendicion-de-cuentas","status":"publish","type":"post","link":"https:\/\/dc.diariodecomitan.com.mx\/?p=10010","title":{"rendered":"NUEVA ERA: HONESTIDAD y RENDICI\u00d3N de CUENTAS"},"content":{"rendered":"\n<blockquote class=\"wp-block-quote is-layout-flow wp-block-quote-is-layout-flow\">\n<p><strong><em>Con autoridad moral y honestidad, Eduardo Ram\u00edrez impulsa un gobierno transparente.<\/em><\/strong><\/p>\n<\/blockquote>\n\n\n\n<p><strong>Tuxtla Guti\u00e9rrez; 21\/Agosto\/2025.- <\/strong>Durante la instalaci\u00f3n del Comit\u00e9 de Transparencia para el Pueblo de Chiapas, el gobernador Eduardo Ram\u00edrez Aguilar subray\u00f3 que el \u00fanico compromiso del gobierno de la Nueva ERA es cumplirle al pueblo. Enfatiz\u00f3 que se trabaja con autoridad moral, honestidad y en el marco de la ley y la justicia, lo que ha permitido entregar buenos resultados.<\/p>\n\n\n\n<p>\u201c<em>Lo digo de manera transparente: vine a servir a Chiapas, no vine a saquear a Chiapas, y eso va a normar mi vida. Quiero terminar mi gobierno con la satisfacci\u00f3n del deber cumplido. Decirle al pueblo que di todo y dej\u00e9 alma, coraz\u00f3n y vida para servir a Chiapas. As\u00ed que atesoremos el momento de paz que vivimos para que los recursos alcancen y consolidemos obras que beneficien al bienestar y el desarrollo<\/em>\u201d, expres\u00f3.<\/p>\n\n\n\n<p>Ante representantes de los Poderes Legislativo y Judicial; integrantes del Gabinete Legal y Ampliado, alcaldesas, alcaldes y organismos aut\u00f3nomos, el mandatario sostuvo que no establece lazos de complicidad con nadie. \u201cNo recibo a proveedores, ni contratistas, ahora no hay tr\u00e1fico de influencias. Nadie tiene autorizaci\u00f3n de utilizar mi nombre para sacar alg\u00fan beneficio\u201d, agreg\u00f3.<\/p>\n\n\n\n<p>Convoc\u00f3 tambi\u00e9n a las y los servidores del pueblo a conducirse con honestidad, transparencia y rendici\u00f3n de cuentas, de modo que los recursos se destinen a atender las verdaderas necesidades de la gente, erradicando malas pr\u00e1cticas y recuperando la confianza ciudadana en las instituciones.<\/p>\n\n\n\n<p>La secretaria Anticorrupci\u00f3n y Buen Gobierno, Ana Laura Romero Basurto, resalt\u00f3 que la creaci\u00f3n de este Comit\u00e9 constituye un paso fundamental para consolidar una administraci\u00f3n honesta, cercana a la gente y alineada con los principios de la Nueva ERA. A\u00f1adi\u00f3 que Chiapas es el tercer estado en instalar este \u00f3rgano colegiado y el cuarto en armonizar su marco jur\u00eddico en la materia.<\/p>\n\n\n\n<p>La secretaria general de Gobierno y Mediaci\u00f3n, Patricia del Carmen Conde Ru\u00edz, tom\u00f3 protesta a las y los integrantes del Comit\u00e9, a quienes exhort\u00f3 a cumplir con la Ley de Transparencia y Acceso a la Informaci\u00f3n P\u00fablica del Estado, as\u00ed como con las atribuciones que esta contempla. Subray\u00f3 que mediante este organismo se fortalece la cultura de la transparencia y la rendici\u00f3n de cuentas.<\/p>\n\n\n\n<p>Por su parte, la consejera presidenta del Instituto de Elecciones y Participaci\u00f3n Ciudadana (IEPC), Mar\u00eda Magdalena Vila Dom\u00ednguez, asegur\u00f3 que este hecho representa un nuevo paradigma para consolidar la confianza ciudadana y avanzar hacia un estado m\u00e1s democr\u00e1tico, incluyente y cercano a la gente. Reiter\u00f3 el compromiso del IEPC de supervisar que partidos pol\u00edticos, agrupaciones y asociaciones cumplan con sus obligaciones en esta materia.<\/p>\n\n\n\n<p>En tanto, el director general de Transparencia para el Pueblo de Chiapas, Jorge Ross Coello, destac\u00f3 que con estas acciones el estado avanza hacia un gobierno m\u00e1s justo, equitativo y abierto, ya que el Comit\u00e9 actuar\u00e1 como un puente entre la sociedad y las instituciones, convirtiendo la informaci\u00f3n p\u00fablica en una herramienta de empoderamiento para los sectores hist\u00f3ricamente invisibilizados. Se\u00f1al\u00f3 que Chiapas contribuir\u00e1 activamente al Sistema Nacional de Transparencia, incorporando la perspectiva local, lenguas originarias y particularidades culturales.<\/p>\n\n\n\n<p>En el evento estuvieron presentes el magistrado presidente del Tribunal Superior de Justicia del Estado, Juan Carlos Moreno Guill\u00e9n; el presidente de la Mesa Directiva del Congreso del Estado, Luis Ignacio Avenda\u00f1o Berm\u00fadez; el auditor superior del Estado, Jos\u00e9 Antonio Aguilar Meza; el fiscal general del Estado, Jorge Luis Llaven Abarca; el secretario del Humanismo, Francisco Chac\u00f3n S\u00e1nchez; y el alcalde de Tuxtla Guti\u00e9rrez, Angel Torres Culebro, entre otros.<\/p>\n\n\n\n<figure class=\"wp-block-image size-large\"><img loading=\"lazy\" decoding=\"async\" width=\"1024\" height=\"619\" src=\"https:\/\/dc.diariodecomitan.com.mx\/wp-content\/uploads\/2025\/08\/FOTO-PRINCIPAL-001-12-1024x619.jpeg\" alt=\"\" class=\"wp-image-10011\" srcset=\"https:\/\/dc.diariodecomitan.com.mx\/wp-content\/uploads\/2025\/08\/FOTO-PRINCIPAL-001-12-1024x619.jpeg 1024w, https:\/\/dc.diariodecomitan.com.mx\/wp-content\/uploads\/2025\/08\/FOTO-PRINCIPAL-001-12-300x181.jpeg 300w, https:\/\/dc.diariodecomitan.com.mx\/wp-content\/uploads\/2025\/08\/FOTO-PRINCIPAL-001-12-768x464.jpeg 768w, https:\/\/dc.diariodecomitan.com.mx\/wp-content\/uploads\/2025\/08\/FOTO-PRINCIPAL-001-12.jpeg 1530w\" sizes=\"auto, (max-width: 1024px) 100vw, 1024px\" \/><\/figure>\n\n\n\n<p><\/p>\n","protected":false},"excerpt":{"rendered":"<p>Con autoridad moral y honestidad, Eduardo Ram\u00edrez impulsa un gobierno transparente. Tuxtla Guti\u00e9rrez; 21\/Agosto\/2025.- Durante la instalaci\u00f3n del Comit\u00e9 de Transparencia para el Pueblo de Chiapas, el gobernador Eduardo Ram\u00edrez&hellip; <\/p>\n","protected":false},"author":2,"featured_media":10011,"comment_status":"closed","ping_status":"closed","sticky":false,"template":"","format":"standard","meta":{"footnotes":""},"categories":[15],"tags":[],"class_list":["post-10010","post","type-post","status-publish","format-standard","has-post-thumbnail","hentry","category-politica"],"_links":{"self":[{"href":"https:\/\/dc.diariodecomitan.com.mx\/index.php?rest_route=\/wp\/v2\/posts\/10010","targetHints":{"allow":["GET"]}}],"collection":[{"href":"https:\/\/dc.diariodecomitan.com.mx\/index.php?rest_route=\/wp\/v2\/posts"}],"about":[{"href":"https:\/\/dc.diariodecomitan.com.mx\/index.php?rest_route=\/wp\/v2\/types\/post"}],"author":[{"embeddable":true,"href":"https:\/\/dc.diariodecomitan.com.mx\/index.php?rest_route=\/wp\/v2\/users\/2"}],"replies":[{"embeddable":true,"href":"https:\/\/dc.diariodecomitan.com.mx\/index.php?rest_route=%2Fwp%2Fv2%2Fcomments&post=10010"}],"version-history":[{"count":1,"href":"https:\/\/dc.diariodecomitan.com.mx\/index.php?rest_route=\/wp\/v2\/posts\/10010\/revisions"}],"predecessor-version":[{"id":10012,"href":"https:\/\/dc.diariodecomitan.com.mx\/index.php?rest_route=\/wp\/v2\/posts\/10010\/revisions\/10012"}],"wp:featuredmedia":[{"embeddable":true,"href":"https:\/\/dc.diariodecomitan.com.mx\/index.php?rest_route=\/wp\/v2\/media\/10011"}],"wp:attachment":[{"href":"https:\/\/dc.diariodecomitan.com.mx\/index.php?rest_route=%2Fwp%2Fv2%2Fmedia&parent=10010"}],"wp:term":[{"taxonomy":"category","embeddable":true,"href":"https:\/\/dc.diariodecomitan.com.mx\/index.php?rest_route=%2Fwp%2Fv2%2Fcategories&post=10010"},{"taxonomy":"post_tag","embeddable":true,"href":"https:\/\/dc.diariodecomitan.com.mx\/index.php?rest_route=%2Fwp%2Fv2%2Ftags&post=10010"}],"curies":[{"name":"wp","href":"https:\/\/api.w.org\/{rel}","templated":true}]}}