{"id":10013,"date":"2025-08-21T21:11:57","date_gmt":"2025-08-22T03:11:57","guid":{"rendered":"https:\/\/dc.diariodecomitan.com.mx\/?p=10013"},"modified":"2025-08-21T21:12:00","modified_gmt":"2025-08-22T03:12:00","slug":"gobernador-llama-a-redoblar-esfuerzos-por-chiapas","status":"publish","type":"post","link":"https:\/\/dc.diariodecomitan.com.mx\/?p=10013","title":{"rendered":"GOBERNADOR LLAMA a REDOBLAR ESFUERZOS por CHIAPAS"},"content":{"rendered":"\n<blockquote class=\"wp-block-quote is-layout-flow wp-block-quote-is-layout-flow\">\n<p><strong><em>Eduardo Ram\u00edrez destaca avances de gobierno y llama a no bajar la guardia.<\/em><\/strong><\/p>\n<\/blockquote>\n\n\n\n<p><strong>Tuxtla Guti\u00e9rrez; 21\/Agosto\/2025.- &nbsp;<\/strong>Al encabezar la reuni\u00f3n con el Gabinete Legal y Ampliado, el gobernador Eduardo Ram\u00edrez Aguilar reconoci\u00f3 los avances y logros en los diferentes \u00e1mbitos de la administraci\u00f3n p\u00fablica estatal, e invit\u00f3 a las servidoras y servidores del pueblo a fortalecer el trabajo en favor del bienestar y el desarrollo social y econ\u00f3mico de Chiapas.<\/p>\n\n\n\n<p>Subray\u00f3 que, ahora que se ha recuperado la paz y la seguridad gracias al esfuerzo coordinado con la Federaci\u00f3n, se impulsan acciones para consolidar la gobernabilidad, la igualdad de g\u00e9nero, la alfabetizaci\u00f3n, la protecci\u00f3n del medio ambiente, la agricultura y la movilidad, as\u00ed como para ampliar y mejorar la infraestructura en salud, educaci\u00f3n, caminos y carreteras, agua potable y servicios p\u00fablicos, entre otros rubros.<\/p>\n\n\n<div class=\"wp-block-image\">\n<figure class=\"aligncenter size-large is-resized\"><img loading=\"lazy\" decoding=\"async\" width=\"1024\" height=\"619\" src=\"https:\/\/dc.diariodecomitan.com.mx\/wp-content\/uploads\/2025\/08\/FOTO-PRINCIPAL-001-13-1024x619.jpeg\" alt=\"\" class=\"wp-image-10014\" style=\"width:742px;height:auto\" srcset=\"https:\/\/dc.diariodecomitan.com.mx\/wp-content\/uploads\/2025\/08\/FOTO-PRINCIPAL-001-13-1024x619.jpeg 1024w, https:\/\/dc.diariodecomitan.com.mx\/wp-content\/uploads\/2025\/08\/FOTO-PRINCIPAL-001-13-300x181.jpeg 300w, https:\/\/dc.diariodecomitan.com.mx\/wp-content\/uploads\/2025\/08\/FOTO-PRINCIPAL-001-13-768x464.jpeg 768w, https:\/\/dc.diariodecomitan.com.mx\/wp-content\/uploads\/2025\/08\/FOTO-PRINCIPAL-001-13.jpeg 1530w\" sizes=\"auto, (max-width: 1024px) 100vw, 1024px\" \/><\/figure>\n<\/div>\n\n\n<p>Ram\u00edrez Aguilar resalt\u00f3 el reconocimiento nacional a las pol\u00edticas humanistas implementadas en el estado, por los beneficios que generan a la poblaci\u00f3n, en especial a los sectores en situaci\u00f3n de vulnerabilidad. Enfatiz\u00f3 adem\u00e1s el compromiso de priorizar la atenci\u00f3n en 10 municipios con mayores \u00edndices de marginaci\u00f3n, con el objetivo de elevar su calidad de vida.<\/p>\n\n\n\n<p>\u201c<em>La presidenta Claudia Sheinbaum Pardo reconoce el trabajo de nuestro gobierno. Le he dicho que los buenos resultados se deben a que me he rodeado de gente muy entregada, que comprende la visi\u00f3n y tiene un gran amor por Chiapas. Agradezco la labor de todas y todos, porque la calificaci\u00f3n que nos dan es por nuestro buen desempe\u00f1o como equipo. No bajemos la guardia porque a\u00fan hay mucho qu\u00e9 hacer por Chiapas\u201d<\/em>, expres\u00f3.<\/p>\n\n\n\n<p>Por su parte, las y los servidores del pueblo refrendaron su compromiso de seguir trabajando cerca del pueblo, con transparencia y de manera eficiente, enfocando los esfuerzos institucionales en la construcci\u00f3n de un Chiapas con oportunidades para todas y todos.<\/p>\n","protected":false},"excerpt":{"rendered":"<p>Eduardo Ram\u00edrez destaca avances de gobierno y llama a no bajar la guardia. Tuxtla Guti\u00e9rrez; 21\/Agosto\/2025.- &nbsp;Al encabezar la reuni\u00f3n con el Gabinete Legal y Ampliado, el gobernador Eduardo Ram\u00edrez&hellip; <\/p>\n","protected":false},"author":2,"featured_media":10014,"comment_status":"closed","ping_status":"closed","sticky":false,"template":"","format":"standard","meta":{"footnotes":""},"categories":[15],"tags":[],"class_list":["post-10013","post","type-post","status-publish","format-standard","has-post-thumbnail","hentry","category-politica"],"_links":{"self":[{"href":"https:\/\/dc.diariodecomitan.com.mx\/index.php?rest_route=\/wp\/v2\/posts\/10013","targetHints":{"allow":["GET"]}}],"collection":[{"href":"https:\/\/dc.diariodecomitan.com.mx\/index.php?rest_route=\/wp\/v2\/posts"}],"about":[{"href":"https:\/\/dc.diariodecomitan.com.mx\/index.php?rest_route=\/wp\/v2\/types\/post"}],"author":[{"embeddable":true,"href":"https:\/\/dc.diariodecomitan.com.mx\/index.php?rest_route=\/wp\/v2\/users\/2"}],"replies":[{"embeddable":true,"href":"https:\/\/dc.diariodecomitan.com.mx\/index.php?rest_route=%2Fwp%2Fv2%2Fcomments&post=10013"}],"version-history":[{"count":1,"href":"https:\/\/dc.diariodecomitan.com.mx\/index.php?rest_route=\/wp\/v2\/posts\/10013\/revisions"}],"predecessor-version":[{"id":10015,"href":"https:\/\/dc.diariodecomitan.com.mx\/index.php?rest_route=\/wp\/v2\/posts\/10013\/revisions\/10015"}],"wp:featuredmedia":[{"embeddable":true,"href":"https:\/\/dc.diariodecomitan.com.mx\/index.php?rest_route=\/wp\/v2\/media\/10014"}],"wp:attachment":[{"href":"https:\/\/dc.diariodecomitan.com.mx\/index.php?rest_route=%2Fwp%2Fv2%2Fmedia&parent=10013"}],"wp:term":[{"taxonomy":"category","embeddable":true,"href":"https:\/\/dc.diariodecomitan.com.mx\/index.php?rest_route=%2Fwp%2Fv2%2Fcategories&post=10013"},{"taxonomy":"post_tag","embeddable":true,"href":"https:\/\/dc.diariodecomitan.com.mx\/index.php?rest_route=%2Fwp%2Fv2%2Ftags&post=10013"}],"curies":[{"name":"wp","href":"https:\/\/api.w.org\/{rel}","templated":true}]}}