{"id":1017,"date":"2025-03-21T09:48:55","date_gmt":"2025-03-21T15:48:55","guid":{"rendered":"https:\/\/dc.diariodecomitan.com.mx\/?p=1017"},"modified":"2025-03-21T09:48:56","modified_gmt":"2025-03-21T15:48:56","slug":"taxista-y-su-hijo-son-agredidos-por-motociclistas","status":"publish","type":"post","link":"https:\/\/dc.diariodecomitan.com.mx\/?p=1017","title":{"rendered":"TAXISTA y su HIJO son AGREDIDOS por MOTOCICLISTAS"},"content":{"rendered":"\n<p><strong>No\u00e9 Pinto<\/strong><\/p>\n\n\n\n<figure class=\"wp-block-image size-large\"><img loading=\"lazy\" decoding=\"async\" width=\"1024\" height=\"768\" src=\"https:\/\/dc.diariodecomitan.com.mx\/wp-content\/uploads\/2025\/03\/Imagen-de-WhatsApp-2025-03-20-a-las-19.21.37_2fa209a7-1024x768.jpg\" alt=\"\" class=\"wp-image-1019\" srcset=\"https:\/\/dc.diariodecomitan.com.mx\/wp-content\/uploads\/2025\/03\/Imagen-de-WhatsApp-2025-03-20-a-las-19.21.37_2fa209a7-1024x768.jpg 1024w, https:\/\/dc.diariodecomitan.com.mx\/wp-content\/uploads\/2025\/03\/Imagen-de-WhatsApp-2025-03-20-a-las-19.21.37_2fa209a7-300x225.jpg 300w, https:\/\/dc.diariodecomitan.com.mx\/wp-content\/uploads\/2025\/03\/Imagen-de-WhatsApp-2025-03-20-a-las-19.21.37_2fa209a7-768x576.jpg 768w, https:\/\/dc.diariodecomitan.com.mx\/wp-content\/uploads\/2025\/03\/Imagen-de-WhatsApp-2025-03-20-a-las-19.21.37_2fa209a7-1536x1152.jpg 1536w, https:\/\/dc.diariodecomitan.com.mx\/wp-content\/uploads\/2025\/03\/Imagen-de-WhatsApp-2025-03-20-a-las-19.21.37_2fa209a7.jpg 1600w\" sizes=\"auto, (max-width: 1024px) 100vw, 1024px\" \/><\/figure>\n\n\n\n<p><strong>Comit\u00e1n de Dom\u00ednguez; 20\/MAR\/2025.- <\/strong>La tranquilidad de la colonia Miguel Alem\u00e1n en Comit\u00e1n se vio interrumpida este lunes cuando un hombre y su hijo fueron brutalmente golpeados por dos motociclistas, presuntamente armados, frente al parque de la zona.<\/p>\n\n\n\n<p>De acuerdo con los informes preliminares, el ataque ocurri\u00f3 en pleno d\u00eda, cuando las v\u00edctimas, que se encontraban en su veh\u00edculo, fueron sorprendidas por los agresores, quienes sin mediar palabra comenzaron a agredirlos f\u00edsicamente. Los agresores, que se desplazaban en motocicletas, no s\u00f3lo golpearon al taxista, sino tambi\u00e9n a su hijo, dejando ambos heridos.<\/p>\n\n\n\n<p>El incidente, que fue captado por las c\u00e1maras de vigilancia cercanas, ha generado gran preocupaci\u00f3n entre los habitantes de la colonia, quienes afirman que este tipo de actos violentos se han vuelto cada vez m\u00e1s frecuentes en la regi\u00f3n. Las im\u00e1genes del ataque ya fueron entregadas a las autoridades locales como parte de la denuncia interpuesta por las v\u00edctimas ante el Ministerio P\u00fablico.<\/p>\n\n\n\n<p>Tras conocerse los hechos, diversas corporaciones de seguridad, entre ellas el Ej\u00e9rcito Mexicano y la Guardia Nacional, desplegaron un operativo en la zona con el fin de localizar a los responsables. Seg\u00fan fuentes oficiales, el objetivo es esclarecer lo sucedido y garantizar que los agresores sean detenidos y puestos a disposici\u00f3n de las autoridades judiciales.<\/p>\n\n\n\n<p>Adem\u00e1s, las autoridades hacen un llamado a la ciudadan\u00eda para que, en caso de reconocer a los motociclistas involucrados en el ataque, se comuniquen de manera inmediata con las autoridades correspondientes, con el fin de colaborar en la captura de los presuntos agresores.<\/p>\n\n\n\n<figure class=\"wp-block-image size-large\"><img loading=\"lazy\" decoding=\"async\" width=\"576\" height=\"1024\" src=\"https:\/\/dc.diariodecomitan.com.mx\/wp-content\/uploads\/2025\/03\/Imagen-de-WhatsApp-2025-03-20-a-las-19.21.36_370860e3-576x1024.jpg\" alt=\"\" class=\"wp-image-1020\" srcset=\"https:\/\/dc.diariodecomitan.com.mx\/wp-content\/uploads\/2025\/03\/Imagen-de-WhatsApp-2025-03-20-a-las-19.21.36_370860e3-576x1024.jpg 576w, https:\/\/dc.diariodecomitan.com.mx\/wp-content\/uploads\/2025\/03\/Imagen-de-WhatsApp-2025-03-20-a-las-19.21.36_370860e3-169x300.jpg 169w, https:\/\/dc.diariodecomitan.com.mx\/wp-content\/uploads\/2025\/03\/Imagen-de-WhatsApp-2025-03-20-a-las-19.21.36_370860e3-768x1365.jpg 768w, https:\/\/dc.diariodecomitan.com.mx\/wp-content\/uploads\/2025\/03\/Imagen-de-WhatsApp-2025-03-20-a-las-19.21.36_370860e3-864x1536.jpg 864w, https:\/\/dc.diariodecomitan.com.mx\/wp-content\/uploads\/2025\/03\/Imagen-de-WhatsApp-2025-03-20-a-las-19.21.36_370860e3.jpg 900w\" sizes=\"auto, (max-width: 576px) 100vw, 576px\" \/><\/figure>\n","protected":false},"excerpt":{"rendered":"<p>No\u00e9 Pinto Comit\u00e1n de Dom\u00ednguez; 20\/MAR\/2025.- La tranquilidad de la colonia Miguel Alem\u00e1n en Comit\u00e1n se vio interrumpida este lunes cuando un hombre y su hijo fueron brutalmente golpeados por&hellip; <\/p>\n","protected":false},"author":2,"featured_media":1018,"comment_status":"closed","ping_status":"closed","sticky":false,"template":"","format":"standard","meta":{"footnotes":""},"categories":[3,16],"tags":[],"class_list":["post-1017","post","type-post","status-publish","format-standard","has-post-thumbnail","hentry","category-comitan","category-portada"],"_links":{"self":[{"href":"https:\/\/dc.diariodecomitan.com.mx\/index.php?rest_route=\/wp\/v2\/posts\/1017","targetHints":{"allow":["GET"]}}],"collection":[{"href":"https:\/\/dc.diariodecomitan.com.mx\/index.php?rest_route=\/wp\/v2\/posts"}],"about":[{"href":"https:\/\/dc.diariodecomitan.com.mx\/index.php?rest_route=\/wp\/v2\/types\/post"}],"author":[{"embeddable":true,"href":"https:\/\/dc.diariodecomitan.com.mx\/index.php?rest_route=\/wp\/v2\/users\/2"}],"replies":[{"embeddable":true,"href":"https:\/\/dc.diariodecomitan.com.mx\/index.php?rest_route=%2Fwp%2Fv2%2Fcomments&post=1017"}],"version-history":[{"count":1,"href":"https:\/\/dc.diariodecomitan.com.mx\/index.php?rest_route=\/wp\/v2\/posts\/1017\/revisions"}],"predecessor-version":[{"id":1021,"href":"https:\/\/dc.diariodecomitan.com.mx\/index.php?rest_route=\/wp\/v2\/posts\/1017\/revisions\/1021"}],"wp:featuredmedia":[{"embeddable":true,"href":"https:\/\/dc.diariodecomitan.com.mx\/index.php?rest_route=\/wp\/v2\/media\/1018"}],"wp:attachment":[{"href":"https:\/\/dc.diariodecomitan.com.mx\/index.php?rest_route=%2Fwp%2Fv2%2Fmedia&parent=1017"}],"wp:term":[{"taxonomy":"category","embeddable":true,"href":"https:\/\/dc.diariodecomitan.com.mx\/index.php?rest_route=%2Fwp%2Fv2%2Fcategories&post=1017"},{"taxonomy":"post_tag","embeddable":true,"href":"https:\/\/dc.diariodecomitan.com.mx\/index.php?rest_route=%2Fwp%2Fv2%2Ftags&post=1017"}],"curies":[{"name":"wp","href":"https:\/\/api.w.org\/{rel}","templated":true}]}}