{"id":1022,"date":"2025-03-21T13:52:03","date_gmt":"2025-03-21T19:52:03","guid":{"rendered":"https:\/\/dc.diariodecomitan.com.mx\/?p=1022"},"modified":"2025-03-21T13:52:04","modified_gmt":"2025-03-21T19:52:04","slug":"conocido-empresario-comiteco-al-amate","status":"publish","type":"post","link":"https:\/\/dc.diariodecomitan.com.mx\/?p=1022","title":{"rendered":"CONOCIDO EMPRESARIO COMITECO AL AMATE"},"content":{"rendered":"\n<p>\u2022 Se encontraba internado en un hospital de Villahermosa, Tabasco<br>\u2022 El il\u00edcito ocurri\u00f3 en Comit\u00e1n de Dom\u00ednguez<\/p>\n\n\n\n<p>La Fiscal\u00eda General del Estado y la Secretar\u00eda de Seguridad del Pueblo realizaron el traslado de Rafael \u201cN\u201d, al Centro Estatal para la Reinserci\u00f3n Social de Sentenciados No. 14 \u201cEl Amate\u201d; mismo que estaba detenido en Villahermosa, Tabasco, como presunto responsable del delito de violaci\u00f3n equiparada, por hechos ocurridos en Comit\u00e1n de Dom\u00ednguez.<\/p>\n\n\n\n<p>Durante su detenci\u00f3n, el 27 de febrero de 2025, Rafael \u201cN\u201d manifest\u00f3 sentirse mal de salud, por lo que fue canalizado a un hospital privado, quedando internado bajo custodia.<\/p>\n\n\n\n<p>Al ser dado de alta, fue trasladado en una ambulancia, con la asistencia de personal m\u00e9dico, al CERSS No. 14 en Cintalapa, Chiapas, quedando bajo resguardo de dicho Centro, donde se llevar\u00e1 a cabo la audiencia inicial.<\/p>\n\n\n\n<p>Con estas acciones, la Fiscal\u00eda General del Estado refrenda su compromiso de velar por los derechos de las mujeres, esclareciendo todos los hechos que le sean denunciados, garantizando Cero Impunidad.<\/p>\n","protected":false},"excerpt":{"rendered":"<p>\u2022 Se encontraba internado en un hospital de Villahermosa, Tabasco\u2022 El il\u00edcito ocurri\u00f3 en Comit\u00e1n de Dom\u00ednguez La Fiscal\u00eda General del Estado y la Secretar\u00eda de Seguridad del Pueblo realizaron&hellip; <\/p>\n","protected":false},"author":2,"featured_media":1023,"comment_status":"closed","ping_status":"closed","sticky":false,"template":"","format":"standard","meta":{"footnotes":""},"categories":[10,16],"tags":[],"class_list":["post-1022","post","type-post","status-publish","format-standard","has-post-thumbnail","hentry","category-policiaca","category-portada"],"_links":{"self":[{"href":"https:\/\/dc.diariodecomitan.com.mx\/index.php?rest_route=\/wp\/v2\/posts\/1022","targetHints":{"allow":["GET"]}}],"collection":[{"href":"https:\/\/dc.diariodecomitan.com.mx\/index.php?rest_route=\/wp\/v2\/posts"}],"about":[{"href":"https:\/\/dc.diariodecomitan.com.mx\/index.php?rest_route=\/wp\/v2\/types\/post"}],"author":[{"embeddable":true,"href":"https:\/\/dc.diariodecomitan.com.mx\/index.php?rest_route=\/wp\/v2\/users\/2"}],"replies":[{"embeddable":true,"href":"https:\/\/dc.diariodecomitan.com.mx\/index.php?rest_route=%2Fwp%2Fv2%2Fcomments&post=1022"}],"version-history":[{"count":1,"href":"https:\/\/dc.diariodecomitan.com.mx\/index.php?rest_route=\/wp\/v2\/posts\/1022\/revisions"}],"predecessor-version":[{"id":1024,"href":"https:\/\/dc.diariodecomitan.com.mx\/index.php?rest_route=\/wp\/v2\/posts\/1022\/revisions\/1024"}],"wp:featuredmedia":[{"embeddable":true,"href":"https:\/\/dc.diariodecomitan.com.mx\/index.php?rest_route=\/wp\/v2\/media\/1023"}],"wp:attachment":[{"href":"https:\/\/dc.diariodecomitan.com.mx\/index.php?rest_route=%2Fwp%2Fv2%2Fmedia&parent=1022"}],"wp:term":[{"taxonomy":"category","embeddable":true,"href":"https:\/\/dc.diariodecomitan.com.mx\/index.php?rest_route=%2Fwp%2Fv2%2Fcategories&post=1022"},{"taxonomy":"post_tag","embeddable":true,"href":"https:\/\/dc.diariodecomitan.com.mx\/index.php?rest_route=%2Fwp%2Fv2%2Ftags&post=1022"}],"curies":[{"name":"wp","href":"https:\/\/api.w.org\/{rel}","templated":true}]}}