{"id":10513,"date":"2025-08-29T22:56:47","date_gmt":"2025-08-30T04:56:47","guid":{"rendered":"https:\/\/dc.diariodecomitan.com.mx\/?p=10513"},"modified":"2025-08-31T20:27:37","modified_gmt":"2025-09-01T02:27:37","slug":"eduardo-ramirez-duplica-apoyos-a-pescadores-en-chiapas","status":"publish","type":"post","link":"https:\/\/dc.diariodecomitan.com.mx\/?p=10513","title":{"rendered":"EDUARDO RAM\u00cdREZ duplica APOYOS a PESCADORES en CHIAPAS"},"content":{"rendered":"\n<blockquote class=\"wp-block-quote is-layout-flow wp-block-quote-is-layout-flow\">\n<p><strong><em>Anuncia Eduardo Ram\u00edrez m\u00e1s apoyos a pescadores y creaci\u00f3n de la Secretar\u00eda de Pesca.<\/em><\/strong><\/p>\n<\/blockquote>\n\n\n\n<p><strong>Tuxtla Guti\u00e9rrez; 29\/Agosto\/2025.- <\/strong>El gobernador Eduardo Ram\u00edrez Aguilar encabez\u00f3 en Puerto Madero, Tapachula, la entrega de apoyos del programa Pesca por el Bienestar, donde subray\u00f3 que fortalecer este sector es una prioridad de su gobierno. Anunci\u00f3 que se duplicar\u00e1 el apoyo econ\u00f3mico que actualmente reciben las y los pescadores, adem\u00e1s de la entrega de kits con chaleco, br\u00fajula y luces de bengala, con el fin de impulsar la productividad y garantizar la seguridad de las familias dedicadas a esta actividad.<\/p>\n\n\n\n<p>\u201c<em>A partir de este bimestre, ustedes van a recibir el doble, van a tener m\u00e1s apoyos y luego voy a irme con las sociedades cooperativas y, en el trabajo conjunto, ustedes y nosotros, se los aseguro, su actividad econ\u00f3mica tendr\u00e1 un nuevo rostro. \u00a1Que vivan los pescadores de Chiapas!<\/em>\u201d, expres\u00f3 el mandatario, quien estuvo acompa\u00f1ado de su esposa, Sof\u00eda Espinoza Abarca, y de su hija, Grecia Ram\u00edrez Espinoza.<\/p>\n\n\n\n<figure class=\"wp-block-gallery has-nested-images columns-default is-cropped wp-block-gallery-1 is-layout-flex wp-block-gallery-is-layout-flex\">\n<figure class=\"wp-block-image size-large\"><img loading=\"lazy\" decoding=\"async\" width=\"1024\" height=\"682\" data-id=\"10515\" src=\"https:\/\/dc.diariodecomitan.com.mx\/wp-content\/uploads\/2025\/08\/1-9-1024x682.jpg\" alt=\"\" class=\"wp-image-10515\" srcset=\"https:\/\/dc.diariodecomitan.com.mx\/wp-content\/uploads\/2025\/08\/1-9-1024x682.jpg 1024w, https:\/\/dc.diariodecomitan.com.mx\/wp-content\/uploads\/2025\/08\/1-9-300x200.jpg 300w, https:\/\/dc.diariodecomitan.com.mx\/wp-content\/uploads\/2025\/08\/1-9-768x512.jpg 768w, https:\/\/dc.diariodecomitan.com.mx\/wp-content\/uploads\/2025\/08\/1-9-1536x1023.jpg 1536w, https:\/\/dc.diariodecomitan.com.mx\/wp-content\/uploads\/2025\/08\/1-9.jpg 1600w\" sizes=\"auto, (max-width: 1024px) 100vw, 1024px\" \/><\/figure>\n\n\n\n<figure class=\"wp-block-image size-large\"><img loading=\"lazy\" decoding=\"async\" width=\"1024\" height=\"682\" data-id=\"10516\" src=\"https:\/\/dc.diariodecomitan.com.mx\/wp-content\/uploads\/2025\/08\/2-6-1024x682.jpg\" alt=\"\" class=\"wp-image-10516\" srcset=\"https:\/\/dc.diariodecomitan.com.mx\/wp-content\/uploads\/2025\/08\/2-6-1024x682.jpg 1024w, https:\/\/dc.diariodecomitan.com.mx\/wp-content\/uploads\/2025\/08\/2-6-300x200.jpg 300w, https:\/\/dc.diariodecomitan.com.mx\/wp-content\/uploads\/2025\/08\/2-6-768x512.jpg 768w, https:\/\/dc.diariodecomitan.com.mx\/wp-content\/uploads\/2025\/08\/2-6-1536x1023.jpg 1536w, https:\/\/dc.diariodecomitan.com.mx\/wp-content\/uploads\/2025\/08\/2-6.jpg 1600w\" sizes=\"auto, (max-width: 1024px) 100vw, 1024px\" \/><\/figure>\n\n\n\n<figure class=\"wp-block-image size-large\"><img loading=\"lazy\" decoding=\"async\" width=\"1024\" height=\"682\" data-id=\"10517\" src=\"https:\/\/dc.diariodecomitan.com.mx\/wp-content\/uploads\/2025\/08\/5-3-1024x682.jpg\" alt=\"\" class=\"wp-image-10517\" srcset=\"https:\/\/dc.diariodecomitan.com.mx\/wp-content\/uploads\/2025\/08\/5-3-1024x682.jpg 1024w, https:\/\/dc.diariodecomitan.com.mx\/wp-content\/uploads\/2025\/08\/5-3-300x200.jpg 300w, https:\/\/dc.diariodecomitan.com.mx\/wp-content\/uploads\/2025\/08\/5-3-768x512.jpg 768w, https:\/\/dc.diariodecomitan.com.mx\/wp-content\/uploads\/2025\/08\/5-3-1536x1023.jpg 1536w, https:\/\/dc.diariodecomitan.com.mx\/wp-content\/uploads\/2025\/08\/5-3.jpg 1600w\" sizes=\"auto, (max-width: 1024px) 100vw, 1024px\" \/><\/figure>\n<\/figure>\n\n\n\n<p>Asimismo, reconoci\u00f3 que la pesca es un motor de la econom\u00eda en la Costa y el Soconusco, por lo que dio a conocer la creaci\u00f3n de la Secretar\u00eda de Pesca, que a partir del 1 de enero de 2026 tendr\u00e1 sede en esta regi\u00f3n, con el objetivo de garantizar mayor cercan\u00eda y atender de manera directa las necesidades del sector, en cumplimiento de uno de sus compromisos de ser un gobierno cercano.<\/p>\n\n\n\n<p>El gobernador tambi\u00e9n inform\u00f3 sobre la inversi\u00f3n en maquinaria especializada para realizar trabajos de dragado y mantener limpias todas las bocabarras, lo que traer\u00e1 mayores beneficios y un nuevo impulso al sector pesquero.<\/p>\n\n\n\n<p>Por su parte, la subsecretaria de Pesca y Acuacultura, Judith Torres Vera, destac\u00f3 que gracias a la pol\u00edtica humanista de esta administraci\u00f3n, el apoyo Pesca por el Bienestar pasar\u00e1 de 500 a mil pesos bimestrales, con el prop\u00f3sito de dignificar esta labor, fomentar una pr\u00e1ctica responsable y reactivar la econom\u00eda de las mujeres que tambi\u00e9n procesan productos del mar en los esteros.<\/p>\n\n\n<div class=\"wp-block-image\">\n<figure class=\"aligncenter size-large is-resized\"><img loading=\"lazy\" decoding=\"async\" width=\"1024\" height=\"619\" src=\"https:\/\/dc.diariodecomitan.com.mx\/wp-content\/uploads\/2025\/08\/FOTO-PRINCIPAL-001-26-1024x619.jpg\" alt=\"\" class=\"wp-image-10514\" style=\"width:720px;height:auto\" srcset=\"https:\/\/dc.diariodecomitan.com.mx\/wp-content\/uploads\/2025\/08\/FOTO-PRINCIPAL-001-26-1024x619.jpg 1024w, https:\/\/dc.diariodecomitan.com.mx\/wp-content\/uploads\/2025\/08\/FOTO-PRINCIPAL-001-26-300x181.jpg 300w, https:\/\/dc.diariodecomitan.com.mx\/wp-content\/uploads\/2025\/08\/FOTO-PRINCIPAL-001-26-768x464.jpg 768w, https:\/\/dc.diariodecomitan.com.mx\/wp-content\/uploads\/2025\/08\/FOTO-PRINCIPAL-001-26.jpg 1530w\" sizes=\"auto, (max-width: 1024px) 100vw, 1024px\" \/><\/figure>\n<\/div>\n\n\n<p>A su vez, el presidente municipal de Tapachula, Yamil Melgar Bravo, resalt\u00f3 que este programa no solo representa un respaldo econ\u00f3mico para las y los pescadores, sino tambi\u00e9n una herramienta para dignificar la actividad, reducir la vulnerabilidad en temporadas de veda, impulsar la organizaci\u00f3n comunitaria y promover una pesca sustentable.<\/p>\n\n\n\n<p>En representaci\u00f3n de las y los beneficiarios, el presidente de la Federaci\u00f3n de Sociedades Cooperativas Pesqueras y Acu\u00edcolas Pescadores de la Frontera Sur, Alfredo Sumoza Balanzar, reconoci\u00f3 el impulso del gobernador para fortalecer al sector y reiter\u00f3 su compromiso de continuar trabajando en conjunto por el bienestar com\u00fan, buscando un equilibrio entre la productividad y la conservaci\u00f3n de los ecosistemas marinos.<\/p>\n\n\n\n<p>Al evento asistieron el comandante interino de la VII Regi\u00f3n Militar, Alejandro Vargas Gonz\u00e1lez; el comandante de la 22 Zona Naval, Mart\u00edn Felipe de Jes\u00fas Santill\u00e1n Murillo; el magistrado presidente del Tribunal Superior de Justicia del Estado, Juan Carlos Moreno Guill\u00e9n; el secretario de Agricultura, Ganader\u00eda y Pesca, Marco Antonio Barba Arrocha; la diputada federal Rosa Irene Urbina Casta\u00f1eda; el diputado local Freddy Escobar S\u00e1nchez; entre otros.<\/p>\n","protected":false},"excerpt":{"rendered":"<p>Anuncia Eduardo Ram\u00edrez m\u00e1s apoyos a pescadores y creaci\u00f3n de la Secretar\u00eda de Pesca. Tuxtla Guti\u00e9rrez; 29\/Agosto\/2025.- El gobernador Eduardo Ram\u00edrez Aguilar encabez\u00f3 en Puerto Madero, Tapachula, la entrega de&hellip; <\/p>\n","protected":false},"author":2,"featured_media":10514,"comment_status":"closed","ping_status":"closed","sticky":false,"template":"","format":"standard","meta":{"footnotes":""},"categories":[15],"tags":[],"class_list":["post-10513","post","type-post","status-publish","format-standard","has-post-thumbnail","hentry","category-politica"],"_links":{"self":[{"href":"https:\/\/dc.diariodecomitan.com.mx\/index.php?rest_route=\/wp\/v2\/posts\/10513","targetHints":{"allow":["GET"]}}],"collection":[{"href":"https:\/\/dc.diariodecomitan.com.mx\/index.php?rest_route=\/wp\/v2\/posts"}],"about":[{"href":"https:\/\/dc.diariodecomitan.com.mx\/index.php?rest_route=\/wp\/v2\/types\/post"}],"author":[{"embeddable":true,"href":"https:\/\/dc.diariodecomitan.com.mx\/index.php?rest_route=\/wp\/v2\/users\/2"}],"replies":[{"embeddable":true,"href":"https:\/\/dc.diariodecomitan.com.mx\/index.php?rest_route=%2Fwp%2Fv2%2Fcomments&post=10513"}],"version-history":[{"count":1,"href":"https:\/\/dc.diariodecomitan.com.mx\/index.php?rest_route=\/wp\/v2\/posts\/10513\/revisions"}],"predecessor-version":[{"id":10518,"href":"https:\/\/dc.diariodecomitan.com.mx\/index.php?rest_route=\/wp\/v2\/posts\/10513\/revisions\/10518"}],"wp:featuredmedia":[{"embeddable":true,"href":"https:\/\/dc.diariodecomitan.com.mx\/index.php?rest_route=\/wp\/v2\/media\/10514"}],"wp:attachment":[{"href":"https:\/\/dc.diariodecomitan.com.mx\/index.php?rest_route=%2Fwp%2Fv2%2Fmedia&parent=10513"}],"wp:term":[{"taxonomy":"category","embeddable":true,"href":"https:\/\/dc.diariodecomitan.com.mx\/index.php?rest_route=%2Fwp%2Fv2%2Fcategories&post=10513"},{"taxonomy":"post_tag","embeddable":true,"href":"https:\/\/dc.diariodecomitan.com.mx\/index.php?rest_route=%2Fwp%2Fv2%2Ftags&post=10513"}],"curies":[{"name":"wp","href":"https:\/\/api.w.org\/{rel}","templated":true}]}}