{"id":10519,"date":"2025-08-29T23:06:15","date_gmt":"2025-08-30T05:06:15","guid":{"rendered":"https:\/\/dc.diariodecomitan.com.mx\/?p=10519"},"modified":"2025-08-29T23:06:18","modified_gmt":"2025-08-30T05:06:18","slug":"congreso-de-chiapas-fue-sede-del-bazar-penitenciario-con-causa","status":"publish","type":"post","link":"https:\/\/dc.diariodecomitan.com.mx\/?p=10519","title":{"rendered":"CONGRESO de CHIAPAS fue SEDE del \u201cBAZAR PENITENCIARIO con CAUSA\u201d"},"content":{"rendered":"\n<blockquote class=\"wp-block-quote is-layout-flow wp-block-quote-is-layout-flow\">\n<p><strong><em>Donativos y artesan\u00edas penitenciarias fortalecen los programas de reinserci\u00f3n social en Chiapas. Aliadas por la Paz y la SSP se suman a la iniciativa que promueve dignidad y bienestar.<\/em><\/strong><\/p>\n<\/blockquote>\n\n\n\n<p><strong>Tuxtla Guti\u00e9rrez; 29\/Agosto\/2025.- <\/strong>El Congreso del Estado a trav\u00e9s de la diputada Maritza Molina Molina y en coordinaci\u00f3n con el Voluntariado \u201cAliadas por la Paz y la Seguridad del Pueblo\u201d de la SSP llev\u00f3 a cabo el \u201cBazar Penitenciario con Causa\u201d, a beneficio de las mujeres privadas de su libertad.<\/p>\n\n\n<div class=\"wp-block-image\">\n<figure class=\"alignright size-large is-resized\"><img loading=\"lazy\" decoding=\"async\" width=\"1024\" height=\"684\" src=\"https:\/\/dc.diariodecomitan.com.mx\/wp-content\/uploads\/2025\/08\/3-3-1024x684.jpg\" alt=\"\" class=\"wp-image-10521\" style=\"width:364px;height:auto\" srcset=\"https:\/\/dc.diariodecomitan.com.mx\/wp-content\/uploads\/2025\/08\/3-3-1024x684.jpg 1024w, https:\/\/dc.diariodecomitan.com.mx\/wp-content\/uploads\/2025\/08\/3-3-300x200.jpg 300w, https:\/\/dc.diariodecomitan.com.mx\/wp-content\/uploads\/2025\/08\/3-3-768x513.jpg 768w, https:\/\/dc.diariodecomitan.com.mx\/wp-content\/uploads\/2025\/08\/3-3-1536x1025.jpg 1536w, https:\/\/dc.diariodecomitan.com.mx\/wp-content\/uploads\/2025\/08\/3-3.jpg 1600w\" sizes=\"auto, (max-width: 1024px) 100vw, 1024px\" \/><\/figure>\n<\/div>\n\n\n<p>En la presentaci\u00f3n del Bazar &#8211; realizado en el vest\u00edbulo de la Sede del Poder Legislativo- la diputada Maritza Molina Molina se\u00f1al\u00f3: \u201c<em>Hoy abrimos las puertas del Congreso del Estado al Bazar Penitenciario con Causa. Este espacio nos recuerda que la disciplina y el talento pueden transformar vidas: cada producto refleja la esperanza de mujeres privadas de su libertad que buscan una segunda oportunidad<\/em>\u201d.<\/p>\n\n\n\n<p>Indic\u00f3 que cada donativo realizado contribuye a fortalecer los programas de reinserci\u00f3n social, construyendo un Chiapas m\u00e1s seguro, solidario y humano. Las y los asistentes pudieron conocer y adquirir artesan\u00edas penitenciarias, elaboradas por mujeres en proceso de reinserci\u00f3n social.<\/p>\n\n\n<div class=\"wp-block-image\">\n<figure class=\"alignleft size-large is-resized\"><img loading=\"lazy\" decoding=\"async\" width=\"1024\" height=\"682\" src=\"https:\/\/dc.diariodecomitan.com.mx\/wp-content\/uploads\/2025\/08\/4-5-1024x682.jpg\" alt=\"\" class=\"wp-image-10522\" style=\"width:371px;height:auto\" srcset=\"https:\/\/dc.diariodecomitan.com.mx\/wp-content\/uploads\/2025\/08\/4-5-1024x682.jpg 1024w, https:\/\/dc.diariodecomitan.com.mx\/wp-content\/uploads\/2025\/08\/4-5-300x200.jpg 300w, https:\/\/dc.diariodecomitan.com.mx\/wp-content\/uploads\/2025\/08\/4-5-768x512.jpg 768w, https:\/\/dc.diariodecomitan.com.mx\/wp-content\/uploads\/2025\/08\/4-5.jpg 1280w\" sizes=\"auto, (max-width: 1024px) 100vw, 1024px\" \/><\/figure>\n<\/div>\n\n\n<p>Asimismo, se recibieron donativos de art\u00edculos de higiene personal y deportivos, entre ellos shampoo, jab\u00f3n de ba\u00f1o, pasta y cepillos dentales, desodorantes, detergente en polvo y toallas sanitarias, insumos que contribuir\u00e1n a mejorar sus condiciones de vida.<\/p>\n\n\n\n<p>Con estas acciones, el Congreso del Estado y la Secretar\u00eda de Seguridad del Pueblo fortalecen los programas de reinserci\u00f3n social, la dignidad humana y el bienestar de quienes m\u00e1s lo necesitan, trabajando de manera cercana y solidaria con la ciudadan\u00eda en&nbsp;esta&nbsp;Nueva&nbsp;ERA.<\/p>\n","protected":false},"excerpt":{"rendered":"<p>Donativos y artesan\u00edas penitenciarias fortalecen los programas de reinserci\u00f3n social en Chiapas. Aliadas por la Paz y la SSP se suman a la iniciativa que promueve dignidad y bienestar. Tuxtla&hellip; <\/p>\n","protected":false},"author":2,"featured_media":10520,"comment_status":"closed","ping_status":"closed","sticky":false,"template":"","format":"standard","meta":{"footnotes":""},"categories":[15],"tags":[],"class_list":["post-10519","post","type-post","status-publish","format-standard","has-post-thumbnail","hentry","category-politica"],"_links":{"self":[{"href":"https:\/\/dc.diariodecomitan.com.mx\/index.php?rest_route=\/wp\/v2\/posts\/10519","targetHints":{"allow":["GET"]}}],"collection":[{"href":"https:\/\/dc.diariodecomitan.com.mx\/index.php?rest_route=\/wp\/v2\/posts"}],"about":[{"href":"https:\/\/dc.diariodecomitan.com.mx\/index.php?rest_route=\/wp\/v2\/types\/post"}],"author":[{"embeddable":true,"href":"https:\/\/dc.diariodecomitan.com.mx\/index.php?rest_route=\/wp\/v2\/users\/2"}],"replies":[{"embeddable":true,"href":"https:\/\/dc.diariodecomitan.com.mx\/index.php?rest_route=%2Fwp%2Fv2%2Fcomments&post=10519"}],"version-history":[{"count":1,"href":"https:\/\/dc.diariodecomitan.com.mx\/index.php?rest_route=\/wp\/v2\/posts\/10519\/revisions"}],"predecessor-version":[{"id":10523,"href":"https:\/\/dc.diariodecomitan.com.mx\/index.php?rest_route=\/wp\/v2\/posts\/10519\/revisions\/10523"}],"wp:featuredmedia":[{"embeddable":true,"href":"https:\/\/dc.diariodecomitan.com.mx\/index.php?rest_route=\/wp\/v2\/media\/10520"}],"wp:attachment":[{"href":"https:\/\/dc.diariodecomitan.com.mx\/index.php?rest_route=%2Fwp%2Fv2%2Fmedia&parent=10519"}],"wp:term":[{"taxonomy":"category","embeddable":true,"href":"https:\/\/dc.diariodecomitan.com.mx\/index.php?rest_route=%2Fwp%2Fv2%2Fcategories&post=10519"},{"taxonomy":"post_tag","embeddable":true,"href":"https:\/\/dc.diariodecomitan.com.mx\/index.php?rest_route=%2Fwp%2Fv2%2Ftags&post=10519"}],"curies":[{"name":"wp","href":"https:\/\/api.w.org\/{rel}","templated":true}]}}