{"id":10524,"date":"2025-08-29T23:36:10","date_gmt":"2025-08-30T05:36:10","guid":{"rendered":"https:\/\/dc.diariodecomitan.com.mx\/?p=10524"},"modified":"2025-08-29T23:36:12","modified_gmt":"2025-08-30T05:36:12","slug":"trabajo-por-30-anos-en-la-secretaria-de-salud-con-documentos-falsos","status":"publish","type":"post","link":"https:\/\/dc.diariodecomitan.com.mx\/?p=10524","title":{"rendered":"TRABAJ\u00d3 por 30 A\u00d1OS en la SECRETAR\u00cdA de SALUD con DOCUMENTOS FALSOS"},"content":{"rendered":"\n<ul class=\"wp-block-list\">\n<li><strong>Falso Qu\u00edmico Farmacobi\u00f3logo oper\u00f3 en la Secretar\u00eda de Salud de Chiapas.<\/strong><\/li>\n\n\n\n<li><strong>Usurp\u00f3 profesi\u00f3n en Salud de Chiapas por d\u00e9cadas desde 1991.<\/strong><\/li>\n<\/ul>\n\n\n\n<p><strong>MDR<\/strong><\/p>\n\n\n\n<iframe loading=\"lazy\" src=\"https:\/\/www.facebook.com\/plugins\/video.php?height=316&#038;href=https%3A%2F%2Fwww.facebook.com%2Freel%2F2637319453279461%2F&#038;show_text=false&#038;width=560&#038;t=0\" width=\"560\" height=\"316\" style=\"border:none;overflow:hidden\" scrolling=\"no\" frameborder=\"0\" allowfullscreen=\"true\" allow=\"autoplay; clipboard-write; encrypted-media; picture-in-picture; web-share\" allowFullScreen=\"true\"><\/iframe>\n\n\n\n<p><strong>Tuxtla Guti\u00e9rrez; 29\/Agosto\/2025.-<\/strong> La Fiscal\u00eda General del Estado (FGE), en coordinaci\u00f3n con la Secretar\u00eda de Seguridad del Pueblo (SSP), aprehendi\u00f3 a Fernando \u201cN\u201d, se\u00f1alado como presunto responsable del delito de usurpaci\u00f3n de profesi\u00f3n en perjuicio de la Secretar\u00eda de Salud del Estado de Chiapas.<\/p>\n\n\n\n<p>De acuerdo con las investigaciones, el imputado logr\u00f3 incorporarse a la dependencia desde julio de 1991 tras presentar documentaci\u00f3n irregular ante la Subdirecci\u00f3n de Recursos Humanos, entre ellas una carta de pasante supuestamente expedida por la Benem\u00e9rita Universidad Aut\u00f3noma de Puebla.<\/p>\n\n\n\n<p>Posteriormente, en 1997, el ahora detenido present\u00f3 documentos ap\u00f3crifos, entre ellos una c\u00e9dula profesional y un t\u00edtulo de Qu\u00edmico Farmacobi\u00f3logo, con los cuales consigui\u00f3 el cargo de Jefe de Farmacia.<\/p>\n\n\n<div class=\"wp-block-image\">\n<figure class=\"aligncenter size-large is-resized\"><img loading=\"lazy\" decoding=\"async\" width=\"1024\" height=\"619\" src=\"https:\/\/dc.diariodecomitan.com.mx\/wp-content\/uploads\/2025\/08\/TRABAJO-por-30-ANOS-en-la-SECRETARIA-de-SALUD-001-1024x619.jpg\" alt=\"\" class=\"wp-image-10526\" style=\"width:742px;height:auto\" srcset=\"https:\/\/dc.diariodecomitan.com.mx\/wp-content\/uploads\/2025\/08\/TRABAJO-por-30-ANOS-en-la-SECRETARIA-de-SALUD-001-1024x619.jpg 1024w, https:\/\/dc.diariodecomitan.com.mx\/wp-content\/uploads\/2025\/08\/TRABAJO-por-30-ANOS-en-la-SECRETARIA-de-SALUD-001-300x181.jpg 300w, https:\/\/dc.diariodecomitan.com.mx\/wp-content\/uploads\/2025\/08\/TRABAJO-por-30-ANOS-en-la-SECRETARIA-de-SALUD-001-768x464.jpg 768w, https:\/\/dc.diariodecomitan.com.mx\/wp-content\/uploads\/2025\/08\/TRABAJO-por-30-ANOS-en-la-SECRETARIA-de-SALUD-001.jpg 1530w\" sizes=\"auto, (max-width: 1024px) 100vw, 1024px\" \/><\/figure>\n<\/div>\n\n\n<p>Gracias a esas acreditaciones falsas, Fernando \u201cN\u201d ejerci\u00f3 de manera indebida como m\u00e9dico en distintos periodos, espec\u00edficamente entre 2011 y 2015, as\u00ed como de 2017 a 2019. Durante ese tiempo percibi\u00f3 sueldos que ocasionaron un da\u00f1o patrimonial superior a un mill\u00f3n 400 mil pesos al Instituto de Salud y a la Secretar\u00eda de Salud estatal.<\/p>\n\n\n\n<p>El acusado fue puesto a disposici\u00f3n del Tribunal de Enjuiciamiento de los Distritos Judiciales de Tuxtla, Chiapa y Cintalapa, con sede en Chiapa de Corzo, instancia que definir\u00e1 su situaci\u00f3n jur\u00eddica en los pr\u00f3ximos d\u00edas.<\/p>\n\n\n\n<p>La Fiscal\u00eda General del Estado reiter\u00f3 su compromiso con la pol\u00edtica de \u201cCero Corrupci\u00f3n y Cero Impunidad\u201d, subrayando que cualquier persona que incurra en conductas il\u00edcitas ser\u00e1 presentada ante la justicia, sin importar el cargo que haya desempe\u00f1ado.<\/p>\n","protected":false},"excerpt":{"rendered":"<p>MDR Tuxtla Guti\u00e9rrez; 29\/Agosto\/2025.- La Fiscal\u00eda General del Estado (FGE), en coordinaci\u00f3n con la Secretar\u00eda de Seguridad del Pueblo (SSP), aprehendi\u00f3 a Fernando \u201cN\u201d, se\u00f1alado como presunto responsable del delito&hellip; <\/p>\n","protected":false},"author":2,"featured_media":10526,"comment_status":"closed","ping_status":"closed","sticky":false,"template":"","format":"standard","meta":{"footnotes":""},"categories":[16,30],"tags":[],"class_list":["post-10524","post","type-post","status-publish","format-standard","has-post-thumbnail","hentry","category-portada","category-video-reportajes"],"_links":{"self":[{"href":"https:\/\/dc.diariodecomitan.com.mx\/index.php?rest_route=\/wp\/v2\/posts\/10524","targetHints":{"allow":["GET"]}}],"collection":[{"href":"https:\/\/dc.diariodecomitan.com.mx\/index.php?rest_route=\/wp\/v2\/posts"}],"about":[{"href":"https:\/\/dc.diariodecomitan.com.mx\/index.php?rest_route=\/wp\/v2\/types\/post"}],"author":[{"embeddable":true,"href":"https:\/\/dc.diariodecomitan.com.mx\/index.php?rest_route=\/wp\/v2\/users\/2"}],"replies":[{"embeddable":true,"href":"https:\/\/dc.diariodecomitan.com.mx\/index.php?rest_route=%2Fwp%2Fv2%2Fcomments&post=10524"}],"version-history":[{"count":1,"href":"https:\/\/dc.diariodecomitan.com.mx\/index.php?rest_route=\/wp\/v2\/posts\/10524\/revisions"}],"predecessor-version":[{"id":10527,"href":"https:\/\/dc.diariodecomitan.com.mx\/index.php?rest_route=\/wp\/v2\/posts\/10524\/revisions\/10527"}],"wp:featuredmedia":[{"embeddable":true,"href":"https:\/\/dc.diariodecomitan.com.mx\/index.php?rest_route=\/wp\/v2\/media\/10526"}],"wp:attachment":[{"href":"https:\/\/dc.diariodecomitan.com.mx\/index.php?rest_route=%2Fwp%2Fv2%2Fmedia&parent=10524"}],"wp:term":[{"taxonomy":"category","embeddable":true,"href":"https:\/\/dc.diariodecomitan.com.mx\/index.php?rest_route=%2Fwp%2Fv2%2Fcategories&post=10524"},{"taxonomy":"post_tag","embeddable":true,"href":"https:\/\/dc.diariodecomitan.com.mx\/index.php?rest_route=%2Fwp%2Fv2%2Ftags&post=10524"}],"curies":[{"name":"wp","href":"https:\/\/api.w.org\/{rel}","templated":true}]}}