{"id":10528,"date":"2025-08-30T00:41:40","date_gmt":"2025-08-30T06:41:40","guid":{"rendered":"https:\/\/dc.diariodecomitan.com.mx\/?p=10528"},"modified":"2025-08-30T00:41:43","modified_gmt":"2025-08-30T06:41:43","slug":"otro-motociclista-que-pierde-la-vida","status":"publish","type":"post","link":"https:\/\/dc.diariodecomitan.com.mx\/?p=10528","title":{"rendered":"OTRO MOTOCICLISTA que PIERDE la VIDA"},"content":{"rendered":"\n<blockquote class=\"wp-block-quote is-layout-flow wp-block-quote-is-layout-flow\">\n<p><em><strong>El conductor, de 45 a\u00f1os, perdi\u00f3 el control de su motocicleta Yamaha R6 y se impact\u00f3 contra un \u00e1rbol en el libramiento sur de Tuxtla Guti\u00e9rrez.<\/strong> <strong>Segundo caso de accidente en moto en la semana.<\/strong><\/em><\/p>\n<\/blockquote>\n\n\n\n<p><strong>Tuxtla Guti\u00e9rrez; 29\/Agosto\/2025.-<\/strong> Un motociclista identificado como Adelfo \u201cN\u201d, de aproximadamente 45 a\u00f1os de edad, perdi\u00f3 la vida la ma\u00f1ana de este viernes tras sufrir un aparatoso accidente en el Libramiento Sur Poniente, a la altura del distribuidor vial conocido como \u201cLa Antorcha\u201d.<\/p>\n\n\n<div class=\"wp-block-image\">\n<figure class=\"alignright size-full is-resized\"><img loading=\"lazy\" decoding=\"async\" width=\"879\" height=\"642\" src=\"https:\/\/dc.diariodecomitan.com.mx\/wp-content\/uploads\/2025\/08\/541724296_1318102730323358_5681133705341975850_n.jpg\" alt=\"\" class=\"wp-image-10532\" style=\"width:361px;height:auto\" srcset=\"https:\/\/dc.diariodecomitan.com.mx\/wp-content\/uploads\/2025\/08\/541724296_1318102730323358_5681133705341975850_n.jpg 879w, https:\/\/dc.diariodecomitan.com.mx\/wp-content\/uploads\/2025\/08\/541724296_1318102730323358_5681133705341975850_n-300x219.jpg 300w, https:\/\/dc.diariodecomitan.com.mx\/wp-content\/uploads\/2025\/08\/541724296_1318102730323358_5681133705341975850_n-768x561.jpg 768w\" sizes=\"auto, (max-width: 879px) 100vw, 879px\" \/><\/figure>\n<\/div>\n\n\n<p>De acuerdo con los primeros reportes, el conductor circulaba en direcci\u00f3n poniente\u2013oriente a bordo de una motocicleta Yamaha R6 de alto cilindraje. Al tomar la curva del distribuidor, presuntamente a exceso de velocidad, perdi\u00f3 el control, golpe\u00f3 contra el camell\u00f3n central y fue proyectado contra un \u00e1rbol. El impacto le provoc\u00f3 una fuerte hemorragia, lo que ocasion\u00f3 su muerte casi inmediata.<\/p>\n\n\n\n<p>El hecho fue reportado alrededor de las 11:50 horas por otros motociclistas que transitaban por la zona. Param\u00e9dicos de la Cruz Roja arribaron al lugar, pero al realizar la valoraci\u00f3n confirmaron que la v\u00edctima ya no contaba con signos vitales. La motocicleta termin\u00f3 arrastr\u00e1ndose unos 10 metros m\u00e1s hasta impactarse contra la barrera de contenci\u00f3n.<\/p>\n\n\n<div class=\"wp-block-image\">\n<figure class=\"alignleft size-large is-resized\"><img loading=\"lazy\" decoding=\"async\" width=\"1024\" height=\"521\" src=\"https:\/\/dc.diariodecomitan.com.mx\/wp-content\/uploads\/2025\/08\/3-4-1024x521.jpg\" alt=\"\" class=\"wp-image-10531\" style=\"width:481px;height:auto\" srcset=\"https:\/\/dc.diariodecomitan.com.mx\/wp-content\/uploads\/2025\/08\/3-4-1024x521.jpg 1024w, https:\/\/dc.diariodecomitan.com.mx\/wp-content\/uploads\/2025\/08\/3-4-300x153.jpg 300w, https:\/\/dc.diariodecomitan.com.mx\/wp-content\/uploads\/2025\/08\/3-4-768x391.jpg 768w, https:\/\/dc.diariodecomitan.com.mx\/wp-content\/uploads\/2025\/08\/3-4-1536x782.jpg 1536w, https:\/\/dc.diariodecomitan.com.mx\/wp-content\/uploads\/2025\/08\/3-4.jpg 1919w\" sizes=\"auto, (max-width: 1024px) 100vw, 1024px\" \/><\/figure>\n<\/div>\n\n\n<p>El \u00e1rea fue acordonada por elementos de Tr\u00e1nsito Municipal, mientras peritos de la Direcci\u00f3n de Servicios Periciales realizaron el levantamiento del cuerpo y lo trasladaron al Servicio M\u00e9dico Forense. Una gr\u00faa se encarg\u00f3 posteriormente de retirar la unidad siniestrada.<\/p>\n\n\n\n<p>El coordinador de la Polic\u00eda de Tr\u00e1nsito Municipal, Luis Ernesto Mendoza Zambrano, record\u00f3 que apenas un d\u00eda antes una mujer perdi\u00f3 la vida en un choque entre motocicletas sobre el bulevar \u201c\u00c1ngel Albino Corzo\u201d. Se\u00f1al\u00f3 que, debido al periodo de tolerancia en la aplicaci\u00f3n de sanciones, algunos motociclistas han incumplido el reglamento de tr\u00e1nsito, lo que ha derivado en un aumento de accidentes fatales.<\/p>\n\n\n<div class=\"wp-block-image\">\n<figure class=\"alignright size-large is-resized\"><img loading=\"lazy\" decoding=\"async\" width=\"1024\" height=\"893\" src=\"https:\/\/dc.diariodecomitan.com.mx\/wp-content\/uploads\/2025\/08\/2-7-1024x893.jpg\" alt=\"\" class=\"wp-image-10530\" style=\"width:323px;height:auto\" srcset=\"https:\/\/dc.diariodecomitan.com.mx\/wp-content\/uploads\/2025\/08\/2-7-1024x893.jpg 1024w, https:\/\/dc.diariodecomitan.com.mx\/wp-content\/uploads\/2025\/08\/2-7-300x262.jpg 300w, https:\/\/dc.diariodecomitan.com.mx\/wp-content\/uploads\/2025\/08\/2-7-768x670.jpg 768w, https:\/\/dc.diariodecomitan.com.mx\/wp-content\/uploads\/2025\/08\/2-7.jpg 1206w\" sizes=\"auto, (max-width: 1024px) 100vw, 1024px\" \/><\/figure>\n<\/div>\n\n\n<p>\u201c<em>Algunas de las medidas eran que los motociclistas no circularan sobre los carriles de alta ni en los puentes de los libramientos, precisamente para evitar este tipo de tragedias. Sin embargo, al no haber sanciones, muchos siguen haciendo caso omiso y exponi\u00e9ndose a riesgos innecesarios<\/em>\u201d, declar\u00f3 el funcionario.<\/p>\n\n\n\n<p>Finalmente, Mendoza Zambrano exhort\u00f3 a los motociclistas a conducir con responsabilidad, respetar las normas de tr\u00e1nsito y evitar conductas temerarias que pongan en riesgo su vida y la de terceros.<\/p>\n","protected":false},"excerpt":{"rendered":"<p>El conductor, de 45 a\u00f1os, perdi\u00f3 el control de su motocicleta Yamaha R6 y se impact\u00f3 contra un \u00e1rbol en el libramiento sur de Tuxtla Guti\u00e9rrez. Segundo caso de accidente&hellip; <\/p>\n","protected":false},"author":2,"featured_media":10529,"comment_status":"closed","ping_status":"closed","sticky":false,"template":"","format":"standard","meta":{"footnotes":""},"categories":[10],"tags":[],"class_list":["post-10528","post","type-post","status-publish","format-standard","has-post-thumbnail","hentry","category-policiaca"],"_links":{"self":[{"href":"https:\/\/dc.diariodecomitan.com.mx\/index.php?rest_route=\/wp\/v2\/posts\/10528","targetHints":{"allow":["GET"]}}],"collection":[{"href":"https:\/\/dc.diariodecomitan.com.mx\/index.php?rest_route=\/wp\/v2\/posts"}],"about":[{"href":"https:\/\/dc.diariodecomitan.com.mx\/index.php?rest_route=\/wp\/v2\/types\/post"}],"author":[{"embeddable":true,"href":"https:\/\/dc.diariodecomitan.com.mx\/index.php?rest_route=\/wp\/v2\/users\/2"}],"replies":[{"embeddable":true,"href":"https:\/\/dc.diariodecomitan.com.mx\/index.php?rest_route=%2Fwp%2Fv2%2Fcomments&post=10528"}],"version-history":[{"count":1,"href":"https:\/\/dc.diariodecomitan.com.mx\/index.php?rest_route=\/wp\/v2\/posts\/10528\/revisions"}],"predecessor-version":[{"id":10533,"href":"https:\/\/dc.diariodecomitan.com.mx\/index.php?rest_route=\/wp\/v2\/posts\/10528\/revisions\/10533"}],"wp:featuredmedia":[{"embeddable":true,"href":"https:\/\/dc.diariodecomitan.com.mx\/index.php?rest_route=\/wp\/v2\/media\/10529"}],"wp:attachment":[{"href":"https:\/\/dc.diariodecomitan.com.mx\/index.php?rest_route=%2Fwp%2Fv2%2Fmedia&parent=10528"}],"wp:term":[{"taxonomy":"category","embeddable":true,"href":"https:\/\/dc.diariodecomitan.com.mx\/index.php?rest_route=%2Fwp%2Fv2%2Fcategories&post=10528"},{"taxonomy":"post_tag","embeddable":true,"href":"https:\/\/dc.diariodecomitan.com.mx\/index.php?rest_route=%2Fwp%2Fv2%2Ftags&post=10528"}],"curies":[{"name":"wp","href":"https:\/\/api.w.org\/{rel}","templated":true}]}}