{"id":11688,"date":"2025-09-17T13:40:48","date_gmt":"2025-09-17T19:40:48","guid":{"rendered":"https:\/\/dc.diariodecomitan.com.mx\/?p=11688"},"modified":"2025-09-17T13:40:50","modified_gmt":"2025-09-17T19:40:50","slug":"el-progreso-sigue-avanzando-en-infraestructura","status":"publish","type":"post","link":"https:\/\/dc.diariodecomitan.com.mx\/?p=11688","title":{"rendered":"El Progreso sigue avanzando en infraestructura"},"content":{"rendered":"\n<p><strong><em>Denis Sol\u00eds dio banderazo de inicio de pavimentaci\u00f3n de calles en esta localidad<\/em><\/strong><\/p>\n\n\n\n<p>La Trinitaria, Chiapas; 17\/Septiembre\/2025. Para brindar mejores condiciones de vida a la comunidad, Denis Sol\u00eds Alvarado, presidente municipal de La Trinitaria, dio el banderazo de inicio de pavimentaci\u00f3n de calles en El Progreso, donde los habitantes recibieron a las autoridades agradecidos por esta obra que pronto ser\u00e1 realidad.<\/p>\n\n\n<div class=\"wp-block-image\">\n<figure class=\"aligncenter size-large\"><img loading=\"lazy\" decoding=\"async\" width=\"1024\" height=\"617\" src=\"https:\/\/dc.diariodecomitan.com.mx\/wp-content\/uploads\/2025\/09\/c9c9a2b1-c160-44e1-a951-6e21f313e947-1024x617.jpeg\" alt=\"\" class=\"wp-image-11689\" srcset=\"https:\/\/dc.diariodecomitan.com.mx\/wp-content\/uploads\/2025\/09\/c9c9a2b1-c160-44e1-a951-6e21f313e947-1024x617.jpeg 1024w, https:\/\/dc.diariodecomitan.com.mx\/wp-content\/uploads\/2025\/09\/c9c9a2b1-c160-44e1-a951-6e21f313e947-300x181.jpeg 300w, https:\/\/dc.diariodecomitan.com.mx\/wp-content\/uploads\/2025\/09\/c9c9a2b1-c160-44e1-a951-6e21f313e947-768x463.jpeg 768w, https:\/\/dc.diariodecomitan.com.mx\/wp-content\/uploads\/2025\/09\/c9c9a2b1-c160-44e1-a951-6e21f313e947.jpeg 1497w\" sizes=\"auto, (max-width: 1024px) 100vw, 1024px\" \/><\/figure>\n<\/div>\n\n\n<p>Ser\u00e1n m\u00e1s de 355 metros en una primera etapa los que se pavimentar\u00e1n, abarcando v\u00edas que comunican a lugares como escuelas, centros de reuni\u00f3n, entre otros espacios de uso masivo. Cabe mencionar que est\u00e1 acci\u00f3n fue determinada a trav\u00e9s de la asamblea ejidal, la que, mediante un comit\u00e9 de obra, dar\u00e1 seguimiento y supervisi\u00f3n en conjunto con el Ayuntamiento.<\/p>\n\n\n<div class=\"wp-block-image\">\n<figure class=\"aligncenter size-large\"><img loading=\"lazy\" decoding=\"async\" width=\"1024\" height=\"683\" src=\"https:\/\/dc.diariodecomitan.com.mx\/wp-content\/uploads\/2025\/09\/02b652dc-26b6-491c-8e74-aff519f15d4d-1024x683.jpeg\" alt=\"\" class=\"wp-image-11690\" srcset=\"https:\/\/dc.diariodecomitan.com.mx\/wp-content\/uploads\/2025\/09\/02b652dc-26b6-491c-8e74-aff519f15d4d-1024x683.jpeg 1024w, https:\/\/dc.diariodecomitan.com.mx\/wp-content\/uploads\/2025\/09\/02b652dc-26b6-491c-8e74-aff519f15d4d-300x200.jpeg 300w, https:\/\/dc.diariodecomitan.com.mx\/wp-content\/uploads\/2025\/09\/02b652dc-26b6-491c-8e74-aff519f15d4d-768x512.jpeg 768w, https:\/\/dc.diariodecomitan.com.mx\/wp-content\/uploads\/2025\/09\/02b652dc-26b6-491c-8e74-aff519f15d4d-1536x1024.jpeg 1536w, https:\/\/dc.diariodecomitan.com.mx\/wp-content\/uploads\/2025\/09\/02b652dc-26b6-491c-8e74-aff519f15d4d.jpeg 1599w\" sizes=\"auto, (max-width: 1024px) 100vw, 1024px\" \/><\/figure>\n<\/div>\n\n\n<p>Ante la presencia de Denis Sol\u00eds, los lugare\u00f1os expresaron otras necesidades que tiene la localidad, las cuales gestionar\u00e1n de la mano autoridades municipales y ejidales ante las instancias correspondientes, enfatizando en los buenos resultados que propicia el trabajo coordinado.<\/p>\n\n\n\n<p>&nbsp;Acompa\u00f1aron a Sol\u00eds Alvarado en este banderazo, integrantes de Cabildo, directores de \u00e1reas, autoridades ejidales, invitados especiales y pobladores de El Progreso.<\/p>\n\n\n<div class=\"wp-block-image\">\n<figure class=\"aligncenter size-large\"><img loading=\"lazy\" decoding=\"async\" width=\"1024\" height=\"683\" src=\"https:\/\/dc.diariodecomitan.com.mx\/wp-content\/uploads\/2025\/09\/34527427-ac10-4c98-903d-d28518435309-1024x683.jpeg\" alt=\"\" class=\"wp-image-11691\" srcset=\"https:\/\/dc.diariodecomitan.com.mx\/wp-content\/uploads\/2025\/09\/34527427-ac10-4c98-903d-d28518435309-1024x683.jpeg 1024w, https:\/\/dc.diariodecomitan.com.mx\/wp-content\/uploads\/2025\/09\/34527427-ac10-4c98-903d-d28518435309-300x200.jpeg 300w, https:\/\/dc.diariodecomitan.com.mx\/wp-content\/uploads\/2025\/09\/34527427-ac10-4c98-903d-d28518435309-768x512.jpeg 768w, https:\/\/dc.diariodecomitan.com.mx\/wp-content\/uploads\/2025\/09\/34527427-ac10-4c98-903d-d28518435309-1536x1024.jpeg 1536w, https:\/\/dc.diariodecomitan.com.mx\/wp-content\/uploads\/2025\/09\/34527427-ac10-4c98-903d-d28518435309.jpeg 1599w\" sizes=\"auto, (max-width: 1024px) 100vw, 1024px\" \/><\/figure>\n<\/div>","protected":false},"excerpt":{"rendered":"<p>Denis Sol\u00eds dio banderazo de inicio de pavimentaci\u00f3n de calles en esta localidad La Trinitaria, Chiapas; 17\/Septiembre\/2025. Para brindar mejores condiciones de vida a la comunidad, Denis Sol\u00eds Alvarado, presidente&hellip; <\/p>\n","protected":false},"author":2,"featured_media":11692,"comment_status":"closed","ping_status":"closed","sticky":false,"template":"","format":"standard","meta":{"footnotes":""},"categories":[17],"tags":[],"class_list":["post-11688","post","type-post","status-publish","format-standard","has-post-thumbnail","hentry","category-municipios"],"_links":{"self":[{"href":"https:\/\/dc.diariodecomitan.com.mx\/index.php?rest_route=\/wp\/v2\/posts\/11688","targetHints":{"allow":["GET"]}}],"collection":[{"href":"https:\/\/dc.diariodecomitan.com.mx\/index.php?rest_route=\/wp\/v2\/posts"}],"about":[{"href":"https:\/\/dc.diariodecomitan.com.mx\/index.php?rest_route=\/wp\/v2\/types\/post"}],"author":[{"embeddable":true,"href":"https:\/\/dc.diariodecomitan.com.mx\/index.php?rest_route=\/wp\/v2\/users\/2"}],"replies":[{"embeddable":true,"href":"https:\/\/dc.diariodecomitan.com.mx\/index.php?rest_route=%2Fwp%2Fv2%2Fcomments&post=11688"}],"version-history":[{"count":1,"href":"https:\/\/dc.diariodecomitan.com.mx\/index.php?rest_route=\/wp\/v2\/posts\/11688\/revisions"}],"predecessor-version":[{"id":11693,"href":"https:\/\/dc.diariodecomitan.com.mx\/index.php?rest_route=\/wp\/v2\/posts\/11688\/revisions\/11693"}],"wp:featuredmedia":[{"embeddable":true,"href":"https:\/\/dc.diariodecomitan.com.mx\/index.php?rest_route=\/wp\/v2\/media\/11692"}],"wp:attachment":[{"href":"https:\/\/dc.diariodecomitan.com.mx\/index.php?rest_route=%2Fwp%2Fv2%2Fmedia&parent=11688"}],"wp:term":[{"taxonomy":"category","embeddable":true,"href":"https:\/\/dc.diariodecomitan.com.mx\/index.php?rest_route=%2Fwp%2Fv2%2Fcategories&post=11688"},{"taxonomy":"post_tag","embeddable":true,"href":"https:\/\/dc.diariodecomitan.com.mx\/index.php?rest_route=%2Fwp%2Fv2%2Ftags&post=11688"}],"curies":[{"name":"wp","href":"https:\/\/api.w.org\/{rel}","templated":true}]}}