{"id":11700,"date":"2025-09-17T18:28:15","date_gmt":"2025-09-18T00:28:15","guid":{"rendered":"https:\/\/dc.diariodecomitan.com.mx\/?p=11700"},"modified":"2025-09-17T18:28:17","modified_gmt":"2025-09-18T00:28:17","slug":"aparatosa-carambola-en-la-entrada-de-comitan-deja-miles-de-pesos-en-danos-y-dos-lesionados","status":"publish","type":"post","link":"https:\/\/dc.diariodecomitan.com.mx\/?p=11700","title":{"rendered":"APARATOSA CARAMBOLA EN LA ENTRADA DE COMIT\u00c1N DEJA MILES DE PESOS EN DA\u00d1OS Y DOS LESIONADOS"},"content":{"rendered":"\n<p><strong>No\u00e9 Pinto<\/strong><\/p>\n\n\n\n<p><strong>Comit\u00e1n, Chiapas; 17\/SEPTIEMBRE\/2025.- <\/strong>Una aparatosa carambola ocurrida la tarde de este mi\u00e9rcoles en la entrada de Comit\u00e1n dej\u00f3 como saldo cuantiosos da\u00f1os materiales y al menos dos personas lesionadas, una de ellas de gravedad.<\/p>\n\n\n<div class=\"wp-block-image\">\n<figure class=\"aligncenter size-large\"><img loading=\"lazy\" decoding=\"async\" width=\"1024\" height=\"768\" src=\"https:\/\/dc.diariodecomitan.com.mx\/wp-content\/uploads\/2025\/09\/ae213e77-d393-421f-923b-7ce5219a5e0c-1024x768.jpeg\" alt=\"\" class=\"wp-image-11701\" srcset=\"https:\/\/dc.diariodecomitan.com.mx\/wp-content\/uploads\/2025\/09\/ae213e77-d393-421f-923b-7ce5219a5e0c-1024x768.jpeg 1024w, https:\/\/dc.diariodecomitan.com.mx\/wp-content\/uploads\/2025\/09\/ae213e77-d393-421f-923b-7ce5219a5e0c-300x225.jpeg 300w, https:\/\/dc.diariodecomitan.com.mx\/wp-content\/uploads\/2025\/09\/ae213e77-d393-421f-923b-7ce5219a5e0c-768x576.jpeg 768w, https:\/\/dc.diariodecomitan.com.mx\/wp-content\/uploads\/2025\/09\/ae213e77-d393-421f-923b-7ce5219a5e0c-1536x1152.jpeg 1536w, https:\/\/dc.diariodecomitan.com.mx\/wp-content\/uploads\/2025\/09\/ae213e77-d393-421f-923b-7ce5219a5e0c.jpeg 1600w\" sizes=\"auto, (max-width: 1024px) 100vw, 1024px\" \/><\/figure>\n<\/div>\n\n\n<p>En el accidente se vieron involucrados tres veh\u00edculos: dos camionetas y un autom\u00f3vil Jetta de color rojo, los cuales resultaron con severos da\u00f1os.<\/p>\n\n\n<div class=\"wp-block-image\">\n<figure class=\"aligncenter size-large\"><img loading=\"lazy\" decoding=\"async\" width=\"1024\" height=\"768\" src=\"https:\/\/dc.diariodecomitan.com.mx\/wp-content\/uploads\/2025\/09\/4744dc20-ba6d-4660-b234-c5922b2fafaa-1024x768.jpeg\" alt=\"\" class=\"wp-image-11702\" srcset=\"https:\/\/dc.diariodecomitan.com.mx\/wp-content\/uploads\/2025\/09\/4744dc20-ba6d-4660-b234-c5922b2fafaa-1024x768.jpeg 1024w, https:\/\/dc.diariodecomitan.com.mx\/wp-content\/uploads\/2025\/09\/4744dc20-ba6d-4660-b234-c5922b2fafaa-300x225.jpeg 300w, https:\/\/dc.diariodecomitan.com.mx\/wp-content\/uploads\/2025\/09\/4744dc20-ba6d-4660-b234-c5922b2fafaa-768x576.jpeg 768w, https:\/\/dc.diariodecomitan.com.mx\/wp-content\/uploads\/2025\/09\/4744dc20-ba6d-4660-b234-c5922b2fafaa-1536x1152.jpeg 1536w, https:\/\/dc.diariodecomitan.com.mx\/wp-content\/uploads\/2025\/09\/4744dc20-ba6d-4660-b234-c5922b2fafaa.jpeg 1600w\" sizes=\"auto, (max-width: 1024px) 100vw, 1024px\" \/><\/figure>\n<\/div>\n\n\n<p>Param\u00e9dicos de la Cruz Roja Mexicana trasladaron de urgencia al lesionado grave al Hospital General, mientras que personal de Protecci\u00f3n Civil valoraba a los dem\u00e1s ocupantes de las unidades siniestradas.<\/p>\n\n\n\n<p>Elementos de la Guardia Nacional se espera su arribo al lugar para realizar el peritaje correspondiente y determinar la responsabilidad de los conductores. En tanto, polic\u00edas municipales y estatales trabajaron en la zona para agilizar la circulaci\u00f3n, ya que los veh\u00edculos accidentados obstru\u00edan parte de la v\u00eda.<\/p>\n\n\n\n<p>Se recomienda a los automovilistas extremar precauciones al circular por este tramo.<\/p>\n\n\n<div class=\"wp-block-image\">\n<figure class=\"aligncenter size-large\"><img loading=\"lazy\" decoding=\"async\" width=\"1024\" height=\"768\" src=\"https:\/\/dc.diariodecomitan.com.mx\/wp-content\/uploads\/2025\/09\/091da0fb-eaa7-4bfd-9540-1b444273d364-1024x768.jpeg\" alt=\"\" class=\"wp-image-11703\" srcset=\"https:\/\/dc.diariodecomitan.com.mx\/wp-content\/uploads\/2025\/09\/091da0fb-eaa7-4bfd-9540-1b444273d364-1024x768.jpeg 1024w, https:\/\/dc.diariodecomitan.com.mx\/wp-content\/uploads\/2025\/09\/091da0fb-eaa7-4bfd-9540-1b444273d364-300x225.jpeg 300w, https:\/\/dc.diariodecomitan.com.mx\/wp-content\/uploads\/2025\/09\/091da0fb-eaa7-4bfd-9540-1b444273d364-768x576.jpeg 768w, https:\/\/dc.diariodecomitan.com.mx\/wp-content\/uploads\/2025\/09\/091da0fb-eaa7-4bfd-9540-1b444273d364-1536x1152.jpeg 1536w, https:\/\/dc.diariodecomitan.com.mx\/wp-content\/uploads\/2025\/09\/091da0fb-eaa7-4bfd-9540-1b444273d364.jpeg 1600w\" sizes=\"auto, (max-width: 1024px) 100vw, 1024px\" \/><\/figure>\n<\/div>","protected":false},"excerpt":{"rendered":"<p>No\u00e9 Pinto Comit\u00e1n, Chiapas; 17\/SEPTIEMBRE\/2025.- Una aparatosa carambola ocurrida la tarde de este mi\u00e9rcoles en la entrada de Comit\u00e1n dej\u00f3 como saldo cuantiosos da\u00f1os materiales y al menos dos personas&hellip; <\/p>\n","protected":false},"author":2,"featured_media":11704,"comment_status":"closed","ping_status":"closed","sticky":false,"template":"","format":"standard","meta":{"footnotes":""},"categories":[3,10,16],"tags":[],"class_list":["post-11700","post","type-post","status-publish","format-standard","has-post-thumbnail","hentry","category-comitan","category-policiaca","category-portada"],"_links":{"self":[{"href":"https:\/\/dc.diariodecomitan.com.mx\/index.php?rest_route=\/wp\/v2\/posts\/11700","targetHints":{"allow":["GET"]}}],"collection":[{"href":"https:\/\/dc.diariodecomitan.com.mx\/index.php?rest_route=\/wp\/v2\/posts"}],"about":[{"href":"https:\/\/dc.diariodecomitan.com.mx\/index.php?rest_route=\/wp\/v2\/types\/post"}],"author":[{"embeddable":true,"href":"https:\/\/dc.diariodecomitan.com.mx\/index.php?rest_route=\/wp\/v2\/users\/2"}],"replies":[{"embeddable":true,"href":"https:\/\/dc.diariodecomitan.com.mx\/index.php?rest_route=%2Fwp%2Fv2%2Fcomments&post=11700"}],"version-history":[{"count":1,"href":"https:\/\/dc.diariodecomitan.com.mx\/index.php?rest_route=\/wp\/v2\/posts\/11700\/revisions"}],"predecessor-version":[{"id":11705,"href":"https:\/\/dc.diariodecomitan.com.mx\/index.php?rest_route=\/wp\/v2\/posts\/11700\/revisions\/11705"}],"wp:featuredmedia":[{"embeddable":true,"href":"https:\/\/dc.diariodecomitan.com.mx\/index.php?rest_route=\/wp\/v2\/media\/11704"}],"wp:attachment":[{"href":"https:\/\/dc.diariodecomitan.com.mx\/index.php?rest_route=%2Fwp%2Fv2%2Fmedia&parent=11700"}],"wp:term":[{"taxonomy":"category","embeddable":true,"href":"https:\/\/dc.diariodecomitan.com.mx\/index.php?rest_route=%2Fwp%2Fv2%2Fcategories&post=11700"},{"taxonomy":"post_tag","embeddable":true,"href":"https:\/\/dc.diariodecomitan.com.mx\/index.php?rest_route=%2Fwp%2Fv2%2Ftags&post=11700"}],"curies":[{"name":"wp","href":"https:\/\/api.w.org\/{rel}","templated":true}]}}