{"id":12208,"date":"2025-09-25T01:20:24","date_gmt":"2025-09-25T07:20:24","guid":{"rendered":"https:\/\/dc.diariodecomitan.com.mx\/?p=12208"},"modified":"2025-09-25T01:20:27","modified_gmt":"2025-09-25T07:20:27","slug":"atropellan-a-pareja-de-motociclistas","status":"publish","type":"post","link":"https:\/\/dc.diariodecomitan.com.mx\/?p=12208","title":{"rendered":"ATROPELLAN a PAREJA de MOTOCICLISTAS"},"content":{"rendered":"\n<blockquote class=\"wp-block-quote is-layout-flow wp-block-quote-is-layout-flow\">\n<p><strong><em>Mujer resulta lesionada tras accidente vehicular en el bulevar Belisario Dom\u00ednguez.<\/em><\/strong><\/p>\n<\/blockquote>\n\n\n\n<p><strong>Daniel Jim\u00e9nez.<\/strong><\/p>\n\n\n\n<p><strong>Comit\u00e1n de Dom\u00ednguez; 25\/Septiembre\/2025.-<\/strong> Una mujer de aproximadamente 25 a\u00f1os, result\u00f3 con heridas de diversa consideraci\u00f3n luego de que la motocicleta en la que viajaba fuera impactada por un veh\u00edculo cuyo conductor se dio a la fuga.<\/p>\n\n\n\n<p>El incidente ocurri\u00f3 sobre el Bulevar \u201cDoctor Belisario Dom\u00ednguez\u201d, a la altura del acceso a la colonia Miguel Alem\u00e1n, cuando el presunto exceso de velocidad de un autom\u00f3vil tipo Sed\u00e1n impidi\u00f3 que su conductor frenara a tiempo, provocando un choque por alcance contra una motocicleta marca Italika, tipo D150, color negro, en la que viajaba una pareja.<\/p>\n\n\n<div class=\"wp-block-image\">\n<figure class=\"alignright size-large is-resized\"><img loading=\"lazy\" decoding=\"async\" width=\"1024\" height=\"619\" src=\"https:\/\/dc.diariodecomitan.com.mx\/wp-content\/uploads\/2025\/09\/processed-3EBA3C49-4F27-416E-B4A7-F25C7B4B066F-001-1024x619.jpeg\" alt=\"\" class=\"wp-image-12209\" style=\"width:423px;height:auto\" srcset=\"https:\/\/dc.diariodecomitan.com.mx\/wp-content\/uploads\/2025\/09\/processed-3EBA3C49-4F27-416E-B4A7-F25C7B4B066F-001-1024x619.jpeg 1024w, https:\/\/dc.diariodecomitan.com.mx\/wp-content\/uploads\/2025\/09\/processed-3EBA3C49-4F27-416E-B4A7-F25C7B4B066F-001-300x181.jpeg 300w, https:\/\/dc.diariodecomitan.com.mx\/wp-content\/uploads\/2025\/09\/processed-3EBA3C49-4F27-416E-B4A7-F25C7B4B066F-001-768x464.jpeg 768w, https:\/\/dc.diariodecomitan.com.mx\/wp-content\/uploads\/2025\/09\/processed-3EBA3C49-4F27-416E-B4A7-F25C7B4B066F-001.jpeg 1530w\" sizes=\"auto, (max-width: 1024px) 100vw, 1024px\" \/><\/figure>\n<\/div>\n\n\n<p>Tras el impacto, tanto el motociclista como su acompa\u00f1ante quedaron en el suelo, siendo auxiliados inicialmente por automovilistas que se encontraban en el lugar, quienes tambi\u00e9n dieron aviso a los servicios de emergencia. Minutos despu\u00e9s arribaron socorristas de Protecci\u00f3n Civil, quienes brindaron atenci\u00f3n a los lesionados; afortunadamente, ninguno present\u00f3 heridas de gravedad.<\/p>\n\n\n\n<p>Agentes de la Guardia Nacional acudieron al lugar para tomar conocimiento del accidente e iniciar las investigaciones correspondientes, mientras el conductor responsable contin\u00faa pr\u00f3fugo.<\/p>\n","protected":false},"excerpt":{"rendered":"<p>Mujer resulta lesionada tras accidente vehicular en el bulevar Belisario Dom\u00ednguez. Daniel Jim\u00e9nez. Comit\u00e1n de Dom\u00ednguez; 25\/Septiembre\/2025.- Una mujer de aproximadamente 25 a\u00f1os, result\u00f3 con heridas de diversa consideraci\u00f3n luego&hellip; <\/p>\n","protected":false},"author":2,"featured_media":12209,"comment_status":"closed","ping_status":"closed","sticky":false,"template":"","format":"standard","meta":{"footnotes":""},"categories":[10],"tags":[],"class_list":["post-12208","post","type-post","status-publish","format-standard","has-post-thumbnail","hentry","category-policiaca"],"_links":{"self":[{"href":"https:\/\/dc.diariodecomitan.com.mx\/index.php?rest_route=\/wp\/v2\/posts\/12208","targetHints":{"allow":["GET"]}}],"collection":[{"href":"https:\/\/dc.diariodecomitan.com.mx\/index.php?rest_route=\/wp\/v2\/posts"}],"about":[{"href":"https:\/\/dc.diariodecomitan.com.mx\/index.php?rest_route=\/wp\/v2\/types\/post"}],"author":[{"embeddable":true,"href":"https:\/\/dc.diariodecomitan.com.mx\/index.php?rest_route=\/wp\/v2\/users\/2"}],"replies":[{"embeddable":true,"href":"https:\/\/dc.diariodecomitan.com.mx\/index.php?rest_route=%2Fwp%2Fv2%2Fcomments&post=12208"}],"version-history":[{"count":1,"href":"https:\/\/dc.diariodecomitan.com.mx\/index.php?rest_route=\/wp\/v2\/posts\/12208\/revisions"}],"predecessor-version":[{"id":12210,"href":"https:\/\/dc.diariodecomitan.com.mx\/index.php?rest_route=\/wp\/v2\/posts\/12208\/revisions\/12210"}],"wp:featuredmedia":[{"embeddable":true,"href":"https:\/\/dc.diariodecomitan.com.mx\/index.php?rest_route=\/wp\/v2\/media\/12209"}],"wp:attachment":[{"href":"https:\/\/dc.diariodecomitan.com.mx\/index.php?rest_route=%2Fwp%2Fv2%2Fmedia&parent=12208"}],"wp:term":[{"taxonomy":"category","embeddable":true,"href":"https:\/\/dc.diariodecomitan.com.mx\/index.php?rest_route=%2Fwp%2Fv2%2Fcategories&post=12208"},{"taxonomy":"post_tag","embeddable":true,"href":"https:\/\/dc.diariodecomitan.com.mx\/index.php?rest_route=%2Fwp%2Fv2%2Ftags&post=12208"}],"curies":[{"name":"wp","href":"https:\/\/api.w.org\/{rel}","templated":true}]}}