{"id":12225,"date":"2025-09-25T12:10:38","date_gmt":"2025-09-25T18:10:38","guid":{"rendered":"https:\/\/dc.diariodecomitan.com.mx\/?p=12225"},"modified":"2025-09-25T12:10:40","modified_gmt":"2025-09-25T18:10:40","slug":"autoridades-de-chiapas-y-veracruz-aprehenden-a-presunto-secuestrador-fge","status":"publish","type":"post","link":"https:\/\/dc.diariodecomitan.com.mx\/?p=12225","title":{"rendered":"Autoridades de Chiapas y Veracruz aprehenden a presunto secuestrador: FGE"},"content":{"rendered":"\n<p><strong>Tuxtla Guti\u00e9rrez, Chiapas; 25\/SEPTIEMBRE\/2025<\/strong>.- La Fiscal\u00eda General del Estado de Chiapas y la Secretar\u00eda de Seguridad del Pueblo, en un trabajo de colaboraci\u00f3n con la Fiscal\u00eda&nbsp; General del Estado de Veracruz, cumplimentaron una orden de aprehensi\u00f3n en contra de Domingo \u201cN\u201d, como presunto responsable del delito de secuestro, en su modalidad de privaci\u00f3n ilegal de la libertad, cometido en agravio de una persona del sexo masculino de identidad resguardada, por hechos ocurridos en la colonia Nucatil\u00ed, del municipio de Chiapa de Corzo, en diciembre de 2016.<\/p>\n\n\n<div class=\"wp-block-image\">\n<figure class=\"aligncenter size-large is-resized\"><img loading=\"lazy\" decoding=\"async\" width=\"1024\" height=\"464\" src=\"https:\/\/dc.diariodecomitan.com.mx\/wp-content\/uploads\/2025\/09\/WhatsApp-Image-2025-09-25-at-11.39.03-AM-1024x464.jpeg\" alt=\"\" class=\"wp-image-12226\" style=\"width:480px;height:auto\" srcset=\"https:\/\/dc.diariodecomitan.com.mx\/wp-content\/uploads\/2025\/09\/WhatsApp-Image-2025-09-25-at-11.39.03-AM-1024x464.jpeg 1024w, https:\/\/dc.diariodecomitan.com.mx\/wp-content\/uploads\/2025\/09\/WhatsApp-Image-2025-09-25-at-11.39.03-AM-300x136.jpeg 300w, https:\/\/dc.diariodecomitan.com.mx\/wp-content\/uploads\/2025\/09\/WhatsApp-Image-2025-09-25-at-11.39.03-AM-768x348.jpeg 768w, https:\/\/dc.diariodecomitan.com.mx\/wp-content\/uploads\/2025\/09\/WhatsApp-Image-2025-09-25-at-11.39.03-AM.jpeg 1254w\" sizes=\"auto, (max-width: 1024px) 100vw, 1024px\" \/><\/figure>\n<\/div>\n\n\n<p>De acuerdo con la carpeta de investigaci\u00f3n, el 27 de diciembre de 2016, el inculpado y otras personas privaron ilegalmente de la libertad a la v\u00edctima, subi\u00e9ndola a un veh\u00edculo y traslad\u00e1ndola a la casa ejidal, donde la amenazaron con quemarla y quitarle la vida si no cumpl\u00eda con algunas peticiones referente a problemas agrarios entre las colonias.<\/p>\n\n\n\n<p>El agresor fue trasladado al estado de Chiapas, donde el \u00f3rgano jurisdiccional determinar\u00e1 su situaci\u00f3n legal.<\/p>\n\n\n\n<p>La Fiscal\u00eda General del Estado reitera su compromiso de trabajar en coordinaci\u00f3n para combatir el delito y garantizar la seguridad y paz de las y los chiapanecos, con Cero Impunidad.<\/p>\n\n\n\n<p><\/p>\n","protected":false},"excerpt":{"rendered":"<p>Tuxtla Guti\u00e9rrez, Chiapas; 25\/SEPTIEMBRE\/2025.- La Fiscal\u00eda General del Estado de Chiapas y la Secretar\u00eda de Seguridad del Pueblo, en un trabajo de colaboraci\u00f3n con la Fiscal\u00eda&nbsp; General del Estado de&hellip; <\/p>\n","protected":false},"author":2,"featured_media":12226,"comment_status":"closed","ping_status":"closed","sticky":false,"template":"","format":"standard","meta":{"footnotes":""},"categories":[8,10,16],"tags":[],"class_list":["post-12225","post","type-post","status-publish","format-standard","has-post-thumbnail","hentry","category-estatal","category-policiaca","category-portada"],"_links":{"self":[{"href":"https:\/\/dc.diariodecomitan.com.mx\/index.php?rest_route=\/wp\/v2\/posts\/12225","targetHints":{"allow":["GET"]}}],"collection":[{"href":"https:\/\/dc.diariodecomitan.com.mx\/index.php?rest_route=\/wp\/v2\/posts"}],"about":[{"href":"https:\/\/dc.diariodecomitan.com.mx\/index.php?rest_route=\/wp\/v2\/types\/post"}],"author":[{"embeddable":true,"href":"https:\/\/dc.diariodecomitan.com.mx\/index.php?rest_route=\/wp\/v2\/users\/2"}],"replies":[{"embeddable":true,"href":"https:\/\/dc.diariodecomitan.com.mx\/index.php?rest_route=%2Fwp%2Fv2%2Fcomments&post=12225"}],"version-history":[{"count":1,"href":"https:\/\/dc.diariodecomitan.com.mx\/index.php?rest_route=\/wp\/v2\/posts\/12225\/revisions"}],"predecessor-version":[{"id":12227,"href":"https:\/\/dc.diariodecomitan.com.mx\/index.php?rest_route=\/wp\/v2\/posts\/12225\/revisions\/12227"}],"wp:featuredmedia":[{"embeddable":true,"href":"https:\/\/dc.diariodecomitan.com.mx\/index.php?rest_route=\/wp\/v2\/media\/12226"}],"wp:attachment":[{"href":"https:\/\/dc.diariodecomitan.com.mx\/index.php?rest_route=%2Fwp%2Fv2%2Fmedia&parent=12225"}],"wp:term":[{"taxonomy":"category","embeddable":true,"href":"https:\/\/dc.diariodecomitan.com.mx\/index.php?rest_route=%2Fwp%2Fv2%2Fcategories&post=12225"},{"taxonomy":"post_tag","embeddable":true,"href":"https:\/\/dc.diariodecomitan.com.mx\/index.php?rest_route=%2Fwp%2Fv2%2Ftags&post=12225"}],"curies":[{"name":"wp","href":"https:\/\/api.w.org\/{rel}","templated":true}]}}