{"id":123,"date":"2025-02-19T08:00:54","date_gmt":"2025-02-19T14:00:54","guid":{"rendered":"https:\/\/dc.diariodecomitan.com.mx\/?p=123"},"modified":"2025-02-20T12:17:36","modified_gmt":"2025-02-20T18:17:36","slug":"quitaran-ambulantes-del-centro-de-comitan","status":"publish","type":"post","link":"https:\/\/dc.diariodecomitan.com.mx\/?p=123","title":{"rendered":"QUITAR\u00c1N AMBULANTES DEL CENTRO DE COMIT\u00c1N"},"content":{"rendered":"\n<blockquote class=\"wp-block-quote is-layout-flow wp-block-quote-is-layout-flow\">\n<p><strong><em>Durante el Festival Internacional de las Culturas y las Artes \u201cRosario Castellanos\u201d; los puestos ambulantes ser\u00e1n reubicados.<\/em><\/strong><\/p>\n<\/blockquote>\n\n\n\n<p><strong>To\u00f1o Aguilar.<\/strong><\/p>\n\n\n\n<p><strong><em>Comit\u00e1n de Dom\u00ednguez; 26\/Noviembre\/2021.-<\/em><\/strong> Durante la presentaci\u00f3n del Festival de las Culturas y las Artes Rosario Castellanos, el alcalde de Comit\u00e1n Mario Antonio Guill\u00e9n Dom\u00ednguez, asegur\u00f3 que, durante los d\u00edas del evento, el parque estar\u00e1 \u201climpio\u201d de puestos ambulantes, los cuales ser\u00e1n reubicados, ya que \u201cno los podemos dejar sin trabajar\u201d.<br>Y es que dicho Festival tiene como objetivo, adem\u00e1s de impulsar la cultura de Comit\u00e1n y Chiapas, proyectar la imagen del municipio para lograr un mejor atractivo tur\u00edstico, que permita adem\u00e1s, generar mayor derrama econ\u00f3mica durante los d\u00edas que dure el Festival.<br>En ese sentido, los medios de comunicaci\u00f3n cuestionaron al alcalde sobre los puestos ambulantes que se colocan en la periferia del parque central, por lo que se\u00f1al\u00f3 que el parque estar\u00e1 \u201climpio\u201d, al menos durante los d\u00edas que dure el Festival.<\/p>\n\n\n\n<figure class=\"wp-block-image size-full\"><img loading=\"lazy\" decoding=\"async\" width=\"640\" height=\"480\" src=\"https:\/\/dc.diariodecomitan.com.mx\/wp-content\/uploads\/2025\/02\/6-QUITARAN-AMBULANTES-DEL-CENTRO-2.jpg\" alt=\"\" class=\"wp-image-124\" srcset=\"https:\/\/dc.diariodecomitan.com.mx\/wp-content\/uploads\/2025\/02\/6-QUITARAN-AMBULANTES-DEL-CENTRO-2.jpg 640w, https:\/\/dc.diariodecomitan.com.mx\/wp-content\/uploads\/2025\/02\/6-QUITARAN-AMBULANTES-DEL-CENTRO-2-300x225.jpg 300w\" sizes=\"auto, (max-width: 640px) 100vw, 640px\" \/><\/figure>\n","protected":false},"excerpt":{"rendered":"<p>Durante el Festival Internacional de las Culturas y las Artes \u201cRosario Castellanos\u201d; los puestos ambulantes ser\u00e1n reubicados. To\u00f1o Aguilar. Comit\u00e1n de Dom\u00ednguez; 26\/Noviembre\/2021.- Durante la presentaci\u00f3n del Festival de las&hellip; <\/p>\n","protected":false},"author":1,"featured_media":236,"comment_status":"closed","ping_status":"closed","sticky":false,"template":"","format":"standard","meta":{"footnotes":""},"categories":[16],"tags":[],"class_list":["post-123","post","type-post","status-publish","format-standard","has-post-thumbnail","hentry","category-portada"],"_links":{"self":[{"href":"https:\/\/dc.diariodecomitan.com.mx\/index.php?rest_route=\/wp\/v2\/posts\/123","targetHints":{"allow":["GET"]}}],"collection":[{"href":"https:\/\/dc.diariodecomitan.com.mx\/index.php?rest_route=\/wp\/v2\/posts"}],"about":[{"href":"https:\/\/dc.diariodecomitan.com.mx\/index.php?rest_route=\/wp\/v2\/types\/post"}],"author":[{"embeddable":true,"href":"https:\/\/dc.diariodecomitan.com.mx\/index.php?rest_route=\/wp\/v2\/users\/1"}],"replies":[{"embeddable":true,"href":"https:\/\/dc.diariodecomitan.com.mx\/index.php?rest_route=%2Fwp%2Fv2%2Fcomments&post=123"}],"version-history":[{"count":1,"href":"https:\/\/dc.diariodecomitan.com.mx\/index.php?rest_route=\/wp\/v2\/posts\/123\/revisions"}],"predecessor-version":[{"id":125,"href":"https:\/\/dc.diariodecomitan.com.mx\/index.php?rest_route=\/wp\/v2\/posts\/123\/revisions\/125"}],"wp:featuredmedia":[{"embeddable":true,"href":"https:\/\/dc.diariodecomitan.com.mx\/index.php?rest_route=\/wp\/v2\/media\/236"}],"wp:attachment":[{"href":"https:\/\/dc.diariodecomitan.com.mx\/index.php?rest_route=%2Fwp%2Fv2%2Fmedia&parent=123"}],"wp:term":[{"taxonomy":"category","embeddable":true,"href":"https:\/\/dc.diariodecomitan.com.mx\/index.php?rest_route=%2Fwp%2Fv2%2Fcategories&post=123"},{"taxonomy":"post_tag","embeddable":true,"href":"https:\/\/dc.diariodecomitan.com.mx\/index.php?rest_route=%2Fwp%2Fv2%2Ftags&post=123"}],"curies":[{"name":"wp","href":"https:\/\/api.w.org\/{rel}","templated":true}]}}