{"id":13264,"date":"2025-10-13T21:48:53","date_gmt":"2025-10-14T03:48:53","guid":{"rendered":"https:\/\/dc.diariodecomitan.com.mx\/?p=13264"},"modified":"2025-10-15T00:33:44","modified_gmt":"2025-10-15T06:33:44","slug":"eduardo-ramirez-impulsa-nueva-infraestructura-educativa","status":"publish","type":"post","link":"https:\/\/dc.diariodecomitan.com.mx\/?p=13264","title":{"rendered":"EDUARDO RAM\u00cdREZ IMPULSA nueva INFRAESTRUCTURA EDUCATIVA"},"content":{"rendered":"\n<ul class=\"wp-block-list\">\n<li><strong>Con inversi\u00f3n de 7.6 mdp, Eduardo Ram\u00edrez fortalece infraestructura en planteles del Conalep y Cecytech<\/strong>.<\/li>\n\n\n\n<li><strong>En Tuxtla Guti\u00e9rrez, inaugur\u00f3 obras en el Conalep 312 y dio el banderazo de arranque a la construcci\u00f3n de aulas en el Cecyt 34<\/strong><\/li>\n<\/ul>\n\n\n\n<p><strong>Tuxtla Guti\u00e9rrez; 13\/Octubre\/2025.- <\/strong>Como muestra del compromiso del Gobierno de la Nueva ERA con la educaci\u00f3n y la juventud chiapaneca, el gobernador Eduardo Ram\u00edrez Aguilar inaugur\u00f3 nueva infraestructura en el Colegio Nacional de Educaci\u00f3n Profesional T\u00e9cnica (Conalep) Plantel 312 y dio el banderazo de inicio a obras en el Colegio de Estudios Cient\u00edficos y Tecnol\u00f3gicos (Cecyt) Plantel 34 Real del Bosque, ambos en Tuxtla Guti\u00e9rrez.<\/p>\n\n\n\n<figure class=\"wp-block-gallery has-nested-images columns-default is-cropped wp-block-gallery-1 is-layout-flex wp-block-gallery-is-layout-flex\">\n<figure class=\"wp-block-image size-large\"><img loading=\"lazy\" decoding=\"async\" width=\"1024\" height=\"683\" data-id=\"13266\" src=\"https:\/\/dc.diariodecomitan.com.mx\/wp-content\/uploads\/2025\/10\/FOTO-SEGUNDA-1024x683.jpeg\" alt=\"\" class=\"wp-image-13266\" srcset=\"https:\/\/dc.diariodecomitan.com.mx\/wp-content\/uploads\/2025\/10\/FOTO-SEGUNDA-1024x683.jpeg 1024w, https:\/\/dc.diariodecomitan.com.mx\/wp-content\/uploads\/2025\/10\/FOTO-SEGUNDA-300x200.jpeg 300w, https:\/\/dc.diariodecomitan.com.mx\/wp-content\/uploads\/2025\/10\/FOTO-SEGUNDA-768x512.jpeg 768w, https:\/\/dc.diariodecomitan.com.mx\/wp-content\/uploads\/2025\/10\/FOTO-SEGUNDA.jpeg 1280w\" sizes=\"auto, (max-width: 1024px) 100vw, 1024px\" \/><\/figure>\n\n\n\n<figure class=\"wp-block-image size-large\"><img loading=\"lazy\" decoding=\"async\" width=\"1024\" height=\"683\" data-id=\"13267\" src=\"https:\/\/dc.diariodecomitan.com.mx\/wp-content\/uploads\/2025\/10\/FOTOS-5-4-1024x683.jpeg\" alt=\"\" class=\"wp-image-13267\" srcset=\"https:\/\/dc.diariodecomitan.com.mx\/wp-content\/uploads\/2025\/10\/FOTOS-5-4-1024x683.jpeg 1024w, https:\/\/dc.diariodecomitan.com.mx\/wp-content\/uploads\/2025\/10\/FOTOS-5-4-300x200.jpeg 300w, https:\/\/dc.diariodecomitan.com.mx\/wp-content\/uploads\/2025\/10\/FOTOS-5-4-768x512.jpeg 768w, https:\/\/dc.diariodecomitan.com.mx\/wp-content\/uploads\/2025\/10\/FOTOS-5-4.jpeg 1280w\" sizes=\"auto, (max-width: 1024px) 100vw, 1024px\" \/><\/figure>\n\n\n\n<figure class=\"wp-block-image size-large\"><img loading=\"lazy\" decoding=\"async\" width=\"1024\" height=\"683\" data-id=\"13268\" src=\"https:\/\/dc.diariodecomitan.com.mx\/wp-content\/uploads\/2025\/10\/FOTOS-6-3-1024x683.jpeg\" alt=\"\" class=\"wp-image-13268\" srcset=\"https:\/\/dc.diariodecomitan.com.mx\/wp-content\/uploads\/2025\/10\/FOTOS-6-3-1024x683.jpeg 1024w, https:\/\/dc.diariodecomitan.com.mx\/wp-content\/uploads\/2025\/10\/FOTOS-6-3-300x200.jpeg 300w, https:\/\/dc.diariodecomitan.com.mx\/wp-content\/uploads\/2025\/10\/FOTOS-6-3-768x512.jpeg 768w, https:\/\/dc.diariodecomitan.com.mx\/wp-content\/uploads\/2025\/10\/FOTOS-6-3.jpeg 1280w\" sizes=\"auto, (max-width: 1024px) 100vw, 1024px\" \/><\/figure>\n<\/figure>\n\n\n\n<p>Acompa\u00f1ado de su esposa, Sof\u00eda Espinoza Abarca, y su hija, Yazm\u00edn Ram\u00edrez Espinoza, el mandatario recorri\u00f3 ambos planteles, donde fue recibido con muestras de cari\u00f1o por parte de la comunidad escolar, que tambi\u00e9n le expres\u00f3 felicitaciones con motivo de su cumplea\u00f1os. En este marco, alumnas y alumnos del programa de alfabetizaci\u00f3n Chiapas Puede le entregaron un reconocimiento elaborado por ellos mismos, en el que plasmaron sus nombres y mensajes de buenos deseos.<\/p>\n\n\n<div class=\"wp-block-image\">\n<figure class=\"aligncenter size-large is-resized\"><img loading=\"lazy\" decoding=\"async\" width=\"1024\" height=\"619\" src=\"https:\/\/dc.diariodecomitan.com.mx\/wp-content\/uploads\/2025\/10\/001-FOTO-PRINCIPAL-9-1024x619.jpeg\" alt=\"\" class=\"wp-image-13265\" style=\"width:742px;height:auto\" srcset=\"https:\/\/dc.diariodecomitan.com.mx\/wp-content\/uploads\/2025\/10\/001-FOTO-PRINCIPAL-9-1024x619.jpeg 1024w, https:\/\/dc.diariodecomitan.com.mx\/wp-content\/uploads\/2025\/10\/001-FOTO-PRINCIPAL-9-300x181.jpeg 300w, https:\/\/dc.diariodecomitan.com.mx\/wp-content\/uploads\/2025\/10\/001-FOTO-PRINCIPAL-9-768x464.jpeg 768w, https:\/\/dc.diariodecomitan.com.mx\/wp-content\/uploads\/2025\/10\/001-FOTO-PRINCIPAL-9.jpeg 1530w\" sizes=\"auto, (max-width: 1024px) 100vw, 1024px\" \/><\/figure>\n<\/div>\n\n\n<p>El director general del Instituto de la Infraestructura F\u00edsica Educativa (Inifech), Carlos Ildelfonso Jim\u00e9nez Trujillo, inform\u00f3 que en el Conalep 312 se construyeron dos aulas did\u00e1cticas equipadas y se realizaron trabajos de mejora exterior, como pintura en la cancha deportiva, conformaci\u00f3n de plataforma, instalaci\u00f3n de red el\u00e9ctrica, escalones, barandales y andadores. Asimismo, explic\u00f3 que en el Cecyt 34 se dio el banderazo para la construcci\u00f3n de tres aulas y obras complementarias. En conjunto, estas acciones representan una inversi\u00f3n de 7.6 millones de pesos.<\/p>\n","protected":false},"excerpt":{"rendered":"<p>Tuxtla Guti\u00e9rrez; 13\/Octubre\/2025.- Como muestra del compromiso del Gobierno de la Nueva ERA con la educaci\u00f3n y la juventud chiapaneca, el gobernador Eduardo Ram\u00edrez Aguilar inaugur\u00f3 nueva infraestructura en el&hellip; <\/p>\n","protected":false},"author":2,"featured_media":13265,"comment_status":"closed","ping_status":"closed","sticky":false,"template":"","format":"standard","meta":{"footnotes":""},"categories":[15],"tags":[],"class_list":["post-13264","post","type-post","status-publish","format-standard","has-post-thumbnail","hentry","category-politica"],"_links":{"self":[{"href":"https:\/\/dc.diariodecomitan.com.mx\/index.php?rest_route=\/wp\/v2\/posts\/13264","targetHints":{"allow":["GET"]}}],"collection":[{"href":"https:\/\/dc.diariodecomitan.com.mx\/index.php?rest_route=\/wp\/v2\/posts"}],"about":[{"href":"https:\/\/dc.diariodecomitan.com.mx\/index.php?rest_route=\/wp\/v2\/types\/post"}],"author":[{"embeddable":true,"href":"https:\/\/dc.diariodecomitan.com.mx\/index.php?rest_route=\/wp\/v2\/users\/2"}],"replies":[{"embeddable":true,"href":"https:\/\/dc.diariodecomitan.com.mx\/index.php?rest_route=%2Fwp%2Fv2%2Fcomments&post=13264"}],"version-history":[{"count":1,"href":"https:\/\/dc.diariodecomitan.com.mx\/index.php?rest_route=\/wp\/v2\/posts\/13264\/revisions"}],"predecessor-version":[{"id":13269,"href":"https:\/\/dc.diariodecomitan.com.mx\/index.php?rest_route=\/wp\/v2\/posts\/13264\/revisions\/13269"}],"wp:featuredmedia":[{"embeddable":true,"href":"https:\/\/dc.diariodecomitan.com.mx\/index.php?rest_route=\/wp\/v2\/media\/13265"}],"wp:attachment":[{"href":"https:\/\/dc.diariodecomitan.com.mx\/index.php?rest_route=%2Fwp%2Fv2%2Fmedia&parent=13264"}],"wp:term":[{"taxonomy":"category","embeddable":true,"href":"https:\/\/dc.diariodecomitan.com.mx\/index.php?rest_route=%2Fwp%2Fv2%2Fcategories&post=13264"},{"taxonomy":"post_tag","embeddable":true,"href":"https:\/\/dc.diariodecomitan.com.mx\/index.php?rest_route=%2Fwp%2Fv2%2Ftags&post=13264"}],"curies":[{"name":"wp","href":"https:\/\/api.w.org\/{rel}","templated":true}]}}