{"id":13270,"date":"2025-10-13T22:02:13","date_gmt":"2025-10-14T04:02:13","guid":{"rendered":"https:\/\/dc.diariodecomitan.com.mx\/?p=13270"},"modified":"2025-10-30T10:00:06","modified_gmt":"2025-10-30T16:00:06","slug":"eduardo-ramirez-inaugura-camino-que-une-y-transforma-a-nicolas-ruiz","status":"publish","type":"post","link":"https:\/\/dc.diariodecomitan.com.mx\/?p=13270","title":{"rendered":"EDUARDO RAM\u00cdREZ inaugura CAMINO que UNE y TRANSFORMA a NICOL\u00c1S RUIZ"},"content":{"rendered":"\n<ul class=\"wp-block-list\">\n<li><strong>Inaugur\u00f3 la rehabilitaci\u00f3n de la primera etapa del camino Nicol\u00e1s Ruiz (Betania\u2013Soyatit\u00e1n), con inversi\u00f3n de 26 MDP.<\/strong><\/li>\n\n\n\n<li><strong>Entreg\u00f3 becas Rosario Castellanos y recorri\u00f3 las Unidades M\u00e9dicas M\u00f3viles as\u00ed como la Unidad M\u00f3vil de Capacitaci\u00f3n y Profesionalizaci\u00f3n.<\/strong><\/li>\n<\/ul>\n\n\n\n<p><strong>Tuxtla Guti\u00e9rrez; 14\/Octubre\/2025.-<\/strong> El gobernador Eduardo Ram\u00edrez Aguilar visit\u00f3 el municipio de Nicol\u00e1s Ruiz, donde inaugur\u00f3 la rehabilitaci\u00f3n de la primera etapa del camino Nicol\u00e1s Ruiz (Betania\u2013Soyatit\u00e1n), una obra largamente esperada por la poblaci\u00f3n. Durante su gira, tambi\u00e9n impuls\u00f3 acciones en materia de salud, alfabetizaci\u00f3n y capacitaci\u00f3n.<\/p>\n\n\n<div class=\"wp-block-image\">\n<figure class=\"alignright size-large is-resized\"><img loading=\"lazy\" decoding=\"async\" width=\"1024\" height=\"619\" src=\"https:\/\/dc.diariodecomitan.com.mx\/wp-content\/uploads\/2025\/10\/002-FOTO-PRINCIPAL-1-1024x619.jpeg\" alt=\"\" class=\"wp-image-13271\" style=\"width:409px;height:auto\" srcset=\"https:\/\/dc.diariodecomitan.com.mx\/wp-content\/uploads\/2025\/10\/002-FOTO-PRINCIPAL-1-1024x619.jpeg 1024w, https:\/\/dc.diariodecomitan.com.mx\/wp-content\/uploads\/2025\/10\/002-FOTO-PRINCIPAL-1-300x181.jpeg 300w, https:\/\/dc.diariodecomitan.com.mx\/wp-content\/uploads\/2025\/10\/002-FOTO-PRINCIPAL-1-768x464.jpeg 768w, https:\/\/dc.diariodecomitan.com.mx\/wp-content\/uploads\/2025\/10\/002-FOTO-PRINCIPAL-1.jpeg 1530w\" sizes=\"auto, (max-width: 1024px) 100vw, 1024px\" \/><\/figure>\n<\/div>\n\n\n<p>\u201cTengo la responsabilidad de gobernar Chiapas y lo hago con mucha humildad. No aspiro a ser un gobernador alejado del pueblo, sino alguien siempre cercano, porque esos son los principios de la Cuarta Transformaci\u00f3n. Nosotros gobernamos obedeciendo al pueblo. Siempre vamos a caminar juntos para hacer de Chiapas un estado con progreso y desarrollo\u201d, expres\u00f3.<\/p>\n\n\n\n<p>Acompa\u00f1ado de su esposa Sof\u00eda Espinoza Abarca, el mandatario entreg\u00f3 becas Rosario Castellanos a beneficiarios del programa de alfabetizaci\u00f3n Chiapas Puede, y recorri\u00f3 las Unidades M\u00e9dicas M\u00f3viles de Atenci\u00f3n Comunitaria (UMAC) y la Unidad M\u00f3vil de Capacitaci\u00f3n y Profesionalizaci\u00f3n del Instituto de Capacitaci\u00f3n y Vinculaci\u00f3n Tecnol\u00f3gica del Estado de Chiapas (Icatech).<\/p>\n\n\n\n<p>Ram\u00edrez Aguilar afirm\u00f3 que el Gobierno de la Nueva ERA cumple con su deber y no bajar\u00e1 la guardia para que nunca m\u00e1s regrese la violencia a Chiapas, de modo que la poblaci\u00f3n pueda vivir y trabajar en paz y armon\u00eda. Reiter\u00f3 su compromiso de seguir colaborando con las autoridades municipales de Nicol\u00e1s Ruiz con el prop\u00f3sito de consolidar proyectos de infraestructura y fortalecer la estrategia de alfabetizaci\u00f3n para ganar la batalla contra la ignorancia.<\/p>\n\n\n<div class=\"wp-block-image\">\n<figure class=\"alignleft size-large is-resized\"><img loading=\"lazy\" decoding=\"async\" width=\"1024\" height=\"682\" src=\"https:\/\/dc.diariodecomitan.com.mx\/wp-content\/uploads\/2025\/10\/FOTOS-4-4-1024x682.jpeg\" alt=\"\" class=\"wp-image-13272\" style=\"width:386px;height:auto\" srcset=\"https:\/\/dc.diariodecomitan.com.mx\/wp-content\/uploads\/2025\/10\/FOTOS-4-4-1024x682.jpeg 1024w, https:\/\/dc.diariodecomitan.com.mx\/wp-content\/uploads\/2025\/10\/FOTOS-4-4-300x200.jpeg 300w, https:\/\/dc.diariodecomitan.com.mx\/wp-content\/uploads\/2025\/10\/FOTOS-4-4-768x512.jpeg 768w, https:\/\/dc.diariodecomitan.com.mx\/wp-content\/uploads\/2025\/10\/FOTOS-4-4.jpeg 1280w\" sizes=\"auto, (max-width: 1024px) 100vw, 1024px\" \/><\/figure>\n<\/div>\n\n\n<p>El secretario de Educaci\u00f3n, Roger Adri\u00e1n Mandujano Ayala, inform\u00f3 que en Nicol\u00e1s Ruiz el 100 por ciento de las personas que no sab\u00edan leer y escribir se inscribieron en el programa Chiapas Puede, por lo que en diciembre este municipio se declarar\u00e1 libre de analfabetismo.<\/p>\n\n\n\n<p>Por su parte, el secretario de Salud, Omar G\u00f3mez Cruz, se\u00f1al\u00f3 que las UMAC han llevado atenci\u00f3n m\u00e9dica a quienes m\u00e1s lo necesitan, sumando m\u00e1s de dos millones de atenciones en 23 mil comunidades de la entidad. Destac\u00f3 tambi\u00e9n la campa\u00f1a de detecci\u00f3n temprana de c\u00e1ncer de mama mediante mastograf\u00edas gratuitas para mujeres mayores de 45 a\u00f1os, invit\u00e1ndolas a aprovechar este servicio.<\/p>\n\n\n\n<p>A su vez, el director general de la Comisi\u00f3n Estatal de Caminos, Rafael Ruiz Morales, explic\u00f3 que como parte del programa Carreteras Vivas, se rehabilitaron seis kil\u00f3metros del tramo Betania\u2013Soyatit\u00e1n, con una inversi\u00f3n de 26 millones de pesos, lo que impulsar\u00e1 el desarrollo regional.<\/p>\n\n\n\n<p>El presidente municipal de Nicol\u00e1s Ruiz, Audelio Jim\u00e9nez G\u00f3mez, reconoci\u00f3 el respaldo del Gobierno del Estado por las acciones que han mejorado las condiciones de vida de la poblaci\u00f3n, especialmente en materia de seguridad, alfabetizaci\u00f3n e infraestructura.<\/p>\n\n\n<div class=\"wp-block-image\">\n<figure class=\"aligncenter size-large is-resized\"><img loading=\"lazy\" decoding=\"async\" width=\"1024\" height=\"682\" src=\"https:\/\/dc.diariodecomitan.com.mx\/wp-content\/uploads\/2025\/10\/FOTOS-5-5-1024x682.jpeg\" alt=\"\" class=\"wp-image-13273\" style=\"width:754px;height:auto\" srcset=\"https:\/\/dc.diariodecomitan.com.mx\/wp-content\/uploads\/2025\/10\/FOTOS-5-5-1024x682.jpeg 1024w, https:\/\/dc.diariodecomitan.com.mx\/wp-content\/uploads\/2025\/10\/FOTOS-5-5-300x200.jpeg 300w, https:\/\/dc.diariodecomitan.com.mx\/wp-content\/uploads\/2025\/10\/FOTOS-5-5-768x512.jpeg 768w, https:\/\/dc.diariodecomitan.com.mx\/wp-content\/uploads\/2025\/10\/FOTOS-5-5.jpeg 1280w\" sizes=\"auto, (max-width: 1024px) 100vw, 1024px\" \/><\/figure>\n<\/div>\n\n\n<p>En representaci\u00f3n de la comunidad, Ricardo Hern\u00e1ndez G\u00f3mez agradeci\u00f3 al gobernador por el respaldo al municipio, sobre todo para rehabilitar su camino. \u201cPara nosotros esos kil\u00f3metros son la diferencia entre el aislamiento y la oportunidad, entre el atraso y el progreso, entre la vida y la muerte. Son la v\u00eda que nos lleva a m\u00e1s salud, m\u00e1s educaci\u00f3n, m\u00e1s comercio y, sobre todo, m\u00e1s futuro\u201d, expres\u00f3.<\/p>\n\n\n\n<p>En este acto estuvieron presentes las diputadas locales Mar\u00eda Isabel Rodr\u00edguez Jim\u00e9nez y Silvia Esther Arg\u00fcello Garc\u00eda; la presidenta del DIF Municipal, Florentina L\u00f3pez G\u00f3mez; el alcalde de Berrioz\u00e1bal, Jorge Acero G\u00f3mez; y el director general del Instituto de Evaluaci\u00f3n, Profesionalizaci\u00f3n y Promoci\u00f3n Docente, Ren\u00e9 Vel\u00e1zquez Santiago, entre otros.<\/p>\n","protected":false},"excerpt":{"rendered":"<p>Tuxtla Guti\u00e9rrez; 14\/Octubre\/2025.- El gobernador Eduardo Ram\u00edrez Aguilar visit\u00f3 el municipio de Nicol\u00e1s Ruiz, donde inaugur\u00f3 la rehabilitaci\u00f3n de la primera etapa del camino Nicol\u00e1s Ruiz (Betania\u2013Soyatit\u00e1n), una obra largamente&hellip; <\/p>\n","protected":false},"author":2,"featured_media":13271,"comment_status":"closed","ping_status":"closed","sticky":false,"template":"","format":"standard","meta":{"footnotes":""},"categories":[15],"tags":[],"class_list":["post-13270","post","type-post","status-publish","format-standard","has-post-thumbnail","hentry","category-politica"],"_links":{"self":[{"href":"https:\/\/dc.diariodecomitan.com.mx\/index.php?rest_route=\/wp\/v2\/posts\/13270","targetHints":{"allow":["GET"]}}],"collection":[{"href":"https:\/\/dc.diariodecomitan.com.mx\/index.php?rest_route=\/wp\/v2\/posts"}],"about":[{"href":"https:\/\/dc.diariodecomitan.com.mx\/index.php?rest_route=\/wp\/v2\/types\/post"}],"author":[{"embeddable":true,"href":"https:\/\/dc.diariodecomitan.com.mx\/index.php?rest_route=\/wp\/v2\/users\/2"}],"replies":[{"embeddable":true,"href":"https:\/\/dc.diariodecomitan.com.mx\/index.php?rest_route=%2Fwp%2Fv2%2Fcomments&post=13270"}],"version-history":[{"count":2,"href":"https:\/\/dc.diariodecomitan.com.mx\/index.php?rest_route=\/wp\/v2\/posts\/13270\/revisions"}],"predecessor-version":[{"id":14397,"href":"https:\/\/dc.diariodecomitan.com.mx\/index.php?rest_route=\/wp\/v2\/posts\/13270\/revisions\/14397"}],"wp:featuredmedia":[{"embeddable":true,"href":"https:\/\/dc.diariodecomitan.com.mx\/index.php?rest_route=\/wp\/v2\/media\/13271"}],"wp:attachment":[{"href":"https:\/\/dc.diariodecomitan.com.mx\/index.php?rest_route=%2Fwp%2Fv2%2Fmedia&parent=13270"}],"wp:term":[{"taxonomy":"category","embeddable":true,"href":"https:\/\/dc.diariodecomitan.com.mx\/index.php?rest_route=%2Fwp%2Fv2%2Fcategories&post=13270"},{"taxonomy":"post_tag","embeddable":true,"href":"https:\/\/dc.diariodecomitan.com.mx\/index.php?rest_route=%2Fwp%2Fv2%2Ftags&post=13270"}],"curies":[{"name":"wp","href":"https:\/\/api.w.org\/{rel}","templated":true}]}}