{"id":13275,"date":"2025-10-13T22:17:41","date_gmt":"2025-10-14T04:17:41","guid":{"rendered":"https:\/\/dc.diariodecomitan.com.mx\/?p=13275"},"modified":"2025-10-14T11:25:57","modified_gmt":"2025-10-14T17:25:57","slug":"el-teech-se-suma-al-dialogo-academico-en-la-fil-unach-2025","status":"publish","type":"post","link":"https:\/\/dc.diariodecomitan.com.mx\/?p=13275","title":{"rendered":"El TEECH se suma al DI\u00c1LOGO ACAD\u00c9MICO en la FIL-UNACH 2025"},"content":{"rendered":"\n<blockquote class=\"wp-block-quote is-layout-flow wp-block-quote-is-layout-flow\">\n<p><strong><em>Magistrados del TEECH acompa\u00f1an la inauguraci\u00f3n de la FIL-UNACH con Guatemala como invitado de honor.<\/em><\/strong><\/p>\n<\/blockquote>\n\n\n\n<p><strong>Tuxtla Guti\u00e9rrez; 13\/Octubre\/2025.- <\/strong>La Mtra. Magali Arellano C\u00f3rdova, Magistrada Presidenta del Tribunal Electoral del Estado de Chiapas, asisti\u00f3 a la inauguraci\u00f3n de la XII Feria Internacional del libro 2025 de la Benem\u00e9rita Universidad Aut\u00f3noma de Chiapas, en la que se desarrollar\u00e1n presentaciones de libros, conferencias, galas art\u00edsticas y exposiciones, con la participaci\u00f3n de autores, acad\u00e9micos y artistas nacionales e internacionales del 13 al 17 de octubre en distintos campus de la instituci\u00f3n.<\/p>\n\n\n<div class=\"wp-block-image\">\n<figure class=\"aligncenter size-large is-resized\"><img loading=\"lazy\" decoding=\"async\" width=\"1024\" height=\"619\" src=\"https:\/\/dc.diariodecomitan.com.mx\/wp-content\/uploads\/2025\/10\/001-Imagen-de-WhatsApp-2025-10-13-a-las-19.29.09_de00bcc7-1024x619.jpg\" alt=\"\" class=\"wp-image-13276\" style=\"width:772px;height:auto\" srcset=\"https:\/\/dc.diariodecomitan.com.mx\/wp-content\/uploads\/2025\/10\/001-Imagen-de-WhatsApp-2025-10-13-a-las-19.29.09_de00bcc7-1024x619.jpg 1024w, https:\/\/dc.diariodecomitan.com.mx\/wp-content\/uploads\/2025\/10\/001-Imagen-de-WhatsApp-2025-10-13-a-las-19.29.09_de00bcc7-300x181.jpg 300w, https:\/\/dc.diariodecomitan.com.mx\/wp-content\/uploads\/2025\/10\/001-Imagen-de-WhatsApp-2025-10-13-a-las-19.29.09_de00bcc7-768x464.jpg 768w, https:\/\/dc.diariodecomitan.com.mx\/wp-content\/uploads\/2025\/10\/001-Imagen-de-WhatsApp-2025-10-13-a-las-19.29.09_de00bcc7.jpg 1530w\" sizes=\"auto, (max-width: 1024px) 100vw, 1024px\" \/><\/figure>\n<\/div>\n\n\n<p>M\u00e1s adelante, la Mtra. Magali Arellano, Magistrada Presidenta acompa\u00f1ada del Magistrado Mois\u00e9s Espinosa Mota, asisti\u00f3 a la presentaci\u00f3n del libro \u201cTribunal inc\u00f3modo: las reacciones (Backlash) a las sentencias de un tribunal constitucional\u201d, coordinado por Mtra. Alejandra Tello Mendoza, y coautores Dr. Oswaldo Chac\u00f3n Rojas y Dr. Cristian Iv\u00e1n Guti\u00e9rrez S\u00e1nchez.<\/p>\n\n\n\n<p>En esta edici\u00f3n de la FIL-UNACH, la Universidad de San Carlos de Guatemala (USAC) es la invitada de honor, lo que fortalece los lazos de cooperaci\u00f3n acad\u00e9mica y cultural entre ambas&nbsp;instituciones.<\/p>\n\n\n\n<figure class=\"wp-block-gallery has-nested-images columns-default is-cropped wp-block-gallery-1 is-layout-flex wp-block-gallery-is-layout-flex\">\n<figure class=\"wp-block-image size-large\"><img loading=\"lazy\" decoding=\"async\" width=\"1024\" height=\"682\" data-id=\"13278\" src=\"https:\/\/dc.diariodecomitan.com.mx\/wp-content\/uploads\/2025\/10\/Imagen-de-WhatsApp-2025-10-13-a-las-19.29.09_29b13b45-1024x682.jpg\" alt=\"\" class=\"wp-image-13278\" srcset=\"https:\/\/dc.diariodecomitan.com.mx\/wp-content\/uploads\/2025\/10\/Imagen-de-WhatsApp-2025-10-13-a-las-19.29.09_29b13b45-1024x682.jpg 1024w, https:\/\/dc.diariodecomitan.com.mx\/wp-content\/uploads\/2025\/10\/Imagen-de-WhatsApp-2025-10-13-a-las-19.29.09_29b13b45-300x200.jpg 300w, https:\/\/dc.diariodecomitan.com.mx\/wp-content\/uploads\/2025\/10\/Imagen-de-WhatsApp-2025-10-13-a-las-19.29.09_29b13b45-768x512.jpg 768w, https:\/\/dc.diariodecomitan.com.mx\/wp-content\/uploads\/2025\/10\/Imagen-de-WhatsApp-2025-10-13-a-las-19.29.09_29b13b45-1536x1023.jpg 1536w, https:\/\/dc.diariodecomitan.com.mx\/wp-content\/uploads\/2025\/10\/Imagen-de-WhatsApp-2025-10-13-a-las-19.29.09_29b13b45.jpg 1600w\" sizes=\"auto, (max-width: 1024px) 100vw, 1024px\" \/><\/figure>\n\n\n\n<figure class=\"wp-block-image size-large\"><img loading=\"lazy\" decoding=\"async\" width=\"1024\" height=\"826\" data-id=\"13277\" src=\"https:\/\/dc.diariodecomitan.com.mx\/wp-content\/uploads\/2025\/10\/Imagen-de-WhatsApp-2025-10-13-a-las-19.29.10_80919d38-1024x826.jpg\" alt=\"\" class=\"wp-image-13277\" srcset=\"https:\/\/dc.diariodecomitan.com.mx\/wp-content\/uploads\/2025\/10\/Imagen-de-WhatsApp-2025-10-13-a-las-19.29.10_80919d38-1024x826.jpg 1024w, https:\/\/dc.diariodecomitan.com.mx\/wp-content\/uploads\/2025\/10\/Imagen-de-WhatsApp-2025-10-13-a-las-19.29.10_80919d38-300x242.jpg 300w, https:\/\/dc.diariodecomitan.com.mx\/wp-content\/uploads\/2025\/10\/Imagen-de-WhatsApp-2025-10-13-a-las-19.29.10_80919d38-768x619.jpg 768w, https:\/\/dc.diariodecomitan.com.mx\/wp-content\/uploads\/2025\/10\/Imagen-de-WhatsApp-2025-10-13-a-las-19.29.10_80919d38-1536x1238.jpg 1536w, https:\/\/dc.diariodecomitan.com.mx\/wp-content\/uploads\/2025\/10\/Imagen-de-WhatsApp-2025-10-13-a-las-19.29.10_80919d38.jpg 1600w\" sizes=\"auto, (max-width: 1024px) 100vw, 1024px\" \/><\/figure>\n\n\n\n<figure class=\"wp-block-image size-large\"><img loading=\"lazy\" decoding=\"async\" width=\"1024\" height=\"682\" data-id=\"13279\" src=\"https:\/\/dc.diariodecomitan.com.mx\/wp-content\/uploads\/2025\/10\/Imagen-de-WhatsApp-2025-10-13-a-las-19.29.10_577399c6-1024x682.jpg\" alt=\"\" class=\"wp-image-13279\" srcset=\"https:\/\/dc.diariodecomitan.com.mx\/wp-content\/uploads\/2025\/10\/Imagen-de-WhatsApp-2025-10-13-a-las-19.29.10_577399c6-1024x682.jpg 1024w, https:\/\/dc.diariodecomitan.com.mx\/wp-content\/uploads\/2025\/10\/Imagen-de-WhatsApp-2025-10-13-a-las-19.29.10_577399c6-300x200.jpg 300w, https:\/\/dc.diariodecomitan.com.mx\/wp-content\/uploads\/2025\/10\/Imagen-de-WhatsApp-2025-10-13-a-las-19.29.10_577399c6-768x512.jpg 768w, https:\/\/dc.diariodecomitan.com.mx\/wp-content\/uploads\/2025\/10\/Imagen-de-WhatsApp-2025-10-13-a-las-19.29.10_577399c6-1536x1023.jpg 1536w, https:\/\/dc.diariodecomitan.com.mx\/wp-content\/uploads\/2025\/10\/Imagen-de-WhatsApp-2025-10-13-a-las-19.29.10_577399c6.jpg 1600w\" sizes=\"auto, (max-width: 1024px) 100vw, 1024px\" \/><\/figure>\n<\/figure>\n","protected":false},"excerpt":{"rendered":"<p>Magistrados del TEECH acompa\u00f1an la inauguraci\u00f3n de la FIL-UNACH con Guatemala como invitado de honor. Tuxtla Guti\u00e9rrez; 13\/Octubre\/2025.- La Mtra. Magali Arellano C\u00f3rdova, Magistrada Presidenta del Tribunal Electoral del Estado&hellip; <\/p>\n","protected":false},"author":2,"featured_media":13276,"comment_status":"closed","ping_status":"closed","sticky":false,"template":"","format":"standard","meta":{"footnotes":""},"categories":[15],"tags":[],"class_list":["post-13275","post","type-post","status-publish","format-standard","has-post-thumbnail","hentry","category-politica"],"_links":{"self":[{"href":"https:\/\/dc.diariodecomitan.com.mx\/index.php?rest_route=\/wp\/v2\/posts\/13275","targetHints":{"allow":["GET"]}}],"collection":[{"href":"https:\/\/dc.diariodecomitan.com.mx\/index.php?rest_route=\/wp\/v2\/posts"}],"about":[{"href":"https:\/\/dc.diariodecomitan.com.mx\/index.php?rest_route=\/wp\/v2\/types\/post"}],"author":[{"embeddable":true,"href":"https:\/\/dc.diariodecomitan.com.mx\/index.php?rest_route=\/wp\/v2\/users\/2"}],"replies":[{"embeddable":true,"href":"https:\/\/dc.diariodecomitan.com.mx\/index.php?rest_route=%2Fwp%2Fv2%2Fcomments&post=13275"}],"version-history":[{"count":1,"href":"https:\/\/dc.diariodecomitan.com.mx\/index.php?rest_route=\/wp\/v2\/posts\/13275\/revisions"}],"predecessor-version":[{"id":13280,"href":"https:\/\/dc.diariodecomitan.com.mx\/index.php?rest_route=\/wp\/v2\/posts\/13275\/revisions\/13280"}],"wp:featuredmedia":[{"embeddable":true,"href":"https:\/\/dc.diariodecomitan.com.mx\/index.php?rest_route=\/wp\/v2\/media\/13276"}],"wp:attachment":[{"href":"https:\/\/dc.diariodecomitan.com.mx\/index.php?rest_route=%2Fwp%2Fv2%2Fmedia&parent=13275"}],"wp:term":[{"taxonomy":"category","embeddable":true,"href":"https:\/\/dc.diariodecomitan.com.mx\/index.php?rest_route=%2Fwp%2Fv2%2Fcategories&post=13275"},{"taxonomy":"post_tag","embeddable":true,"href":"https:\/\/dc.diariodecomitan.com.mx\/index.php?rest_route=%2Fwp%2Fv2%2Ftags&post=13275"}],"curies":[{"name":"wp","href":"https:\/\/api.w.org\/{rel}","templated":true}]}}