{"id":1360,"date":"2025-03-29T10:36:39","date_gmt":"2025-03-29T16:36:39","guid":{"rendered":"https:\/\/dc.diariodecomitan.com.mx\/?p=1360"},"modified":"2025-03-29T10:36:40","modified_gmt":"2025-03-29T16:36:40","slug":"cinco-heridos-tras-choque-en-belisario","status":"publish","type":"post","link":"https:\/\/dc.diariodecomitan.com.mx\/?p=1360","title":{"rendered":"CINCO HERIDOS tras CHOQUE en \u201cBELISARIO\u201d"},"content":{"rendered":"\n<p><strong>Accidente de Tr\u00e1nsito en Barrio Belisario Dom\u00ednguez deja cinco personas lesionadas y cuantiosos da\u00f1os materiales.<\/strong> <strong>Entre los lesionados hay tres menores de edad.<\/strong><\/p>\n\n\n\n<p><strong>No\u00e9 Pinto.<\/strong><\/p>\n\n\n\n<figure class=\"wp-block-image size-large\"><img loading=\"lazy\" decoding=\"async\" width=\"768\" height=\"1024\" src=\"https:\/\/dc.diariodecomitan.com.mx\/wp-content\/uploads\/2025\/03\/2-9-1-768x1024.jpg\" alt=\"\" class=\"wp-image-1362\" srcset=\"https:\/\/dc.diariodecomitan.com.mx\/wp-content\/uploads\/2025\/03\/2-9-1-768x1024.jpg 768w, https:\/\/dc.diariodecomitan.com.mx\/wp-content\/uploads\/2025\/03\/2-9-1-225x300.jpg 225w, https:\/\/dc.diariodecomitan.com.mx\/wp-content\/uploads\/2025\/03\/2-9-1-1152x1536.jpg 1152w, https:\/\/dc.diariodecomitan.com.mx\/wp-content\/uploads\/2025\/03\/2-9-1.jpg 1200w\" sizes=\"auto, (max-width: 768px) 100vw, 768px\" \/><\/figure>\n\n\n\n<p><strong>Comit\u00e1n de Dom\u00ednguez; 28\/MAR\/2025.- <\/strong>Un fuerte incidente vial en el barrio Belisario Dom\u00ednguez dej\u00f3 como saldo varios miles de pesos en da\u00f1os materiales y cinco personas lesionadas, incluyendo tres menores y dos adultos. El accidente ocurri\u00f3 este viernes por la tarde, en la intersecci\u00f3n de la avenida \u201cLibertad\u201d y la calle \u201c20 de Noviembre\u201d, donde dos veh\u00edculos colisionaron tras un aparente intento por ganar el paso.<\/p>\n\n\n\n<p>Seg\u00fan testigos, el choque se produjo cuando el conductor de un Volkswagen Jetta color blanco, presuntamente intent\u00f3 adelantar a un autom\u00f3vil Pointer color arena que ten\u00eda la preferencia en la avenida. Ambos veh\u00edculos terminaron impact\u00e1ndose violentamente, resultando en da\u00f1os considerables para ambas unidades y lesiones para sus ocupantes.<\/p>\n\n\n\n<p>Inmediatamente despu\u00e9s del incidente, param\u00e9dicos de la Cruz Roja Mexicana acudieron al lugar para brindar atenci\u00f3n m\u00e9dica a los heridos. Tres menores y dos adultos fueron tratados en el sitio por diversas lesiones, aunque hasta el momento no se reportan heridas de gravedad.<\/p>\n\n\n\n<figure class=\"wp-block-image size-large\"><img loading=\"lazy\" decoding=\"async\" width=\"1024\" height=\"619\" src=\"https:\/\/dc.diariodecomitan.com.mx\/wp-content\/uploads\/2025\/03\/Destacados-DC-1530x925-2025-03-29T103325.590-1-1024x619.jpg\" alt=\"\" class=\"wp-image-1363\" srcset=\"https:\/\/dc.diariodecomitan.com.mx\/wp-content\/uploads\/2025\/03\/Destacados-DC-1530x925-2025-03-29T103325.590-1-1024x619.jpg 1024w, https:\/\/dc.diariodecomitan.com.mx\/wp-content\/uploads\/2025\/03\/Destacados-DC-1530x925-2025-03-29T103325.590-1-300x181.jpg 300w, https:\/\/dc.diariodecomitan.com.mx\/wp-content\/uploads\/2025\/03\/Destacados-DC-1530x925-2025-03-29T103325.590-1-768x464.jpg 768w, https:\/\/dc.diariodecomitan.com.mx\/wp-content\/uploads\/2025\/03\/Destacados-DC-1530x925-2025-03-29T103325.590-1.jpg 1530w\" sizes=\"auto, (max-width: 1024px) 100vw, 1024px\" \/><\/figure>\n\n\n\n<p>De manera sorprendente, los conductores decidieron retirar sus veh\u00edculos del lugar antes de la llegada de las autoridades, lo que ha generado cuestionamientos sobre la posible responsabilidad y el manejo de la situaci\u00f3n posterior al accidente.<\/p>\n\n\n\n<p>Autoridades locales no han emitido declaraci\u00f3n oficial sobre el incidente, pero se espera que en las pr\u00f3ximas horas se ofrezca mayor informaci\u00f3n sobre las investigaciones y medidas que se tomar\u00e1n respecto a este incidente vial en una zona residencial de alto tr\u00e1fico como el barrio Belisario Dom\u00ednguez.<\/p>\n\n\n\n<p>El tr\u00e1nsito en la intersecci\u00f3n afectada se vio temporalmente interrumpido mientras se realizaban las labores de atenci\u00f3n a los heridos y remoci\u00f3n de los veh\u00edculos involucrados.<\/p>\n\n\n\n<p>Este accidente subraya la importancia de respetar las normas de tr\u00e1nsito y proceder adecuadamente en caso de emergencia para evitar consecuencias graves tanto para las personas como para la infraestructura urbana.<\/p>\n\n\n\n<figure class=\"wp-block-image size-large\"><img loading=\"lazy\" decoding=\"async\" width=\"768\" height=\"1024\" src=\"https:\/\/dc.diariodecomitan.com.mx\/wp-content\/uploads\/2025\/03\/2-9-2-768x1024.jpg\" alt=\"\" class=\"wp-image-1364\" srcset=\"https:\/\/dc.diariodecomitan.com.mx\/wp-content\/uploads\/2025\/03\/2-9-2-768x1024.jpg 768w, https:\/\/dc.diariodecomitan.com.mx\/wp-content\/uploads\/2025\/03\/2-9-2-225x300.jpg 225w, https:\/\/dc.diariodecomitan.com.mx\/wp-content\/uploads\/2025\/03\/2-9-2-1152x1536.jpg 1152w, https:\/\/dc.diariodecomitan.com.mx\/wp-content\/uploads\/2025\/03\/2-9-2.jpg 1200w\" sizes=\"auto, (max-width: 768px) 100vw, 768px\" \/><\/figure>\n","protected":false},"excerpt":{"rendered":"<p>Accidente de Tr\u00e1nsito en Barrio Belisario Dom\u00ednguez deja cinco personas lesionadas y cuantiosos da\u00f1os materiales. Entre los lesionados hay tres menores de edad. No\u00e9 Pinto. Comit\u00e1n de Dom\u00ednguez; 28\/MAR\/2025.- Un&hellip; <\/p>\n","protected":false},"author":2,"featured_media":1361,"comment_status":"closed","ping_status":"closed","sticky":false,"template":"","format":"standard","meta":{"footnotes":""},"categories":[3,16],"tags":[],"class_list":["post-1360","post","type-post","status-publish","format-standard","has-post-thumbnail","hentry","category-comitan","category-portada"],"_links":{"self":[{"href":"https:\/\/dc.diariodecomitan.com.mx\/index.php?rest_route=\/wp\/v2\/posts\/1360","targetHints":{"allow":["GET"]}}],"collection":[{"href":"https:\/\/dc.diariodecomitan.com.mx\/index.php?rest_route=\/wp\/v2\/posts"}],"about":[{"href":"https:\/\/dc.diariodecomitan.com.mx\/index.php?rest_route=\/wp\/v2\/types\/post"}],"author":[{"embeddable":true,"href":"https:\/\/dc.diariodecomitan.com.mx\/index.php?rest_route=\/wp\/v2\/users\/2"}],"replies":[{"embeddable":true,"href":"https:\/\/dc.diariodecomitan.com.mx\/index.php?rest_route=%2Fwp%2Fv2%2Fcomments&post=1360"}],"version-history":[{"count":1,"href":"https:\/\/dc.diariodecomitan.com.mx\/index.php?rest_route=\/wp\/v2\/posts\/1360\/revisions"}],"predecessor-version":[{"id":1365,"href":"https:\/\/dc.diariodecomitan.com.mx\/index.php?rest_route=\/wp\/v2\/posts\/1360\/revisions\/1365"}],"wp:featuredmedia":[{"embeddable":true,"href":"https:\/\/dc.diariodecomitan.com.mx\/index.php?rest_route=\/wp\/v2\/media\/1361"}],"wp:attachment":[{"href":"https:\/\/dc.diariodecomitan.com.mx\/index.php?rest_route=%2Fwp%2Fv2%2Fmedia&parent=1360"}],"wp:term":[{"taxonomy":"category","embeddable":true,"href":"https:\/\/dc.diariodecomitan.com.mx\/index.php?rest_route=%2Fwp%2Fv2%2Fcategories&post=1360"},{"taxonomy":"post_tag","embeddable":true,"href":"https:\/\/dc.diariodecomitan.com.mx\/index.php?rest_route=%2Fwp%2Fv2%2Ftags&post=1360"}],"curies":[{"name":"wp","href":"https:\/\/api.w.org\/{rel}","templated":true}]}}