{"id":13632,"date":"2025-10-20T12:06:57","date_gmt":"2025-10-20T18:06:57","guid":{"rendered":"https:\/\/dc.diariodecomitan.com.mx\/?p=13632"},"modified":"2025-10-20T12:07:27","modified_gmt":"2025-10-20T18:07:27","slug":"grupo-tactico-de-la-policia-municipal-atrapa-a-presuntos-ladrones-de-motos-en-comitan","status":"publish","type":"post","link":"https:\/\/dc.diariodecomitan.com.mx\/?p=13632","title":{"rendered":"\u00a1GRUPO T\u00c1CTICO DE LA POLIC\u00cdA MUNICIPAL ATRAPA A PRESUNTOS LADRONES DE MOTOS EN COMIT\u00c1N!"},"content":{"rendered":"\n<p><strong>No\u00e9 Pinto<\/strong><\/p>\n\n\n<div class=\"wp-block-image\">\n<figure class=\"alignright size-large is-resized\"><img loading=\"lazy\" decoding=\"async\" width=\"768\" height=\"1024\" src=\"https:\/\/dc.diariodecomitan.com.mx\/wp-content\/uploads\/2025\/10\/WhatsApp-Image-2025-10-20-at-10.29.54-AM-768x1024.jpeg\" alt=\"\" class=\"wp-image-13635\" style=\"width:193px;height:auto\" srcset=\"https:\/\/dc.diariodecomitan.com.mx\/wp-content\/uploads\/2025\/10\/WhatsApp-Image-2025-10-20-at-10.29.54-AM-768x1024.jpeg 768w, https:\/\/dc.diariodecomitan.com.mx\/wp-content\/uploads\/2025\/10\/WhatsApp-Image-2025-10-20-at-10.29.54-AM-225x300.jpeg 225w, https:\/\/dc.diariodecomitan.com.mx\/wp-content\/uploads\/2025\/10\/WhatsApp-Image-2025-10-20-at-10.29.54-AM.jpeg 960w\" sizes=\"auto, (max-width: 768px) 100vw, 768px\" \/><\/figure>\n<\/div>\n\n\n<p><strong>Comit\u00e1n, Chiapas; 20\/OCTUBRE\/2025.-<\/strong> Durante un recorrido de seguridad en el barrio El Cedro, elementos del Grupo T\u00e1ctico de la Polic\u00eda Municipal detuvieron a dos personas extranjeras presuntamente dedicadas al robo de motocicletas.<\/p>\n\n\n\n<p>Los detenidos, identificados como \u00c1ngel Gabriel \u201cN\u201d (55 a\u00f1os, salvadore\u00f1o) y Tania Lorena \u201cN\u201d (28 a\u00f1os, hondure\u00f1a), viajaban en una moto roja y al intentar escapar fueron alcanzados por los agentes.<\/p>\n\n\n\n<p>Al hombre se le encontr\u00f3 una llave hechiza para encender motos y la mujer amenaz\u00f3 con una navaja a un polic\u00eda. Ambos fueron puestos a disposici\u00f3n del Ministerio P\u00fablico por robo de veh\u00edculo y homicidio en grado de tentativa.<\/p>\n\n\n\n<p>La detenci\u00f3n ocurri\u00f3 a las 6:00 de la tarde del domingo.<\/p>\n\n\n\n<p>Acci\u00f3n del Grupo T\u00e1ctico al mando del secretario de Seguridad P\u00fablica, Froil\u00e1n Grajales, por instrucci\u00f3n del presidente municipal Mario Fox, quien refuerza la vigilancia en Comit\u00e1n.<\/p>\n\n\n<div class=\"wp-block-image\">\n<figure class=\"alignright size-large is-resized\"><img loading=\"lazy\" decoding=\"async\" width=\"768\" height=\"1024\" src=\"https:\/\/dc.diariodecomitan.com.mx\/wp-content\/uploads\/2025\/10\/WhatsApp-Image-2025-10-20-at-10.29.55-AM-768x1024.jpeg\" alt=\"\" class=\"wp-image-13634\" style=\"width:305px;height:auto\" srcset=\"https:\/\/dc.diariodecomitan.com.mx\/wp-content\/uploads\/2025\/10\/WhatsApp-Image-2025-10-20-at-10.29.55-AM-768x1024.jpeg 768w, https:\/\/dc.diariodecomitan.com.mx\/wp-content\/uploads\/2025\/10\/WhatsApp-Image-2025-10-20-at-10.29.55-AM-225x300.jpeg 225w, https:\/\/dc.diariodecomitan.com.mx\/wp-content\/uploads\/2025\/10\/WhatsApp-Image-2025-10-20-at-10.29.55-AM-1152x1536.jpeg 1152w, https:\/\/dc.diariodecomitan.com.mx\/wp-content\/uploads\/2025\/10\/WhatsApp-Image-2025-10-20-at-10.29.55-AM.jpeg 1200w\" sizes=\"auto, (max-width: 768px) 100vw, 768px\" \/><\/figure>\n<\/div>\n\n\n<figure class=\"wp-block-image size-large is-resized\"><img loading=\"lazy\" decoding=\"async\" width=\"713\" height=\"1024\" src=\"https:\/\/dc.diariodecomitan.com.mx\/wp-content\/uploads\/2025\/10\/WhatsApp-Image-2025-10-20-at-9.20.19-AM-713x1024.jpeg\" alt=\"\" class=\"wp-image-13633\" style=\"width:273px;height:auto\" srcset=\"https:\/\/dc.diariodecomitan.com.mx\/wp-content\/uploads\/2025\/10\/WhatsApp-Image-2025-10-20-at-9.20.19-AM-713x1024.jpeg 713w, https:\/\/dc.diariodecomitan.com.mx\/wp-content\/uploads\/2025\/10\/WhatsApp-Image-2025-10-20-at-9.20.19-AM-209x300.jpeg 209w, https:\/\/dc.diariodecomitan.com.mx\/wp-content\/uploads\/2025\/10\/WhatsApp-Image-2025-10-20-at-9.20.19-AM-768x1103.jpeg 768w, https:\/\/dc.diariodecomitan.com.mx\/wp-content\/uploads\/2025\/10\/WhatsApp-Image-2025-10-20-at-9.20.19-AM-1069x1536.jpeg 1069w, https:\/\/dc.diariodecomitan.com.mx\/wp-content\/uploads\/2025\/10\/WhatsApp-Image-2025-10-20-at-9.20.19-AM.jpeg 1114w\" sizes=\"auto, (max-width: 713px) 100vw, 713px\" \/><\/figure>\n","protected":false},"excerpt":{"rendered":"<p>No\u00e9 Pinto Comit\u00e1n, Chiapas; 20\/OCTUBRE\/2025.- Durante un recorrido de seguridad en el barrio El Cedro, elementos del Grupo T\u00e1ctico de la Polic\u00eda Municipal detuvieron a dos personas extranjeras presuntamente dedicadas&hellip; <\/p>\n","protected":false},"author":2,"featured_media":13636,"comment_status":"closed","ping_status":"closed","sticky":false,"template":"","format":"standard","meta":{"footnotes":""},"categories":[3,10,16],"tags":[],"class_list":["post-13632","post","type-post","status-publish","format-standard","has-post-thumbnail","hentry","category-comitan","category-policiaca","category-portada"],"_links":{"self":[{"href":"https:\/\/dc.diariodecomitan.com.mx\/index.php?rest_route=\/wp\/v2\/posts\/13632","targetHints":{"allow":["GET"]}}],"collection":[{"href":"https:\/\/dc.diariodecomitan.com.mx\/index.php?rest_route=\/wp\/v2\/posts"}],"about":[{"href":"https:\/\/dc.diariodecomitan.com.mx\/index.php?rest_route=\/wp\/v2\/types\/post"}],"author":[{"embeddable":true,"href":"https:\/\/dc.diariodecomitan.com.mx\/index.php?rest_route=\/wp\/v2\/users\/2"}],"replies":[{"embeddable":true,"href":"https:\/\/dc.diariodecomitan.com.mx\/index.php?rest_route=%2Fwp%2Fv2%2Fcomments&post=13632"}],"version-history":[{"count":2,"href":"https:\/\/dc.diariodecomitan.com.mx\/index.php?rest_route=\/wp\/v2\/posts\/13632\/revisions"}],"predecessor-version":[{"id":13638,"href":"https:\/\/dc.diariodecomitan.com.mx\/index.php?rest_route=\/wp\/v2\/posts\/13632\/revisions\/13638"}],"wp:featuredmedia":[{"embeddable":true,"href":"https:\/\/dc.diariodecomitan.com.mx\/index.php?rest_route=\/wp\/v2\/media\/13636"}],"wp:attachment":[{"href":"https:\/\/dc.diariodecomitan.com.mx\/index.php?rest_route=%2Fwp%2Fv2%2Fmedia&parent=13632"}],"wp:term":[{"taxonomy":"category","embeddable":true,"href":"https:\/\/dc.diariodecomitan.com.mx\/index.php?rest_route=%2Fwp%2Fv2%2Fcategories&post=13632"},{"taxonomy":"post_tag","embeddable":true,"href":"https:\/\/dc.diariodecomitan.com.mx\/index.php?rest_route=%2Fwp%2Fv2%2Ftags&post=13632"}],"curies":[{"name":"wp","href":"https:\/\/api.w.org\/{rel}","templated":true}]}}