{"id":1367,"date":"2025-03-29T21:24:09","date_gmt":"2025-03-30T03:24:09","guid":{"rendered":"https:\/\/dc.diariodecomitan.com.mx\/?p=1367"},"modified":"2025-03-29T21:24:11","modified_gmt":"2025-03-30T03:24:11","slug":"escuela-primaria-belisario-dominguez-palencia-de-la-trinitaria-sede-de-la-etapa-regional-de-la-omm-eb-2025","status":"publish","type":"post","link":"https:\/\/dc.diariodecomitan.com.mx\/?p=1367","title":{"rendered":"ESCUELA primaria BELISARIO DOM\u00cdNGUEZ PALENCIA DE LA TRINITARIA, SEDE DE LA ETAPA REGIONAL DE LA OMM-EB 2025."},"content":{"rendered":"\n<figure class=\"wp-block-image size-large\"><img loading=\"lazy\" decoding=\"async\" width=\"1024\" height=\"619\" src=\"https:\/\/dc.diariodecomitan.com.mx\/wp-content\/uploads\/2025\/03\/Destacados-DC-1530x925-2025-03-29T212100.421-1-1024x619.jpg\" alt=\"\" class=\"wp-image-1369\" srcset=\"https:\/\/dc.diariodecomitan.com.mx\/wp-content\/uploads\/2025\/03\/Destacados-DC-1530x925-2025-03-29T212100.421-1-1024x619.jpg 1024w, https:\/\/dc.diariodecomitan.com.mx\/wp-content\/uploads\/2025\/03\/Destacados-DC-1530x925-2025-03-29T212100.421-1-300x181.jpg 300w, https:\/\/dc.diariodecomitan.com.mx\/wp-content\/uploads\/2025\/03\/Destacados-DC-1530x925-2025-03-29T212100.421-1-768x464.jpg 768w, https:\/\/dc.diariodecomitan.com.mx\/wp-content\/uploads\/2025\/03\/Destacados-DC-1530x925-2025-03-29T212100.421-1.jpg 1530w\" sizes=\"auto, (max-width: 1024px) 100vw, 1024px\" \/><\/figure>\n\n\n\n<p>Con la participaci\u00f3n de 94 alumnos que van desde tercer grado de educaci\u00f3n primaria, a quinto semestre del nivel medio superior; se llev\u00f3 a cabo este s\u00e1bado 29 de marzo, la aplicaci\u00f3n del examen regional que organiza la OMMEB ( Olimpiada Mexicana de Matem\u00e1ticas para la Educaci\u00f3n B\u00e1sica). Mismo que servir\u00e1 para elegir a los alumnos que nos representar\u00e1n en la fase estatal, a celebrarse el 17 de mayo en la Ciudad de Tuxtla Guti\u00e9rrez.<\/p>\n\n\n\n<div class=\"wp-block-group is-nowrap is-layout-flex wp-container-core-group-is-layout-ad2f72ca wp-block-group-is-layout-flex\">\n<p>Los docentes, administrativos, directivos y padres de familia honrados de recibir a cada uno de los participantes de la regi\u00f3n; con alegr\u00eda y expectativa de ser sede por primera vez de tan importante evento pensando siempre en este semillero de nuevos talentos acad\u00e9micos. Ser una instituci\u00f3n que apuesta en este tipo de eventos.<\/p>\n\n\n\n<figure class=\"wp-block-image size-large\"><img loading=\"lazy\" decoding=\"async\" width=\"1024\" height=\"768\" src=\"https:\/\/dc.diariodecomitan.com.mx\/wp-content\/uploads\/2025\/03\/WhatsApp-Image-2025-03-29-at-8.18.27-PM-1-1024x768.jpeg\" alt=\"\" class=\"wp-image-1370\" srcset=\"https:\/\/dc.diariodecomitan.com.mx\/wp-content\/uploads\/2025\/03\/WhatsApp-Image-2025-03-29-at-8.18.27-PM-1-1024x768.jpeg 1024w, https:\/\/dc.diariodecomitan.com.mx\/wp-content\/uploads\/2025\/03\/WhatsApp-Image-2025-03-29-at-8.18.27-PM-1-300x225.jpeg 300w, https:\/\/dc.diariodecomitan.com.mx\/wp-content\/uploads\/2025\/03\/WhatsApp-Image-2025-03-29-at-8.18.27-PM-1-768x576.jpeg 768w, https:\/\/dc.diariodecomitan.com.mx\/wp-content\/uploads\/2025\/03\/WhatsApp-Image-2025-03-29-at-8.18.27-PM-1.jpeg 1040w\" sizes=\"auto, (max-width: 1024px) 100vw, 1024px\" \/><\/figure>\n<\/div>\n\n\n\n<p>Destacaron las palabras motivadoras del maestro Gustavo Santiz, profesor dedicado y apasionado de las matem\u00e1ticas que acudi\u00f3 en representaci\u00f3n del comit\u00e9 estatal OMM y OMMEB Chiapas :<br>\u201c Este evento es una oportunidad para abrazar lo nuevo, para aprender de lo diferente y para descubrir lo que a\u00fan no conocemos. Como dijo una vez Albert Einstein, \u201c la mente que se abre a una nueva idea, jam\u00e1s volver\u00e1 a su tama\u00f1o original\u201d Y es precisamente lo que esperamos que suceda aqu\u00ed, que nuestras mentes se abran a nuevas ideas, que nos llenemos de inspiraci\u00f3n y salgamos transformados\u201d.<\/p>\n\n\n\n<figure class=\"wp-block-image size-large\"><img loading=\"lazy\" decoding=\"async\" width=\"1024\" height=\"768\" src=\"https:\/\/dc.diariodecomitan.com.mx\/wp-content\/uploads\/2025\/03\/WhatsApp-Image-2025-03-29-at-8.18.27-PM-1024x768.jpeg\" alt=\"\" class=\"wp-image-1371\" srcset=\"https:\/\/dc.diariodecomitan.com.mx\/wp-content\/uploads\/2025\/03\/WhatsApp-Image-2025-03-29-at-8.18.27-PM-1024x768.jpeg 1024w, https:\/\/dc.diariodecomitan.com.mx\/wp-content\/uploads\/2025\/03\/WhatsApp-Image-2025-03-29-at-8.18.27-PM-300x225.jpeg 300w, https:\/\/dc.diariodecomitan.com.mx\/wp-content\/uploads\/2025\/03\/WhatsApp-Image-2025-03-29-at-8.18.27-PM-768x576.jpeg 768w, https:\/\/dc.diariodecomitan.com.mx\/wp-content\/uploads\/2025\/03\/WhatsApp-Image-2025-03-29-at-8.18.27-PM.jpeg 1280w\" sizes=\"auto, (max-width: 1024px) 100vw, 1024px\" \/><\/figure>\n\n\n\n<div class=\"wp-block-group is-nowrap is-layout-flex wp-container-core-group-is-layout-ad2f72ca wp-block-group-is-layout-flex\">\n<p>Entre las escuelas participantes se cont\u00f3 con la presencia de: V\u00edctor Manuel Aranda, Primaria , Benito Ju\u00e1rez Garc\u00eda Comit\u00e1n, Colegio Frida Kahlo, Javier Mandujano Solorzano,, Policronio Figueroa Agueda, CEMSAD 129 Las Delicias , Escuela Secundaria T\u00e9cnica N 44, EMSAD 91 y por supuesto la participaci\u00f3n de la Escuela Primaria sede Belisario Dominguez Palencia (Trinitaria) entre otras .<\/p>\n\n\n\n<figure class=\"wp-block-image size-large\"><img loading=\"lazy\" decoding=\"async\" width=\"1024\" height=\"768\" src=\"https:\/\/dc.diariodecomitan.com.mx\/wp-content\/uploads\/2025\/03\/WhatsApp-Image-2025-03-29-at-8.18.28-PM-1-1024x768.jpeg\" alt=\"\" class=\"wp-image-1372\" srcset=\"https:\/\/dc.diariodecomitan.com.mx\/wp-content\/uploads\/2025\/03\/WhatsApp-Image-2025-03-29-at-8.18.28-PM-1-1024x768.jpeg 1024w, https:\/\/dc.diariodecomitan.com.mx\/wp-content\/uploads\/2025\/03\/WhatsApp-Image-2025-03-29-at-8.18.28-PM-1-300x225.jpeg 300w, https:\/\/dc.diariodecomitan.com.mx\/wp-content\/uploads\/2025\/03\/WhatsApp-Image-2025-03-29-at-8.18.28-PM-1-768x576.jpeg 768w, https:\/\/dc.diariodecomitan.com.mx\/wp-content\/uploads\/2025\/03\/WhatsApp-Image-2025-03-29-at-8.18.28-PM-1.jpeg 1280w\" sizes=\"auto, (max-width: 1024px) 100vw, 1024px\" \/><\/figure>\n<\/div>\n\n\n\n<p><strong>Una felicitaci\u00f3n enorme a todos las escuelas participantes por impulsar nuevos caminos a sus alumnos.<\/strong><\/p>\n\n\n\n<p><\/p>\n","protected":false},"excerpt":{"rendered":"<p>Con la participaci\u00f3n de 94 alumnos que van desde tercer grado de educaci\u00f3n primaria, a quinto semestre del nivel medio superior; se llev\u00f3 a cabo este s\u00e1bado 29 de marzo,&hellip; <\/p>\n","protected":false},"author":2,"featured_media":1368,"comment_status":"closed","ping_status":"closed","sticky":false,"template":"","format":"standard","meta":{"footnotes":""},"categories":[13],"tags":[],"class_list":["post-1367","post","type-post","status-publish","format-standard","has-post-thumbnail","hentry","category-opinion"],"_links":{"self":[{"href":"https:\/\/dc.diariodecomitan.com.mx\/index.php?rest_route=\/wp\/v2\/posts\/1367","targetHints":{"allow":["GET"]}}],"collection":[{"href":"https:\/\/dc.diariodecomitan.com.mx\/index.php?rest_route=\/wp\/v2\/posts"}],"about":[{"href":"https:\/\/dc.diariodecomitan.com.mx\/index.php?rest_route=\/wp\/v2\/types\/post"}],"author":[{"embeddable":true,"href":"https:\/\/dc.diariodecomitan.com.mx\/index.php?rest_route=\/wp\/v2\/users\/2"}],"replies":[{"embeddable":true,"href":"https:\/\/dc.diariodecomitan.com.mx\/index.php?rest_route=%2Fwp%2Fv2%2Fcomments&post=1367"}],"version-history":[{"count":1,"href":"https:\/\/dc.diariodecomitan.com.mx\/index.php?rest_route=\/wp\/v2\/posts\/1367\/revisions"}],"predecessor-version":[{"id":1373,"href":"https:\/\/dc.diariodecomitan.com.mx\/index.php?rest_route=\/wp\/v2\/posts\/1367\/revisions\/1373"}],"wp:featuredmedia":[{"embeddable":true,"href":"https:\/\/dc.diariodecomitan.com.mx\/index.php?rest_route=\/wp\/v2\/media\/1368"}],"wp:attachment":[{"href":"https:\/\/dc.diariodecomitan.com.mx\/index.php?rest_route=%2Fwp%2Fv2%2Fmedia&parent=1367"}],"wp:term":[{"taxonomy":"category","embeddable":true,"href":"https:\/\/dc.diariodecomitan.com.mx\/index.php?rest_route=%2Fwp%2Fv2%2Fcategories&post=1367"},{"taxonomy":"post_tag","embeddable":true,"href":"https:\/\/dc.diariodecomitan.com.mx\/index.php?rest_route=%2Fwp%2Fv2%2Ftags&post=1367"}],"curies":[{"name":"wp","href":"https:\/\/api.w.org\/{rel}","templated":true}]}}