{"id":13774,"date":"2025-10-21T22:10:01","date_gmt":"2025-10-22T04:10:01","guid":{"rendered":"https:\/\/dc.diariodecomitan.com.mx\/?p=13774"},"modified":"2025-10-21T22:11:14","modified_gmt":"2025-10-22T04:11:14","slug":"se-incendia-vehiculo-en-san-sebastian","status":"publish","type":"post","link":"https:\/\/dc.diariodecomitan.com.mx\/?p=13774","title":{"rendered":"VEH\u00cdCULO CONSUMIDO POR LAS LLAMAS EN SAN SEBASTI\u00c1N"},"content":{"rendered":"\n<p><strong>MAGG <\/strong><br><strong><br>\u200b<\/strong>La noche de este martes, un veh\u00edculo particular fue consumido por las llamas en el Barrio de San Sebasti\u00e1n en Comit\u00e1n de Dom\u00ednguez, Chiapas. \u200bvideos muestran el momento en que un autom\u00f3vil, aparentemente estacionado en una de las calles del barrio, arde en su totalidad, generando una intensa columna de humo y alarma entre los habitantes de la zona.<\/p>\n\n\n\n<iframe loading=\"lazy\" src=\"https:\/\/www.facebook.com\/plugins\/video.php?height=476&#038;href=https%3A%2F%2Fwww.facebook.com%2Freel%2F1382831213461654%2F&#038;show_text=false&#038;width=267&#038;t=0\" width=\"267\" height=\"476\" style=\"border:none;overflow:hidden\" scrolling=\"no\" frameborder=\"0\" allowfullscreen=\"true\" allow=\"autoplay; clipboard-write; encrypted-media; picture-in-picture; web-share\" allowFullScreen=\"true\"><\/iframe>\n","protected":false},"excerpt":{"rendered":"<p>MAGG \u200bLa noche de este martes, un veh\u00edculo particular fue consumido por las llamas en el Barrio de San Sebasti\u00e1n en Comit\u00e1n de Dom\u00ednguez, Chiapas. \u200bvideos muestran el momento en&hellip; <\/p>\n","protected":false},"author":2,"featured_media":13775,"comment_status":"closed","ping_status":"closed","sticky":false,"template":"","format":"standard","meta":{"footnotes":""},"categories":[30],"tags":[],"class_list":["post-13774","post","type-post","status-publish","format-standard","has-post-thumbnail","hentry","category-video-reportajes"],"_links":{"self":[{"href":"https:\/\/dc.diariodecomitan.com.mx\/index.php?rest_route=\/wp\/v2\/posts\/13774","targetHints":{"allow":["GET"]}}],"collection":[{"href":"https:\/\/dc.diariodecomitan.com.mx\/index.php?rest_route=\/wp\/v2\/posts"}],"about":[{"href":"https:\/\/dc.diariodecomitan.com.mx\/index.php?rest_route=\/wp\/v2\/types\/post"}],"author":[{"embeddable":true,"href":"https:\/\/dc.diariodecomitan.com.mx\/index.php?rest_route=\/wp\/v2\/users\/2"}],"replies":[{"embeddable":true,"href":"https:\/\/dc.diariodecomitan.com.mx\/index.php?rest_route=%2Fwp%2Fv2%2Fcomments&post=13774"}],"version-history":[{"count":2,"href":"https:\/\/dc.diariodecomitan.com.mx\/index.php?rest_route=\/wp\/v2\/posts\/13774\/revisions"}],"predecessor-version":[{"id":13777,"href":"https:\/\/dc.diariodecomitan.com.mx\/index.php?rest_route=\/wp\/v2\/posts\/13774\/revisions\/13777"}],"wp:featuredmedia":[{"embeddable":true,"href":"https:\/\/dc.diariodecomitan.com.mx\/index.php?rest_route=\/wp\/v2\/media\/13775"}],"wp:attachment":[{"href":"https:\/\/dc.diariodecomitan.com.mx\/index.php?rest_route=%2Fwp%2Fv2%2Fmedia&parent=13774"}],"wp:term":[{"taxonomy":"category","embeddable":true,"href":"https:\/\/dc.diariodecomitan.com.mx\/index.php?rest_route=%2Fwp%2Fv2%2Fcategories&post=13774"},{"taxonomy":"post_tag","embeddable":true,"href":"https:\/\/dc.diariodecomitan.com.mx\/index.php?rest_route=%2Fwp%2Fv2%2Ftags&post=13774"}],"curies":[{"name":"wp","href":"https:\/\/api.w.org\/{rel}","templated":true}]}}