{"id":13778,"date":"2025-10-21T22:40:22","date_gmt":"2025-10-22T04:40:22","guid":{"rendered":"https:\/\/dc.diariodecomitan.com.mx\/?p=13778"},"modified":"2025-10-21T22:40:23","modified_gmt":"2025-10-22T04:40:23","slug":"arranca-en-comitan-el-operativo-panteon-seguro","status":"publish","type":"post","link":"https:\/\/dc.diariodecomitan.com.mx\/?p=13778","title":{"rendered":"ARRANCA en COMIT\u00c1N el OPERATIVO \u201cPANTE\u00d3N SEGURO\u201d"},"content":{"rendered":"\n<blockquote class=\"wp-block-quote is-layout-flow wp-block-quote-is-layout-flow\">\n<p><strong><em>Inicia en Comit\u00e1n el Operativo \u201cPante\u00f3n Seguro\u201d para garantizar orden y seguridad en D\u00eda de Muertos.<\/em><\/strong><\/p>\n<\/blockquote>\n\n\n\n<p><strong>Comit\u00e1n de Dom\u00ednguez; 21\/Octubre\/2025.- <\/strong>Con el objetivo de asegurar que las actividades alusivas al D\u00eda de Muertos se desarrollen en un ambiente de respeto, orden y seguridad, este martes se dio el banderazo de inicio al Operativo \u201cPante\u00f3n Seguro\u201d en el municipio de Comit\u00e1n.<\/p>\n\n\n<div class=\"wp-block-image\">\n<figure class=\"alignleft size-large is-resized\"><img loading=\"lazy\" decoding=\"async\" width=\"1024\" height=\"645\" src=\"https:\/\/dc.diariodecomitan.com.mx\/wp-content\/uploads\/2025\/10\/566384627_849480880924109_8308427594765179458_n-1024x645.jpg\" alt=\"\" class=\"wp-image-13780\" style=\"width:332px;height:auto\" srcset=\"https:\/\/dc.diariodecomitan.com.mx\/wp-content\/uploads\/2025\/10\/566384627_849480880924109_8308427594765179458_n-1024x645.jpg 1024w, https:\/\/dc.diariodecomitan.com.mx\/wp-content\/uploads\/2025\/10\/566384627_849480880924109_8308427594765179458_n-300x189.jpg 300w, https:\/\/dc.diariodecomitan.com.mx\/wp-content\/uploads\/2025\/10\/566384627_849480880924109_8308427594765179458_n-768x484.jpg 768w, https:\/\/dc.diariodecomitan.com.mx\/wp-content\/uploads\/2025\/10\/566384627_849480880924109_8308427594765179458_n.jpg 1280w\" sizes=\"auto, (max-width: 1024px) 100vw, 1024px\" \/><\/figure>\n<\/div>\n\n\n<p>En representaci\u00f3n del alcalde Mario Antonio Guill\u00e9n Dom\u00ednguez, la regidora Ana Cristel Aguirre Rodr\u00edguez encabez\u00f3 el acto protocolario, acompa\u00f1ada del director de Salud Municipal, Luis Bautista Aguilar. Ambos reconocieron la importancia de la coordinaci\u00f3n entre las distintas dependencias y agradecieron el compromiso de la ciudadan\u00eda, que a\u00f1o con a\u00f1o participa con responsabilidad durante estas fechas tradicionales.<\/p>\n\n\n\n<p>El operativo, que se implementa de manera anual, contempla acciones de vigilancia, control vehicular, atenci\u00f3n m\u00e9dica preventiva y auxilio a la poblaci\u00f3n en los principales panteones del municipio.<\/p>\n\n\n<div class=\"wp-block-image\">\n<figure class=\"alignright size-large is-resized\"><img loading=\"lazy\" decoding=\"async\" width=\"1024\" height=\"678\" src=\"https:\/\/dc.diariodecomitan.com.mx\/wp-content\/uploads\/2025\/10\/568056749_849481117590752_1510100426437725029_n-1024x678.jpg\" alt=\"\" class=\"wp-image-13781\" style=\"width:364px;height:auto\" srcset=\"https:\/\/dc.diariodecomitan.com.mx\/wp-content\/uploads\/2025\/10\/568056749_849481117590752_1510100426437725029_n-1024x678.jpg 1024w, https:\/\/dc.diariodecomitan.com.mx\/wp-content\/uploads\/2025\/10\/568056749_849481117590752_1510100426437725029_n-300x199.jpg 300w, https:\/\/dc.diariodecomitan.com.mx\/wp-content\/uploads\/2025\/10\/568056749_849481117590752_1510100426437725029_n-768x509.jpg 768w, https:\/\/dc.diariodecomitan.com.mx\/wp-content\/uploads\/2025\/10\/568056749_849481117590752_1510100426437725029_n.jpg 1280w\" sizes=\"auto, (max-width: 1024px) 100vw, 1024px\" \/><\/figure>\n<\/div>\n\n\n<p>Entre las instituciones participantes destacan los cuerpos de seguridad municipal y estatal, as\u00ed como Protecci\u00f3n Civil, la Jurisdicci\u00f3n Sanitaria III y la Cruz Roja Mexicana, quienes trabajar\u00e1n de manera conjunta para salvaguardar la integridad de los visitantes.<\/p>\n\n\n\n<p>Las autoridades municipales exhortaron a la poblaci\u00f3n a mantener una actitud de respeto hacia los espacios sagrados, evitar el consumo de alcohol y seguir las recomendaciones de los cuerpos de auxilio, con el prop\u00f3sito de preservar la tranquilidad durante las celebraciones del D\u00eda de Muertos.<\/p>\n\n\n\n<p>Con estas acciones, el Ayuntamiento de Comit\u00e1n refrenda su compromiso con la seguridad, la salud y el bienestar de las familias comitecas, fortaleciendo las tradiciones que dan identidad y sentido a la comunidad.<\/p>\n","protected":false},"excerpt":{"rendered":"<p>Inicia en Comit\u00e1n el Operativo \u201cPante\u00f3n Seguro\u201d para garantizar orden y seguridad en D\u00eda de Muertos. Comit\u00e1n de Dom\u00ednguez; 21\/Octubre\/2025.- Con el objetivo de asegurar que las actividades alusivas al&hellip; <\/p>\n","protected":false},"author":2,"featured_media":13779,"comment_status":"closed","ping_status":"closed","sticky":false,"template":"","format":"standard","meta":{"footnotes":""},"categories":[3],"tags":[],"class_list":["post-13778","post","type-post","status-publish","format-standard","has-post-thumbnail","hentry","category-comitan"],"_links":{"self":[{"href":"https:\/\/dc.diariodecomitan.com.mx\/index.php?rest_route=\/wp\/v2\/posts\/13778","targetHints":{"allow":["GET"]}}],"collection":[{"href":"https:\/\/dc.diariodecomitan.com.mx\/index.php?rest_route=\/wp\/v2\/posts"}],"about":[{"href":"https:\/\/dc.diariodecomitan.com.mx\/index.php?rest_route=\/wp\/v2\/types\/post"}],"author":[{"embeddable":true,"href":"https:\/\/dc.diariodecomitan.com.mx\/index.php?rest_route=\/wp\/v2\/users\/2"}],"replies":[{"embeddable":true,"href":"https:\/\/dc.diariodecomitan.com.mx\/index.php?rest_route=%2Fwp%2Fv2%2Fcomments&post=13778"}],"version-history":[{"count":1,"href":"https:\/\/dc.diariodecomitan.com.mx\/index.php?rest_route=\/wp\/v2\/posts\/13778\/revisions"}],"predecessor-version":[{"id":13782,"href":"https:\/\/dc.diariodecomitan.com.mx\/index.php?rest_route=\/wp\/v2\/posts\/13778\/revisions\/13782"}],"wp:featuredmedia":[{"embeddable":true,"href":"https:\/\/dc.diariodecomitan.com.mx\/index.php?rest_route=\/wp\/v2\/media\/13779"}],"wp:attachment":[{"href":"https:\/\/dc.diariodecomitan.com.mx\/index.php?rest_route=%2Fwp%2Fv2%2Fmedia&parent=13778"}],"wp:term":[{"taxonomy":"category","embeddable":true,"href":"https:\/\/dc.diariodecomitan.com.mx\/index.php?rest_route=%2Fwp%2Fv2%2Fcategories&post=13778"},{"taxonomy":"post_tag","embeddable":true,"href":"https:\/\/dc.diariodecomitan.com.mx\/index.php?rest_route=%2Fwp%2Fv2%2Ftags&post=13778"}],"curies":[{"name":"wp","href":"https:\/\/api.w.org\/{rel}","templated":true}]}}