{"id":13783,"date":"2025-10-21T22:49:36","date_gmt":"2025-10-22T04:49:36","guid":{"rendered":"https:\/\/dc.diariodecomitan.com.mx\/?p=13783"},"modified":"2025-10-23T00:16:31","modified_gmt":"2025-10-23T06:16:31","slug":"llega-didi-taxi-a-chiapas","status":"publish","type":"post","link":"https:\/\/dc.diariodecomitan.com.mx\/?p=13783","title":{"rendered":"LLEGA DiDi TAXI a CHIAPAS"},"content":{"rendered":"\n<blockquote class=\"wp-block-quote is-layout-flow wp-block-quote-is-layout-flow\">\n<p><strong><em>DiDi y el Gobierno de Chiapas lanzan DiDi Taxi para fortalecer al gremio taxista y promover una movilidad m\u00e1s moderna e incluyente.<\/em><\/strong><\/p>\n<\/blockquote>\n\n\n\n<p><strong>Tuxtla Guti\u00e9rrez; 21\/Octubre\/2025.- <\/strong>En colaboraci\u00f3n con el Gobierno del Estado de Chiapas, DiDi anunci\u00f3 el lanzamiento de DiDi Taxi en Tuxtla Guti\u00e9rrez y Tapachula, una iniciativa que busca fortalecer la movilidad urbana, generar mayores ingresos para las y los taxistas y promover un modelo de transporte m\u00e1s moderno e incluyente.<\/p>\n\n\n<div class=\"wp-block-image\">\n<figure class=\"alignleft size-large is-resized\"><img loading=\"lazy\" decoding=\"async\" width=\"1024\" height=\"709\" src=\"https:\/\/dc.diariodecomitan.com.mx\/wp-content\/uploads\/2025\/10\/FOTO-1024x709.jpeg\" alt=\"\" class=\"wp-image-13785\" style=\"width:366px;height:auto\" srcset=\"https:\/\/dc.diariodecomitan.com.mx\/wp-content\/uploads\/2025\/10\/FOTO-1024x709.jpeg 1024w, https:\/\/dc.diariodecomitan.com.mx\/wp-content\/uploads\/2025\/10\/FOTO-300x208.jpeg 300w, https:\/\/dc.diariodecomitan.com.mx\/wp-content\/uploads\/2025\/10\/FOTO-768x532.jpeg 768w, https:\/\/dc.diariodecomitan.com.mx\/wp-content\/uploads\/2025\/10\/FOTO-1536x1064.jpeg 1536w, https:\/\/dc.diariodecomitan.com.mx\/wp-content\/uploads\/2025\/10\/FOTO.jpeg 1600w\" sizes=\"auto, (max-width: 1024px) 100vw, 1024px\" \/><\/figure>\n<\/div>\n\n\n<p>El evento fue encabezado por el gobernador Eduardo Ram\u00edrez Aguilar, la secretaria de Movilidad y Transporte, Albania Gonz\u00e1lez P\u00f3lito, y Tonatiuh Anzures, director de Relaciones con Gobierno de DiDi, quienes coincidieron en la importancia de la colaboraci\u00f3n p\u00fablico-privada para impulsar la modernizaci\u00f3n del sector taxista y promover soluciones de movilidad sostenibles y accesibles para todas y todos los chiapanecos.<\/p>\n\n\n\n<p>El mandatario estatal destac\u00f3 que su administraci\u00f3n trabaja de manera coordinada con el sector transportista para ofrecer mejores condiciones laborales, fortalecer la competitividad y fomentar la actualizaci\u00f3n tecnol\u00f3gica, con el fin de responder a las necesidades de la poblaci\u00f3n usuaria.<\/p>\n\n\n\n<p>Las personas interesadas en utilizar este servicio pueden descargar la aplicaci\u00f3n DiDi en su tel\u00e9fono m\u00f3vil. En el caso de los operadores del transporte p\u00fablico que deseen sumarse a la plataforma, deber\u00e1n registrarse en DiDi Conductor, disponible para sistemas iOS y Android; para mayor informaci\u00f3n pueden acudir a las oficinas de la Secretar\u00eda de Movilidad y Transporte.<\/p>\n\n\n<div class=\"wp-block-image\">\n<figure class=\"aligncenter size-large\"><img loading=\"lazy\" decoding=\"async\" width=\"1024\" height=\"619\" src=\"https:\/\/dc.diariodecomitan.com.mx\/wp-content\/uploads\/2025\/10\/001-FOTO-PRINCIPAL-13-1024x619.jpeg\" alt=\"\" class=\"wp-image-13784\" srcset=\"https:\/\/dc.diariodecomitan.com.mx\/wp-content\/uploads\/2025\/10\/001-FOTO-PRINCIPAL-13-1024x619.jpeg 1024w, https:\/\/dc.diariodecomitan.com.mx\/wp-content\/uploads\/2025\/10\/001-FOTO-PRINCIPAL-13-300x181.jpeg 300w, https:\/\/dc.diariodecomitan.com.mx\/wp-content\/uploads\/2025\/10\/001-FOTO-PRINCIPAL-13-768x464.jpeg 768w, https:\/\/dc.diariodecomitan.com.mx\/wp-content\/uploads\/2025\/10\/001-FOTO-PRINCIPAL-13.jpeg 1530w\" sizes=\"auto, (max-width: 1024px) 100vw, 1024px\" \/><\/figure>\n<\/div>","protected":false},"excerpt":{"rendered":"<p>DiDi y el Gobierno de Chiapas lanzan DiDi Taxi para fortalecer al gremio taxista y promover una movilidad m\u00e1s moderna e incluyente. Tuxtla Guti\u00e9rrez; 21\/Octubre\/2025.- En colaboraci\u00f3n con el Gobierno&hellip; <\/p>\n","protected":false},"author":2,"featured_media":13784,"comment_status":"closed","ping_status":"closed","sticky":false,"template":"","format":"standard","meta":{"footnotes":""},"categories":[15],"tags":[],"class_list":["post-13783","post","type-post","status-publish","format-standard","has-post-thumbnail","hentry","category-politica"],"_links":{"self":[{"href":"https:\/\/dc.diariodecomitan.com.mx\/index.php?rest_route=\/wp\/v2\/posts\/13783","targetHints":{"allow":["GET"]}}],"collection":[{"href":"https:\/\/dc.diariodecomitan.com.mx\/index.php?rest_route=\/wp\/v2\/posts"}],"about":[{"href":"https:\/\/dc.diariodecomitan.com.mx\/index.php?rest_route=\/wp\/v2\/types\/post"}],"author":[{"embeddable":true,"href":"https:\/\/dc.diariodecomitan.com.mx\/index.php?rest_route=\/wp\/v2\/users\/2"}],"replies":[{"embeddable":true,"href":"https:\/\/dc.diariodecomitan.com.mx\/index.php?rest_route=%2Fwp%2Fv2%2Fcomments&post=13783"}],"version-history":[{"count":1,"href":"https:\/\/dc.diariodecomitan.com.mx\/index.php?rest_route=\/wp\/v2\/posts\/13783\/revisions"}],"predecessor-version":[{"id":13786,"href":"https:\/\/dc.diariodecomitan.com.mx\/index.php?rest_route=\/wp\/v2\/posts\/13783\/revisions\/13786"}],"wp:featuredmedia":[{"embeddable":true,"href":"https:\/\/dc.diariodecomitan.com.mx\/index.php?rest_route=\/wp\/v2\/media\/13784"}],"wp:attachment":[{"href":"https:\/\/dc.diariodecomitan.com.mx\/index.php?rest_route=%2Fwp%2Fv2%2Fmedia&parent=13783"}],"wp:term":[{"taxonomy":"category","embeddable":true,"href":"https:\/\/dc.diariodecomitan.com.mx\/index.php?rest_route=%2Fwp%2Fv2%2Fcategories&post=13783"},{"taxonomy":"post_tag","embeddable":true,"href":"https:\/\/dc.diariodecomitan.com.mx\/index.php?rest_route=%2Fwp%2Fv2%2Ftags&post=13783"}],"curies":[{"name":"wp","href":"https:\/\/api.w.org\/{rel}","templated":true}]}}