{"id":14696,"date":"2025-11-03T21:19:50","date_gmt":"2025-11-04T03:19:50","guid":{"rendered":"https:\/\/dc.diariodecomitan.com.mx\/?p=14696"},"modified":"2025-11-03T21:19:51","modified_gmt":"2025-11-04T03:19:51","slug":"refuerzan-la-seguridad-en-las-margaritas","status":"publish","type":"post","link":"https:\/\/dc.diariodecomitan.com.mx\/?p=14696","title":{"rendered":"REFUERZAN la SEGURIDAD en LAS MARGARITAS"},"content":{"rendered":"\n<blockquote class=\"wp-block-quote is-layout-flow wp-block-quote-is-layout-flow\">\n<p><strong><em>Fortalecen la seguridad en Las Margaritas con entrega de patrulla y equipamiento policial.<\/em><\/strong><\/p>\n<\/blockquote>\n\n\n\n<p><strong>Las Margaritas; 03\/Noviembre\/2025.-<\/strong> En un esfuerzo por fortalecer las estrategias de seguridad p\u00fablica y garantizar la tranquilidad de las familias, el gobernador del estado, Eduardo Ram\u00edrez Aguilar, encabez\u00f3 este d\u00eda la entrega de una patrulla, equipamiento t\u00e1ctico y uniformes nuevos a la Polic\u00eda Municipal de Las Margaritas.<\/p>\n\n\n<div class=\"wp-block-image\">\n<figure class=\"alignright size-large is-resized\"><img loading=\"lazy\" decoding=\"async\" width=\"1024\" height=\"619\" src=\"https:\/\/dc.diariodecomitan.com.mx\/wp-content\/uploads\/2025\/11\/0-1024x619.jpg\" alt=\"\" class=\"wp-image-14697\" style=\"width:418px;height:auto\" srcset=\"https:\/\/dc.diariodecomitan.com.mx\/wp-content\/uploads\/2025\/11\/0-1024x619.jpg 1024w, https:\/\/dc.diariodecomitan.com.mx\/wp-content\/uploads\/2025\/11\/0-300x181.jpg 300w, https:\/\/dc.diariodecomitan.com.mx\/wp-content\/uploads\/2025\/11\/0-768x464.jpg 768w, https:\/\/dc.diariodecomitan.com.mx\/wp-content\/uploads\/2025\/11\/0.jpg 1530w\" sizes=\"auto, (max-width: 1024px) 100vw, 1024px\" \/><\/figure>\n<\/div>\n\n\n<p>Durante el acto, el mandatario estatal destac\u00f3 que estas acciones forman parte del compromiso de su gobierno por reforzar las capacidades operativas y de respuesta de los cuerpos de seguridad, especialmente en los municipios que requieren mayor atenci\u00f3n en materia preventiva.<\/p>\n\n\n\n<p>\u201c<em>Cada elemento policial debe contar con las herramientas necesarias para cumplir su labor con eficacia y dignidad. Nuestro objetivo es fortalecer la seguridad ciudadana desde lo local, con presencia, proximidad y confianza<\/em>\u201d, expres\u00f3 el gobernador.<\/p>\n\n\n\n<p>Por su parte, el presidente municipal de Las Margaritas, Bladimir Hern\u00e1ndez \u00c1lvarez, agradeci\u00f3 el respaldo del Gobierno del Estado y subray\u00f3 la importancia de mantener la coordinaci\u00f3n institucional.<\/p>\n\n\n<div class=\"wp-block-image\">\n<figure class=\"alignleft size-large is-resized\"><img loading=\"lazy\" decoding=\"async\" width=\"801\" height=\"1024\" src=\"https:\/\/dc.diariodecomitan.com.mx\/wp-content\/uploads\/2025\/11\/573235174_18027683588756426_3143554280391016321_n-801x1024.jpg\" alt=\"\" class=\"wp-image-14698\" style=\"width:361px;height:auto\" srcset=\"https:\/\/dc.diariodecomitan.com.mx\/wp-content\/uploads\/2025\/11\/573235174_18027683588756426_3143554280391016321_n-801x1024.jpg 801w, https:\/\/dc.diariodecomitan.com.mx\/wp-content\/uploads\/2025\/11\/573235174_18027683588756426_3143554280391016321_n-235x300.jpg 235w, https:\/\/dc.diariodecomitan.com.mx\/wp-content\/uploads\/2025\/11\/573235174_18027683588756426_3143554280391016321_n-768x982.jpg 768w, https:\/\/dc.diariodecomitan.com.mx\/wp-content\/uploads\/2025\/11\/573235174_18027683588756426_3143554280391016321_n.jpg 960w\" sizes=\"auto, (max-width: 801px) 100vw, 801px\" \/><\/figure>\n<\/div>\n\n\n<p>\u201c<em>La seguridad no se presume, se construye todos los d\u00edas con acciones reales. Agradecemos al gobernador Eduardo Ram\u00edrez por su apoyo y reafirmamos nuestro compromiso de seguir trabajando con disciplina y responsabilidad para garantizar paz y estabilidad en barrios, comunidades y ejidos<\/em>\u201d, se\u00f1al\u00f3 el alcalde.<\/p>\n\n\n\n<p>La entrega de esta unidad y equipamiento forma parte del programa de fortalecimiento municipal en materia de seguridad, que busca \u201cmejorar la capacidad de reacci\u00f3n, la prevenci\u00f3n del delito y la cercan\u00eda con la ciudadan\u00eda\u201d, consolidando as\u00ed entornos m\u00e1s seguros en la regi\u00f3n fronteriza de Chiapas.<\/p>\n\n\n\n<p>Con este tipo de acciones, el Gobierno del Estado refrenda su compromiso de continuar trabajando en coordinaci\u00f3n con los ayuntamientos para preservar la paz, el orden y la convivencia social en todo el territorio chiapaneco.<\/p>\n","protected":false},"excerpt":{"rendered":"<p>Fortalecen la seguridad en Las Margaritas con entrega de patrulla y equipamiento policial. Las Margaritas; 03\/Noviembre\/2025.- En un esfuerzo por fortalecer las estrategias de seguridad p\u00fablica y garantizar la tranquilidad&hellip; <\/p>\n","protected":false},"author":2,"featured_media":14697,"comment_status":"closed","ping_status":"closed","sticky":false,"template":"","format":"standard","meta":{"footnotes":""},"categories":[17],"tags":[],"class_list":["post-14696","post","type-post","status-publish","format-standard","has-post-thumbnail","hentry","category-municipios"],"_links":{"self":[{"href":"https:\/\/dc.diariodecomitan.com.mx\/index.php?rest_route=\/wp\/v2\/posts\/14696","targetHints":{"allow":["GET"]}}],"collection":[{"href":"https:\/\/dc.diariodecomitan.com.mx\/index.php?rest_route=\/wp\/v2\/posts"}],"about":[{"href":"https:\/\/dc.diariodecomitan.com.mx\/index.php?rest_route=\/wp\/v2\/types\/post"}],"author":[{"embeddable":true,"href":"https:\/\/dc.diariodecomitan.com.mx\/index.php?rest_route=\/wp\/v2\/users\/2"}],"replies":[{"embeddable":true,"href":"https:\/\/dc.diariodecomitan.com.mx\/index.php?rest_route=%2Fwp%2Fv2%2Fcomments&post=14696"}],"version-history":[{"count":1,"href":"https:\/\/dc.diariodecomitan.com.mx\/index.php?rest_route=\/wp\/v2\/posts\/14696\/revisions"}],"predecessor-version":[{"id":14699,"href":"https:\/\/dc.diariodecomitan.com.mx\/index.php?rest_route=\/wp\/v2\/posts\/14696\/revisions\/14699"}],"wp:featuredmedia":[{"embeddable":true,"href":"https:\/\/dc.diariodecomitan.com.mx\/index.php?rest_route=\/wp\/v2\/media\/14697"}],"wp:attachment":[{"href":"https:\/\/dc.diariodecomitan.com.mx\/index.php?rest_route=%2Fwp%2Fv2%2Fmedia&parent=14696"}],"wp:term":[{"taxonomy":"category","embeddable":true,"href":"https:\/\/dc.diariodecomitan.com.mx\/index.php?rest_route=%2Fwp%2Fv2%2Fcategories&post=14696"},{"taxonomy":"post_tag","embeddable":true,"href":"https:\/\/dc.diariodecomitan.com.mx\/index.php?rest_route=%2Fwp%2Fv2%2Ftags&post=14696"}],"curies":[{"name":"wp","href":"https:\/\/api.w.org\/{rel}","templated":true}]}}