{"id":14700,"date":"2025-11-03T22:50:19","date_gmt":"2025-11-04T04:50:19","guid":{"rendered":"https:\/\/dc.diariodecomitan.com.mx\/?p=14700"},"modified":"2025-11-12T10:44:14","modified_gmt":"2025-11-12T16:44:14","slug":"regresan-a-chiapas-los-jovenes-rescatados-en-altamar","status":"publish","type":"post","link":"https:\/\/dc.diariodecomitan.com.mx\/?p=14700","title":{"rendered":"REGRESAN a CHIAPAS los J\u00d3VENES RESCATADOS en ALTAMAR"},"content":{"rendered":"\n<p><strong>Salto de Agua; 03\/Noviembre\/2025.- <\/strong>Entre aplausos, abrazos y l\u00e1grimas de emoci\u00f3n, 18 j\u00f3venes chiapanecos regresaron este jueves a su tierra natal tras haber sido rescatados en altamar por la Secretar\u00eda de Marina (Semar) en aguas de Sinaloa.<\/p>\n\n\n\n<p>Los j\u00f3venes, originarios en su mayor\u00eda del municipio de Tila, as\u00ed como de Tumbal\u00e1 y otras localidades del norte de Chiapas, fueron localizados d\u00edas atr\u00e1s por personal naval en los litorales entre Sinaloa y Sonora, cuando presuntamente eran trasladados hacia Baja California Norte con la intenci\u00f3n de laborar en actividades agr\u00edcolas.<\/p>\n\n\n<div class=\"wp-block-image\">\n<figure class=\"alignright size-large is-resized\"><img loading=\"lazy\" decoding=\"async\" width=\"1024\" height=\"771\" src=\"https:\/\/dc.diariodecomitan.com.mx\/wp-content\/uploads\/2025\/11\/575089004_25123220620640668_734913955093203810_n-1024x771.jpg\" alt=\"\" class=\"wp-image-14702\" style=\"width:355px;height:auto\" srcset=\"https:\/\/dc.diariodecomitan.com.mx\/wp-content\/uploads\/2025\/11\/575089004_25123220620640668_734913955093203810_n-1024x771.jpg 1024w, https:\/\/dc.diariodecomitan.com.mx\/wp-content\/uploads\/2025\/11\/575089004_25123220620640668_734913955093203810_n-300x226.jpg 300w, https:\/\/dc.diariodecomitan.com.mx\/wp-content\/uploads\/2025\/11\/575089004_25123220620640668_734913955093203810_n-768x578.jpg 768w, https:\/\/dc.diariodecomitan.com.mx\/wp-content\/uploads\/2025\/11\/575089004_25123220620640668_734913955093203810_n-1536x1156.jpg 1536w, https:\/\/dc.diariodecomitan.com.mx\/wp-content\/uploads\/2025\/11\/575089004_25123220620640668_734913955093203810_n.jpg 1600w\" sizes=\"auto, (max-width: 1024px) 100vw, 1024px\" \/><\/figure>\n<\/div>\n\n\n<p>Luego de varios d\u00edas de incertidumbre para sus familias, los chiapanecos arribaron a bordo de un autob\u00fas de pasajeros al municipio de Salto de Agua, donde fueron recibidos por autoridades federales, estatales y municipales, adem\u00e1s de decenas de habitantes que se congregaron en el parque central para brindarles una c\u00e1lida bienvenida.<\/p>\n\n\n\n<p>En el operativo de recepci\u00f3n participaron representantes de los municipios de Yajal\u00f3n, Tila, Tumbal\u00e1 y Salto de Agua, as\u00ed como Elizabeth Hern\u00e1ndez Ballinas, directora de la Comisi\u00f3n Estatal de B\u00fasqueda, integrantes de la Fuerza de Reacci\u00f3n Inmediata Pakal (FRIP), elementos de la Polic\u00eda Municipal, Polic\u00eda Preventiva Vial del Estado y la Guardia Estatal de la Secretar\u00eda de Seguridad del Pueblo.<\/p>\n\n\n<div class=\"wp-block-image\">\n<figure class=\"alignleft size-large is-resized\"><img loading=\"lazy\" decoding=\"async\" width=\"1024\" height=\"771\" src=\"https:\/\/dc.diariodecomitan.com.mx\/wp-content\/uploads\/2025\/11\/577357063_25123220587307338_5818005675888675027_n-1024x771.jpg\" alt=\"\" class=\"wp-image-14703\" style=\"width:380px;height:auto\" srcset=\"https:\/\/dc.diariodecomitan.com.mx\/wp-content\/uploads\/2025\/11\/577357063_25123220587307338_5818005675888675027_n-1024x771.jpg 1024w, https:\/\/dc.diariodecomitan.com.mx\/wp-content\/uploads\/2025\/11\/577357063_25123220587307338_5818005675888675027_n-300x226.jpg 300w, https:\/\/dc.diariodecomitan.com.mx\/wp-content\/uploads\/2025\/11\/577357063_25123220587307338_5818005675888675027_n-768x578.jpg 768w, https:\/\/dc.diariodecomitan.com.mx\/wp-content\/uploads\/2025\/11\/577357063_25123220587307338_5818005675888675027_n-1536x1156.jpg 1536w, https:\/\/dc.diariodecomitan.com.mx\/wp-content\/uploads\/2025\/11\/577357063_25123220587307338_5818005675888675027_n.jpg 1600w\" sizes=\"auto, (max-width: 1024px) 100vw, 1024px\" \/><\/figure>\n<\/div>\n\n\n<p>Durante el acto, los j\u00f3venes \u201416 hombres y dos mujeres\u2014 recibieron atenci\u00f3n m\u00e9dica, alimentos y apoyo psicol\u00f3gico, como parte de un operativo humanitario de acompa\u00f1amiento organizado por las autoridades. Posteriormente, fueron invitados a un desayuno ofrecido por el ayuntamiento, donde compartieron su experiencia y expresaron su deseo de reunirse cuanto antes con sus familias.<\/p>\n\n\n\n<p>De acuerdo con la Fiscal\u00eda General del Estado de Sinaloa, tras las investigaciones correspondientes se determin\u00f3 que los j\u00f3venes no fueron v\u00edctimas de ning\u00fan delito. Seg\u00fan los testimonios recabados, su prop\u00f3sito era trasladarse al norte del pa\u00eds para trabajar, pero se extraviaron en altamar, lo que deriv\u00f3 en su rescate por parte de la Marina Armada de M\u00e9xico.<\/p>\n\n\n\n<p>Las autoridades locales destacaron la coordinaci\u00f3n entre los tres niveles de gobierno y reconocieron la labor de los cuerpos de seguridad y auxilio que participaron en el rescate y retorno de los j\u00f3venes.<\/p>\n\n\n\n<p>Finalmente, tras la jornada de bienvenida, cada uno fue trasladado a su comunidad de origen para reencontrarse con sus familias, poniendo fin a una historia que, por varios d\u00edas, mantuvo en vilo a la regi\u00f3n norte de Chiapas.<\/p>\n\n\n\n<p>\u201c<em>Estamos agradecidos con Dios y con quienes nos ayudaron. Solo queremos volver a casa y seguir adelante<\/em>\u201d, expres\u00f3 uno de los j\u00f3venes al llegar al parque central de Salto de Agua.<\/p>\n\n\n\n<p>El retorno de los j\u00f3venes chiapanecos marca el cierre de un operativo humanitario que evit\u00f3 una posible tragedia y devolvi\u00f3 la tranquilidad a decenas de familias que esperaban noticias desde el coraz\u00f3n de la Selva Norte.<\/p>\n","protected":false},"excerpt":{"rendered":"<p>Salto de Agua; 03\/Noviembre\/2025.- Entre aplausos, abrazos y l\u00e1grimas de emoci\u00f3n, 18 j\u00f3venes chiapanecos regresaron este jueves a su tierra natal tras haber sido rescatados en altamar por la Secretar\u00eda&hellip; <\/p>\n","protected":false},"author":2,"featured_media":14701,"comment_status":"closed","ping_status":"closed","sticky":false,"template":"","format":"standard","meta":{"footnotes":""},"categories":[8,16],"tags":[],"class_list":["post-14700","post","type-post","status-publish","format-standard","has-post-thumbnail","hentry","category-estatal","category-portada"],"_links":{"self":[{"href":"https:\/\/dc.diariodecomitan.com.mx\/index.php?rest_route=\/wp\/v2\/posts\/14700","targetHints":{"allow":["GET"]}}],"collection":[{"href":"https:\/\/dc.diariodecomitan.com.mx\/index.php?rest_route=\/wp\/v2\/posts"}],"about":[{"href":"https:\/\/dc.diariodecomitan.com.mx\/index.php?rest_route=\/wp\/v2\/types\/post"}],"author":[{"embeddable":true,"href":"https:\/\/dc.diariodecomitan.com.mx\/index.php?rest_route=\/wp\/v2\/users\/2"}],"replies":[{"embeddable":true,"href":"https:\/\/dc.diariodecomitan.com.mx\/index.php?rest_route=%2Fwp%2Fv2%2Fcomments&post=14700"}],"version-history":[{"count":2,"href":"https:\/\/dc.diariodecomitan.com.mx\/index.php?rest_route=\/wp\/v2\/posts\/14700\/revisions"}],"predecessor-version":[{"id":15177,"href":"https:\/\/dc.diariodecomitan.com.mx\/index.php?rest_route=\/wp\/v2\/posts\/14700\/revisions\/15177"}],"wp:featuredmedia":[{"embeddable":true,"href":"https:\/\/dc.diariodecomitan.com.mx\/index.php?rest_route=\/wp\/v2\/media\/14701"}],"wp:attachment":[{"href":"https:\/\/dc.diariodecomitan.com.mx\/index.php?rest_route=%2Fwp%2Fv2%2Fmedia&parent=14700"}],"wp:term":[{"taxonomy":"category","embeddable":true,"href":"https:\/\/dc.diariodecomitan.com.mx\/index.php?rest_route=%2Fwp%2Fv2%2Fcategories&post=14700"},{"taxonomy":"post_tag","embeddable":true,"href":"https:\/\/dc.diariodecomitan.com.mx\/index.php?rest_route=%2Fwp%2Fv2%2Ftags&post=14700"}],"curies":[{"name":"wp","href":"https:\/\/api.w.org\/{rel}","templated":true}]}}