{"id":14705,"date":"2025-11-03T23:30:22","date_gmt":"2025-11-04T05:30:22","guid":{"rendered":"https:\/\/dc.diariodecomitan.com.mx\/?p=14705"},"modified":"2025-11-03T23:30:23","modified_gmt":"2025-11-04T05:30:23","slug":"dias-muerto-en-su-casa-lo-hallaron-por-el-olor","status":"publish","type":"post","link":"https:\/\/dc.diariodecomitan.com.mx\/?p=14705","title":{"rendered":"D\u00cdAS MUERTO en su CASA, LO HALLARON por el OLOR"},"content":{"rendered":"\n<blockquote class=\"wp-block-quote is-layout-flow wp-block-quote-is-layout-flow\">\n<p><strong><em>Vecinos alertaron por el fuerte olor que proven\u00eda del domicilio; las autoridades investigan las causas del fallecimiento.<\/em><\/strong><\/p>\n<\/blockquote>\n\n\n\n<p><strong>MDR<\/strong><\/p>\n\n\n\n<p><strong>Tuxtla Guti\u00e9rrez; 03\/Noviembre\/2025.-<\/strong> Un hombre identificado como Limberg M\u00e9ndez, de 57 a\u00f1os de edad, fue localizado sin vida y en avanzado estado de descomposici\u00f3n la tarde de este lunes, dentro de su vivienda ubicada sobre la 10\u00aa. Avenida Sur, entre 8\u00aa y 9\u00aa Calle Poniente, en el Barrio San Francisco, al sur poniente de esta capital.<\/p>\n\n\n<div class=\"wp-block-image\">\n<figure class=\"alignright size-large is-resized\"><img loading=\"lazy\" decoding=\"async\" width=\"1024\" height=\"619\" src=\"https:\/\/dc.diariodecomitan.com.mx\/wp-content\/uploads\/2025\/11\/002-575189703_1154560680144523_2244096680921294767_n-1024x619.jpg\" alt=\"\" class=\"wp-image-14706\" style=\"width:428px;height:auto\" srcset=\"https:\/\/dc.diariodecomitan.com.mx\/wp-content\/uploads\/2025\/11\/002-575189703_1154560680144523_2244096680921294767_n-1024x619.jpg 1024w, https:\/\/dc.diariodecomitan.com.mx\/wp-content\/uploads\/2025\/11\/002-575189703_1154560680144523_2244096680921294767_n-300x181.jpg 300w, https:\/\/dc.diariodecomitan.com.mx\/wp-content\/uploads\/2025\/11\/002-575189703_1154560680144523_2244096680921294767_n-768x464.jpg 768w, https:\/\/dc.diariodecomitan.com.mx\/wp-content\/uploads\/2025\/11\/002-575189703_1154560680144523_2244096680921294767_n.jpg 1530w\" sizes=\"auto, (max-width: 1024px) 100vw, 1024px\" \/><\/figure>\n<\/div>\n\n\n<p>El hallazgo ocurri\u00f3 alrededor de las 15:00 horas, cuando vecinos del lugar reportaron un fuerte olor f\u00e9tido que emanaba del interior del domicilio. Minutos despu\u00e9s, una familiar del occiso, Lucero de Jes\u00fas \u201cN\u201d, acudi\u00f3 a verificar la situaci\u00f3n y, al ingresar, encontr\u00f3 el cuerpo de su t\u00edo tirado en el suelo, sin signos vitales.<\/p>\n\n\n\n<p>De acuerdo con el testimonio de los familiares, la \u00faltima comunicaci\u00f3n con el se\u00f1or M\u00e9ndez fue el pasado viernes. Desde entonces, no respond\u00eda llamadas ni mensajes, lo que gener\u00f3 preocupaci\u00f3n entre sus allegados.<\/p>\n\n\n<div class=\"wp-block-image\">\n<figure class=\"alignleft size-large is-resized\"><img loading=\"lazy\" decoding=\"async\" width=\"1024\" height=\"539\" src=\"https:\/\/dc.diariodecomitan.com.mx\/wp-content\/uploads\/2025\/11\/574951666_1405210264942231_7381875753604362482_n-1024x539.jpg\" alt=\"\" class=\"wp-image-14707\" style=\"width:448px;height:auto\" srcset=\"https:\/\/dc.diariodecomitan.com.mx\/wp-content\/uploads\/2025\/11\/574951666_1405210264942231_7381875753604362482_n-1024x539.jpg 1024w, https:\/\/dc.diariodecomitan.com.mx\/wp-content\/uploads\/2025\/11\/574951666_1405210264942231_7381875753604362482_n-300x158.jpg 300w, https:\/\/dc.diariodecomitan.com.mx\/wp-content\/uploads\/2025\/11\/574951666_1405210264942231_7381875753604362482_n-768x404.jpg 768w, https:\/\/dc.diariodecomitan.com.mx\/wp-content\/uploads\/2025\/11\/574951666_1405210264942231_7381875753604362482_n.jpg 1178w\" sizes=\"auto, (max-width: 1024px) 100vw, 1024px\" \/><\/figure>\n<\/div>\n\n\n<p>Elementos de la Secretar\u00eda de Seguridad del Pueblo de Chiapas arribaron al sitio y procedieron a acordonar la zona, mientras notificaban a las autoridades ministeriales para el inicio de las investigaciones. Posteriormente, personal forense realiz\u00f3 el levantamiento del cuerpo y lo traslad\u00f3 al Servicio M\u00e9dico Forense (Semefo), donde se llevar\u00e1 a cabo la necropsia correspondiente para determinar la causa exacta del fallecimiento.<\/p>\n\n\n\n<p>Tras concluir los procedimientos legales, se inform\u00f3 que los familiares del fallecido realizar\u00e1n los tr\u00e1mites necesarios para reclamar el cuerpo y organizar los servicios funerarios conforme a sus costumbres.<\/p>\n\n\n\n<p>Las autoridades contin\u00faan con las diligencias para esclarecer las circunstancias en que ocurri\u00f3 el deceso.<\/p>\n","protected":false},"excerpt":{"rendered":"<p>Vecinos alertaron por el fuerte olor que proven\u00eda del domicilio; las autoridades investigan las causas del fallecimiento. MDR Tuxtla Guti\u00e9rrez; 03\/Noviembre\/2025.- Un hombre identificado como Limberg M\u00e9ndez, de 57 a\u00f1os&hellip; <\/p>\n","protected":false},"author":2,"featured_media":14706,"comment_status":"closed","ping_status":"closed","sticky":false,"template":"","format":"standard","meta":{"footnotes":""},"categories":[10,16],"tags":[],"class_list":["post-14705","post","type-post","status-publish","format-standard","has-post-thumbnail","hentry","category-policiaca","category-portada"],"_links":{"self":[{"href":"https:\/\/dc.diariodecomitan.com.mx\/index.php?rest_route=\/wp\/v2\/posts\/14705","targetHints":{"allow":["GET"]}}],"collection":[{"href":"https:\/\/dc.diariodecomitan.com.mx\/index.php?rest_route=\/wp\/v2\/posts"}],"about":[{"href":"https:\/\/dc.diariodecomitan.com.mx\/index.php?rest_route=\/wp\/v2\/types\/post"}],"author":[{"embeddable":true,"href":"https:\/\/dc.diariodecomitan.com.mx\/index.php?rest_route=\/wp\/v2\/users\/2"}],"replies":[{"embeddable":true,"href":"https:\/\/dc.diariodecomitan.com.mx\/index.php?rest_route=%2Fwp%2Fv2%2Fcomments&post=14705"}],"version-history":[{"count":1,"href":"https:\/\/dc.diariodecomitan.com.mx\/index.php?rest_route=\/wp\/v2\/posts\/14705\/revisions"}],"predecessor-version":[{"id":14708,"href":"https:\/\/dc.diariodecomitan.com.mx\/index.php?rest_route=\/wp\/v2\/posts\/14705\/revisions\/14708"}],"wp:featuredmedia":[{"embeddable":true,"href":"https:\/\/dc.diariodecomitan.com.mx\/index.php?rest_route=\/wp\/v2\/media\/14706"}],"wp:attachment":[{"href":"https:\/\/dc.diariodecomitan.com.mx\/index.php?rest_route=%2Fwp%2Fv2%2Fmedia&parent=14705"}],"wp:term":[{"taxonomy":"category","embeddable":true,"href":"https:\/\/dc.diariodecomitan.com.mx\/index.php?rest_route=%2Fwp%2Fv2%2Fcategories&post=14705"},{"taxonomy":"post_tag","embeddable":true,"href":"https:\/\/dc.diariodecomitan.com.mx\/index.php?rest_route=%2Fwp%2Fv2%2Ftags&post=14705"}],"curies":[{"name":"wp","href":"https:\/\/api.w.org\/{rel}","templated":true}]}}