{"id":1482,"date":"2025-04-02T08:19:55","date_gmt":"2025-04-02T14:19:55","guid":{"rendered":"https:\/\/dc.diariodecomitan.com.mx\/?p=1482"},"modified":"2025-04-02T08:19:56","modified_gmt":"2025-04-02T14:19:56","slug":"20-anos-de-prision-por-abuso-a-menores","status":"publish","type":"post","link":"https:\/\/dc.diariodecomitan.com.mx\/?p=1482","title":{"rendered":"20 A\u00d1OS de PRISI\u00d3N por ABUSO a MENORES"},"content":{"rendered":"\n<p><strong>Sentencia Condenatoria por Pederastia en Reforma: Jorge \u00abN\u00bb Recibe 20 A\u00f1os de Prisi\u00f3n.<\/strong><\/p>\n\n\n\n<figure class=\"wp-block-image size-large\"><img loading=\"lazy\" decoding=\"async\" width=\"1024\" height=\"1003\" src=\"https:\/\/dc.diariodecomitan.com.mx\/wp-content\/uploads\/2025\/04\/Imagen-de-WhatsApp-2025-04-01-a-las-12.47.39_a751c93c-1024x1003.jpg\" alt=\"\" class=\"wp-image-1484\" srcset=\"https:\/\/dc.diariodecomitan.com.mx\/wp-content\/uploads\/2025\/04\/Imagen-de-WhatsApp-2025-04-01-a-las-12.47.39_a751c93c-1024x1003.jpg 1024w, https:\/\/dc.diariodecomitan.com.mx\/wp-content\/uploads\/2025\/04\/Imagen-de-WhatsApp-2025-04-01-a-las-12.47.39_a751c93c-300x294.jpg 300w, https:\/\/dc.diariodecomitan.com.mx\/wp-content\/uploads\/2025\/04\/Imagen-de-WhatsApp-2025-04-01-a-las-12.47.39_a751c93c-768x752.jpg 768w, https:\/\/dc.diariodecomitan.com.mx\/wp-content\/uploads\/2025\/04\/Imagen-de-WhatsApp-2025-04-01-a-las-12.47.39_a751c93c.jpg 1103w\" sizes=\"auto, (max-width: 1024px) 100vw, 1024px\" \/><\/figure>\n\n\n\n<p><strong>Reforma; 01\/ABR\/2025.- <\/strong>La Fiscal\u00eda General del Estado (FGE) ha logrado una sentencia condenatoria en contra de Jorge \u201cN\u201d por su responsabilidad en el delito de pederastia, cometido en agravio de tres menores de edad en el municipio de Reforma. El Juez de Enjuiciamiento de la Regi\u00f3n 03 dict\u00f3 una pena de 20 a\u00f1os de prisi\u00f3n, adem\u00e1s de una multa equivalente a 1002 Unidades de Medida y Actualizaci\u00f3n (UMAS), y le orden\u00f3 la reparaci\u00f3n del da\u00f1o a las v\u00edctimas.<\/p>\n\n\n\n<p>Los hechos ocurrieron en el municipio de Reforma, donde el acusado fue se\u00f1alado por las v\u00edctimas, quienes posteriormente testificaron durante el juicio. En el fallo, el juez tambi\u00e9n resolvi\u00f3 la suspensi\u00f3n de los derechos civiles y pol\u00edticos de Jorge \u201cN\u201d y dej\u00f3 en claro que no se conceder\u00edan beneficios en su sentencia.<\/p>\n\n\n\n<p>La Fiscal\u00eda General del Estado, a trav\u00e9s de un comunicado oficial, reafirm\u00f3 su compromiso de velar por los derechos humanos de las ni\u00f1as, ni\u00f1os y adolescentes, y de garantizar que todos los casos denunciados sean debidamente esclarecidos. Con este tipo de sentencias, la FGE subraya su pol\u00edtica de Cero Impunidad, buscando garantizar que los responsables de estos delitos enfrenten la justicia de acuerdo con la ley.<\/p>\n\n\n\n<p>El caso subraya la importancia de las acciones preventivas y la denuncia de estos delitos, adem\u00e1s de enviar un mensaje claro a la ciudadan\u00eda de que el Estado trabajar\u00e1 de manera incansable para proteger a las v\u00edctimas y castigar a los culpables.<\/p>\n","protected":false},"excerpt":{"rendered":"<p>Sentencia Condenatoria por Pederastia en Reforma: Jorge \u00abN\u00bb Recibe 20 A\u00f1os de Prisi\u00f3n. Reforma; 01\/ABR\/2025.- La Fiscal\u00eda General del Estado (FGE) ha logrado una sentencia condenatoria en contra de Jorge&hellip; <\/p>\n","protected":false},"author":2,"featured_media":1483,"comment_status":"closed","ping_status":"closed","sticky":false,"template":"","format":"standard","meta":{"footnotes":""},"categories":[10],"tags":[],"class_list":["post-1482","post","type-post","status-publish","format-standard","has-post-thumbnail","hentry","category-policiaca"],"_links":{"self":[{"href":"https:\/\/dc.diariodecomitan.com.mx\/index.php?rest_route=\/wp\/v2\/posts\/1482","targetHints":{"allow":["GET"]}}],"collection":[{"href":"https:\/\/dc.diariodecomitan.com.mx\/index.php?rest_route=\/wp\/v2\/posts"}],"about":[{"href":"https:\/\/dc.diariodecomitan.com.mx\/index.php?rest_route=\/wp\/v2\/types\/post"}],"author":[{"embeddable":true,"href":"https:\/\/dc.diariodecomitan.com.mx\/index.php?rest_route=\/wp\/v2\/users\/2"}],"replies":[{"embeddable":true,"href":"https:\/\/dc.diariodecomitan.com.mx\/index.php?rest_route=%2Fwp%2Fv2%2Fcomments&post=1482"}],"version-history":[{"count":1,"href":"https:\/\/dc.diariodecomitan.com.mx\/index.php?rest_route=\/wp\/v2\/posts\/1482\/revisions"}],"predecessor-version":[{"id":1485,"href":"https:\/\/dc.diariodecomitan.com.mx\/index.php?rest_route=\/wp\/v2\/posts\/1482\/revisions\/1485"}],"wp:featuredmedia":[{"embeddable":true,"href":"https:\/\/dc.diariodecomitan.com.mx\/index.php?rest_route=\/wp\/v2\/media\/1483"}],"wp:attachment":[{"href":"https:\/\/dc.diariodecomitan.com.mx\/index.php?rest_route=%2Fwp%2Fv2%2Fmedia&parent=1482"}],"wp:term":[{"taxonomy":"category","embeddable":true,"href":"https:\/\/dc.diariodecomitan.com.mx\/index.php?rest_route=%2Fwp%2Fv2%2Fcategories&post=1482"},{"taxonomy":"post_tag","embeddable":true,"href":"https:\/\/dc.diariodecomitan.com.mx\/index.php?rest_route=%2Fwp%2Fv2%2Ftags&post=1482"}],"curies":[{"name":"wp","href":"https:\/\/api.w.org\/{rel}","templated":true}]}}