{"id":1490,"date":"2025-04-02T08:25:37","date_gmt":"2025-04-02T14:25:37","guid":{"rendered":"https:\/\/dc.diariodecomitan.com.mx\/?p=1490"},"modified":"2025-04-02T08:25:38","modified_gmt":"2025-04-02T14:25:38","slug":"remodelaran-las-instalaciones-de-la-feria-en-comitan","status":"publish","type":"post","link":"https:\/\/dc.diariodecomitan.com.mx\/?p=1490","title":{"rendered":"REMODELAR\u00c1N las INSTALACIONES de la FERIA en COMIT\u00c1N"},"content":{"rendered":"\n<p><strong>El Secretario de Agricultura, Marco Antonio Barva Arrocha, anuncia la mejora de la infraestructura para la pr\u00f3xima ExpoFeria en Comit\u00e1n.<\/strong><\/p>\n\n\n\n<figure class=\"wp-block-image size-large\"><img loading=\"lazy\" decoding=\"async\" width=\"1024\" height=\"619\" src=\"https:\/\/dc.diariodecomitan.com.mx\/wp-content\/uploads\/2025\/04\/Destacados-DC-1530x925-2025-04-02T082415.731-1024x619.jpg\" alt=\"\" class=\"wp-image-1492\" srcset=\"https:\/\/dc.diariodecomitan.com.mx\/wp-content\/uploads\/2025\/04\/Destacados-DC-1530x925-2025-04-02T082415.731-1024x619.jpg 1024w, https:\/\/dc.diariodecomitan.com.mx\/wp-content\/uploads\/2025\/04\/Destacados-DC-1530x925-2025-04-02T082415.731-300x181.jpg 300w, https:\/\/dc.diariodecomitan.com.mx\/wp-content\/uploads\/2025\/04\/Destacados-DC-1530x925-2025-04-02T082415.731-768x464.jpg 768w, https:\/\/dc.diariodecomitan.com.mx\/wp-content\/uploads\/2025\/04\/Destacados-DC-1530x925-2025-04-02T082415.731.jpg 1530w\" sizes=\"auto, (max-width: 1024px) 100vw, 1024px\" \/><\/figure>\n\n\n\n<p><strong>Ari Peralta.<\/strong><\/p>\n\n\n\n<p><strong>Comit\u00e1n de Dom\u00ednguez; 02\/ABR\/2025.-<\/strong> Tras la visita de Marco Antonio Barva Arrocha, Secretario de Agricultura, Ganader\u00eda y Pesca, se dio a conocer la remodelaci\u00f3n de las instalaciones del recinto ferial, por lo que para la ExpoFeria 2025, esta lucir\u00e1 mejor.<\/p>\n\n\n\n<p>Fue a trav\u00e9s de la p\u00e1gina oficial de la secretar\u00eda, en la que se dio el anuncio, resaltado que, \u201cpara la Expo Feria Comit\u00e1n 2025, la tierra del gobernador Eduardo Ram\u00edrez Aguilar, Barba Arrocha dijo que se iniciar\u00e1 un proceso de modernizaci\u00f3n de sus instalaciones con el fin de mejorar ese espacio que visibilizan el talento, conectan productos con mercados y abren puertas a alianzas que pueden cambiar comunidades\u201d.<\/p>\n\n\n\n<figure class=\"wp-block-image size-large\"><img loading=\"lazy\" decoding=\"async\" width=\"1024\" height=\"576\" src=\"https:\/\/dc.diariodecomitan.com.mx\/wp-content\/uploads\/2025\/04\/Imagen-de-WhatsApp-2025-04-01-a-las-23.22.21_efc679d3-1024x576.jpg\" alt=\"\" class=\"wp-image-1493\" srcset=\"https:\/\/dc.diariodecomitan.com.mx\/wp-content\/uploads\/2025\/04\/Imagen-de-WhatsApp-2025-04-01-a-las-23.22.21_efc679d3-1024x576.jpg 1024w, https:\/\/dc.diariodecomitan.com.mx\/wp-content\/uploads\/2025\/04\/Imagen-de-WhatsApp-2025-04-01-a-las-23.22.21_efc679d3-300x169.jpg 300w, https:\/\/dc.diariodecomitan.com.mx\/wp-content\/uploads\/2025\/04\/Imagen-de-WhatsApp-2025-04-01-a-las-23.22.21_efc679d3-768x432.jpg 768w, https:\/\/dc.diariodecomitan.com.mx\/wp-content\/uploads\/2025\/04\/Imagen-de-WhatsApp-2025-04-01-a-las-23.22.21_efc679d3-1536x864.jpg 1536w, https:\/\/dc.diariodecomitan.com.mx\/wp-content\/uploads\/2025\/04\/Imagen-de-WhatsApp-2025-04-01-a-las-23.22.21_efc679d3.jpg 1600w\" sizes=\"auto, (max-width: 1024px) 100vw, 1024px\" \/><\/figure>\n\n\n\n<p>Con lo anterior, Comit\u00e1n se estar\u00e1 consolidando como motor del desarrollo agropecuario regional, siendo parte en la transformaci\u00f3n del campo chiapaneco, un&nbsp; esfuerzo que incluye desde el sector social hasta los inversionistas.<\/p>\n\n\n\n<p>Adem\u00e1s, se anunci\u00f3 tambi\u00e9n la modernizaci\u00f3n del Rastro Municipal de Comit\u00e1n a Tipo Inspecci\u00f3n Federal (TIF), un proyecto que permitir\u00e1 garantizar carne de calidad, proteger la salud p\u00fablica y generar&nbsp;empleo&nbsp;local.<\/p>\n","protected":false},"excerpt":{"rendered":"<p>El Secretario de Agricultura, Marco Antonio Barva Arrocha, anuncia la mejora de la infraestructura para la pr\u00f3xima ExpoFeria en Comit\u00e1n. Ari Peralta. Comit\u00e1n de Dom\u00ednguez; 02\/ABR\/2025.- Tras la visita de&hellip; <\/p>\n","protected":false},"author":2,"featured_media":1491,"comment_status":"closed","ping_status":"closed","sticky":false,"template":"","format":"standard","meta":{"footnotes":""},"categories":[3,16],"tags":[],"class_list":["post-1490","post","type-post","status-publish","format-standard","has-post-thumbnail","hentry","category-comitan","category-portada"],"_links":{"self":[{"href":"https:\/\/dc.diariodecomitan.com.mx\/index.php?rest_route=\/wp\/v2\/posts\/1490","targetHints":{"allow":["GET"]}}],"collection":[{"href":"https:\/\/dc.diariodecomitan.com.mx\/index.php?rest_route=\/wp\/v2\/posts"}],"about":[{"href":"https:\/\/dc.diariodecomitan.com.mx\/index.php?rest_route=\/wp\/v2\/types\/post"}],"author":[{"embeddable":true,"href":"https:\/\/dc.diariodecomitan.com.mx\/index.php?rest_route=\/wp\/v2\/users\/2"}],"replies":[{"embeddable":true,"href":"https:\/\/dc.diariodecomitan.com.mx\/index.php?rest_route=%2Fwp%2Fv2%2Fcomments&post=1490"}],"version-history":[{"count":1,"href":"https:\/\/dc.diariodecomitan.com.mx\/index.php?rest_route=\/wp\/v2\/posts\/1490\/revisions"}],"predecessor-version":[{"id":1494,"href":"https:\/\/dc.diariodecomitan.com.mx\/index.php?rest_route=\/wp\/v2\/posts\/1490\/revisions\/1494"}],"wp:featuredmedia":[{"embeddable":true,"href":"https:\/\/dc.diariodecomitan.com.mx\/index.php?rest_route=\/wp\/v2\/media\/1491"}],"wp:attachment":[{"href":"https:\/\/dc.diariodecomitan.com.mx\/index.php?rest_route=%2Fwp%2Fv2%2Fmedia&parent=1490"}],"wp:term":[{"taxonomy":"category","embeddable":true,"href":"https:\/\/dc.diariodecomitan.com.mx\/index.php?rest_route=%2Fwp%2Fv2%2Fcategories&post=1490"},{"taxonomy":"post_tag","embeddable":true,"href":"https:\/\/dc.diariodecomitan.com.mx\/index.php?rest_route=%2Fwp%2Fv2%2Ftags&post=1490"}],"curies":[{"name":"wp","href":"https:\/\/api.w.org\/{rel}","templated":true}]}}