{"id":1495,"date":"2025-04-02T08:28:46","date_gmt":"2025-04-02T14:28:46","guid":{"rendered":"https:\/\/dc.diariodecomitan.com.mx\/?p=1495"},"modified":"2025-04-02T08:28:46","modified_gmt":"2025-04-02T14:28:46","slug":"gobernador-refuerza-rendicion-de-cuentas-en-infraestructura","status":"publish","type":"post","link":"https:\/\/dc.diariodecomitan.com.mx\/?p=1495","title":{"rendered":"GOBERNADOR REFUERZA RENDICI\u00d3N de CUENTAS en INFRAESTRUCTURA"},"content":{"rendered":"\n<p><strong>Eduardo Ram\u00edrez garantiza transparencia en obras, con licitaciones justas y sin sobrecostos.<\/strong> <strong>Solo constructoras cumplidas podr\u00e1n licitar en Chiapas.<\/strong> <strong>Empresas con irregularidades ser\u00e1n inhabilitadas.<\/strong><\/p>\n\n\n\n<figure class=\"wp-block-image size-large\"><img loading=\"lazy\" decoding=\"async\" width=\"1024\" height=\"619\" src=\"https:\/\/dc.diariodecomitan.com.mx\/wp-content\/uploads\/2025\/04\/Destacados-DC-1530x925-2025-04-02T082656.355-1-1024x619.jpg\" alt=\"\" class=\"wp-image-1497\" srcset=\"https:\/\/dc.diariodecomitan.com.mx\/wp-content\/uploads\/2025\/04\/Destacados-DC-1530x925-2025-04-02T082656.355-1-1024x619.jpg 1024w, https:\/\/dc.diariodecomitan.com.mx\/wp-content\/uploads\/2025\/04\/Destacados-DC-1530x925-2025-04-02T082656.355-1-300x181.jpg 300w, https:\/\/dc.diariodecomitan.com.mx\/wp-content\/uploads\/2025\/04\/Destacados-DC-1530x925-2025-04-02T082656.355-1-768x464.jpg 768w, https:\/\/dc.diariodecomitan.com.mx\/wp-content\/uploads\/2025\/04\/Destacados-DC-1530x925-2025-04-02T082656.355-1.jpg 1530w\" sizes=\"auto, (max-width: 1024px) 100vw, 1024px\" \/><\/figure>\n\n\n\n<p><strong>Tuxtla Guti\u00e9rrez; 01\/ABR\/2025.- <\/strong>El gobernador Eduardo Ram\u00edrez Aguilar presidi\u00f3 una reuni\u00f3n de trabajo con integrantes del Gabinete de Infraestructura, donde reafirm\u00f3 su compromiso con la transparencia y la rendici\u00f3n de cuentas como ejes fundamentales de la Nueva ERA en todas las obras p\u00fablicas.<\/p>\n\n\n\n<p>Acompa\u00f1ado por la secretaria Anticorrupci\u00f3n y Buen Gobierno, Ana Laura Romero Basurto, el mandatario destac\u00f3 que, en su administraci\u00f3n, solo podr\u00e1n participar en licitaciones las constructoras que hayan cumplido con sus compromisos, mientras que aquellas que presenten obras inconclusas o pendientes en auditor\u00edas ser\u00e1n inhabilitadas.<\/p>\n\n\n\n<figure class=\"wp-block-image size-large\"><a href=\"https:\/\/wa.me\/529631094969\"><img loading=\"lazy\" decoding=\"async\" width=\"1024\" height=\"194\" src=\"https:\/\/dc.diariodecomitan.com.mx\/wp-content\/uploads\/2025\/03\/CINTILLO-GASCOM-1024x194.png\" alt=\"\" class=\"wp-image-637\" srcset=\"https:\/\/dc.diariodecomitan.com.mx\/wp-content\/uploads\/2025\/03\/CINTILLO-GASCOM-1024x194.png 1024w, https:\/\/dc.diariodecomitan.com.mx\/wp-content\/uploads\/2025\/03\/CINTILLO-GASCOM-300x57.png 300w, https:\/\/dc.diariodecomitan.com.mx\/wp-content\/uploads\/2025\/03\/CINTILLO-GASCOM-768x146.png 768w, https:\/\/dc.diariodecomitan.com.mx\/wp-content\/uploads\/2025\/03\/CINTILLO-GASCOM-1536x291.png 1536w, https:\/\/dc.diariodecomitan.com.mx\/wp-content\/uploads\/2025\/03\/CINTILLO-GASCOM-2048x388.png 2048w\" sizes=\"auto, (max-width: 1024px) 100vw, 1024px\" \/><\/a><\/figure>\n\n\n\n<p>Asimismo, Ram\u00edrez Aguilar subray\u00f3 que se llevar\u00e1 a cabo una revisi\u00f3n minuciosa de los precios unitarios para evitar sobrecostos y garantizar un uso eficiente y responsable del presupuesto p\u00fablico.<\/p>\n\n\n\n<p>Durante la reuni\u00f3n, se analizaron los expedientes de empresas constructoras con observaciones, con el prop\u00f3sito de aplicar las sanciones correspondientes y reforzar las medidas de transparencia en el sector.<\/p>\n\n\n\n<p>En el encuentro participaron la secretaria de Infraestructura, Anakaren G\u00f3mez Zuart; el subsecretario de Caminos e Infraestructura Hidr\u00e1ulica, Rafael Ruiz Morales; el director general del Instituto de la Infraestructura F\u00edsica Educativa (Inifech), Carlos Ildelfonso Jim\u00e9nez Trujillo; el director general de la Promotora de Vivienda Chiapas (Provich), Fernando Farro Jos\u00e9, entre otros.<\/p>\n","protected":false},"excerpt":{"rendered":"<p>Eduardo Ram\u00edrez garantiza transparencia en obras, con licitaciones justas y sin sobrecostos. Solo constructoras cumplidas podr\u00e1n licitar en Chiapas. Empresas con irregularidades ser\u00e1n inhabilitadas. Tuxtla Guti\u00e9rrez; 01\/ABR\/2025.- El gobernador Eduardo&hellip; <\/p>\n","protected":false},"author":2,"featured_media":1496,"comment_status":"closed","ping_status":"closed","sticky":false,"template":"","format":"standard","meta":{"footnotes":""},"categories":[8,16],"tags":[],"class_list":["post-1495","post","type-post","status-publish","format-standard","has-post-thumbnail","hentry","category-estatal","category-portada"],"_links":{"self":[{"href":"https:\/\/dc.diariodecomitan.com.mx\/index.php?rest_route=\/wp\/v2\/posts\/1495","targetHints":{"allow":["GET"]}}],"collection":[{"href":"https:\/\/dc.diariodecomitan.com.mx\/index.php?rest_route=\/wp\/v2\/posts"}],"about":[{"href":"https:\/\/dc.diariodecomitan.com.mx\/index.php?rest_route=\/wp\/v2\/types\/post"}],"author":[{"embeddable":true,"href":"https:\/\/dc.diariodecomitan.com.mx\/index.php?rest_route=\/wp\/v2\/users\/2"}],"replies":[{"embeddable":true,"href":"https:\/\/dc.diariodecomitan.com.mx\/index.php?rest_route=%2Fwp%2Fv2%2Fcomments&post=1495"}],"version-history":[{"count":1,"href":"https:\/\/dc.diariodecomitan.com.mx\/index.php?rest_route=\/wp\/v2\/posts\/1495\/revisions"}],"predecessor-version":[{"id":1499,"href":"https:\/\/dc.diariodecomitan.com.mx\/index.php?rest_route=\/wp\/v2\/posts\/1495\/revisions\/1499"}],"wp:featuredmedia":[{"embeddable":true,"href":"https:\/\/dc.diariodecomitan.com.mx\/index.php?rest_route=\/wp\/v2\/media\/1496"}],"wp:attachment":[{"href":"https:\/\/dc.diariodecomitan.com.mx\/index.php?rest_route=%2Fwp%2Fv2%2Fmedia&parent=1495"}],"wp:term":[{"taxonomy":"category","embeddable":true,"href":"https:\/\/dc.diariodecomitan.com.mx\/index.php?rest_route=%2Fwp%2Fv2%2Fcategories&post=1495"},{"taxonomy":"post_tag","embeddable":true,"href":"https:\/\/dc.diariodecomitan.com.mx\/index.php?rest_route=%2Fwp%2Fv2%2Ftags&post=1495"}],"curies":[{"name":"wp","href":"https:\/\/api.w.org\/{rel}","templated":true}]}}