{"id":16096,"date":"2025-11-26T20:19:19","date_gmt":"2025-11-27T02:19:19","guid":{"rendered":"https:\/\/dc.diariodecomitan.com.mx\/?p=16096"},"modified":"2025-11-27T23:42:41","modified_gmt":"2025-11-28T05:42:41","slug":"gobierno-declara-anp-para-proteger-los-parques-de-tuxtla","status":"publish","type":"post","link":"https:\/\/dc.diariodecomitan.com.mx\/?p=16096","title":{"rendered":"PARQUES de TUXTLA ahora son \u00c1REAS NATURALES PROTEGIDAS"},"content":{"rendered":"\n<blockquote class=\"wp-block-quote is-layout-flow wp-block-quote-is-layout-flow\">\n<p><em><strong>Eduardo Ram\u00edrez firma decreto para proteger los parques Ca\u00f1a Hueca, Joyyo Mayu y Tuchtl\u00e1n.<\/strong><br><strong>Son reconocidos con la categor\u00eda de Centro Ecol\u00f3gico Recreativo \u201cLos Pulmones de la Capital\u201d.<\/strong><\/em><\/p>\n<\/blockquote>\n\n\n\n<p><strong>Tuxtla Guti\u00e9rrez; 26\/Noviembre\/2025.- <\/strong>El gobernador Eduardo Ram\u00edrez Aguilar firm\u00f3 el decreto de declaratoria de \u00c1rea Natural Protegida, con la categor\u00eda de Centro Ecol\u00f3gico Recreativo \u201cLos Pulmones de la Capital\u201d, para los parques Ca\u00f1a Hueca, Joyyo Mayu y Tuchtl\u00e1n, en Tuxtla Guti\u00e9rrez, con una superficie total de 35.79 hect\u00e1reas. Se\u00f1al\u00f3 que este acto reafirma el compromiso del gobierno de la Nueva ERA con el buen vivir y con una gesti\u00f3n p\u00fablica basada en la empat\u00eda, el respeto y la conciencia hacia el cuidado de la madre tierra.<\/p>\n\n\n<div class=\"wp-block-image\">\n<figure class=\"alignright size-large is-resized\"><img loading=\"lazy\" decoding=\"async\" width=\"1024\" height=\"682\" src=\"https:\/\/dc.diariodecomitan.com.mx\/wp-content\/uploads\/2025\/11\/FOTOS-3-9-1024x682.jpeg\" alt=\"\" class=\"wp-image-16098\" style=\"width:365px;height:auto\" srcset=\"https:\/\/dc.diariodecomitan.com.mx\/wp-content\/uploads\/2025\/11\/FOTOS-3-9-1024x682.jpeg 1024w, https:\/\/dc.diariodecomitan.com.mx\/wp-content\/uploads\/2025\/11\/FOTOS-3-9-300x200.jpeg 300w, https:\/\/dc.diariodecomitan.com.mx\/wp-content\/uploads\/2025\/11\/FOTOS-3-9-768x511.jpeg 768w, https:\/\/dc.diariodecomitan.com.mx\/wp-content\/uploads\/2025\/11\/FOTOS-3-9.jpeg 1440w\" sizes=\"auto, (max-width: 1024px) 100vw, 1024px\" \/><\/figure>\n<\/div>\n\n\n<p>En ese contexto, el mandatario expuso que Chiapas impulsa una pol\u00edtica ambiental con visi\u00f3n de largo plazo, al destacar los avances en la restauraci\u00f3n de microcuencas en 33 municipios, el desarrollo de infraestructura h\u00eddrica para mejorar el tratamiento y manejo del agua, y la consolidaci\u00f3n de decretos de \u00e1reas naturales que privilegian el enfoque comunitario. A\u00f1adi\u00f3 que para 2026 se fortalecer\u00e1n tanto las inversiones como la articulaci\u00f3n entre sociedad y autoridades, con la finalidad de recuperar suelos y recursos naturales.<\/p>\n\n\n\n<p>Ram\u00edrez Aguilar explic\u00f3 que muchos gobiernos no destinan recursos suficientes al cuidado ambiental porque consideran que estas acciones no generan la misma visibilidad que las obras de infraestructura. Enfatiz\u00f3 que, por el contrario, su administraci\u00f3n tiene al medio ambiente como un eje prioritario, ya que la restauraci\u00f3n ecol\u00f3gica tiene un impacto directo en la salud, el bienestar, el desarrollo y la prosperidad compartida de Chiapas y de M\u00e9xico.<\/p>\n\n\n\n<p>\u201c<em>Trabajar en la conservaci\u00f3n de las \u00e1reas naturales, en el cuidado de la madre tierra, es invertir bien en nuestro presente y en beneficio de las pr\u00f3ximas generaciones. Por omisi\u00f3n o por exceso se ha afectado al medio ambiente, y lo que estamos haciendo es tratar de sanar esas heridas. Son inversiones que no se ven, pero no lo hacemos para que opinen bien, sino para estar bien con uno mismo, con la madre tierra y, en consecuencia, con los dem\u00e1s. Esta es nuestra filosof\u00eda basada en el humanismo y el buen vivir<\/em>\u201d, dijo.<\/p>\n\n\n<div class=\"wp-block-image\">\n<figure class=\"aligncenter size-large\"><img loading=\"lazy\" decoding=\"async\" width=\"1024\" height=\"619\" src=\"https:\/\/dc.diariodecomitan.com.mx\/wp-content\/uploads\/2025\/11\/002-FOTO-PRINCIPAL-5-1024x619.jpeg\" alt=\"\" class=\"wp-image-16097\" srcset=\"https:\/\/dc.diariodecomitan.com.mx\/wp-content\/uploads\/2025\/11\/002-FOTO-PRINCIPAL-5-1024x619.jpeg 1024w, https:\/\/dc.diariodecomitan.com.mx\/wp-content\/uploads\/2025\/11\/002-FOTO-PRINCIPAL-5-300x181.jpeg 300w, https:\/\/dc.diariodecomitan.com.mx\/wp-content\/uploads\/2025\/11\/002-FOTO-PRINCIPAL-5-768x464.jpeg 768w, https:\/\/dc.diariodecomitan.com.mx\/wp-content\/uploads\/2025\/11\/002-FOTO-PRINCIPAL-5.jpeg 1530w\" sizes=\"auto, (max-width: 1024px) 100vw, 1024px\" \/><\/figure>\n<\/div>\n\n\n<p>La secretaria de Medio Ambiente e Historia Natural, Magdalena Torres Abarca, destac\u00f3 que la declaratoria de los parques Ca\u00f1a Hueca, Joyyo Mayu y Tuchtl\u00e1n como Centro Ecol\u00f3gico Recreativo \u201cLos Pulmones de la Capital\u201d demuestra el liderazgo del gobernador al situar al medio ambiente en el centro de las pol\u00edticas p\u00fablicas, y al legitimar este proceso mediante una consulta ciudadana. Se\u00f1al\u00f3 que esta decisi\u00f3n responde a la necesidad de contar con espacios m\u00e1s dignos para vivir, convivir y disfrutar en familia.<\/p>\n\n\n\n<p>Indic\u00f3 que estos parques, que albergan m\u00e1s de 6 mil \u00e1rboles y 148 especies de aves, representan un refugio esencial para la biodiversidad y constituyen una acci\u00f3n determinante para proteger el futuro ambiental de Chiapas. Reconoci\u00f3 tambi\u00e9n el trabajo de los grupos ambientalistas por su impulso y compromiso en la defensa de estos espacios. \u201cHoy damos un paso firme hacia el Chiapas que so\u00f1amos, uno que defiende su biodiversidad desde la voz de las y los chiapanecos\u201d, manifest\u00f3.<\/p>\n\n\n\n<p>El presidente municipal de Tuxtla Guti\u00e9rrez, Angel Torres Culebro, resalt\u00f3 la visi\u00f3n ambientalista del gobernador al priorizar la protecci\u00f3n de las \u00e1reas naturales de la capital y del estado, subrayando la importancia de preservar y reforestar estos pulmones verdes como legado para las nuevas generaciones.<\/p>\n\n\n\n<p>Por su parte, Carmen Villa Ch\u00e1vez, representante de Asociaciones Civiles de Centros Recreativos, celebr\u00f3 la voluntad y disposici\u00f3n de las autoridades, al considerar que este logro refleja el esfuerzo de las familias que por a\u00f1os defendieron sus espacios de convivencia. Sostuvo que se trata de un acierto t\u00e9cnico que permitir\u00e1 avanzar hacia una gesti\u00f3n p\u00fablica m\u00e1s participativa, sensible y acorde con las necesidades socioambientales de la ciudad. \u201cNecesitamos m\u00e1s \u00e1reas verdes protegidas, que construyan resiliencia ante la crisis clim\u00e1tica, por lo que continuaremos aportando y trabajando por una ciudad m\u00e1s inclusiva y segura\u201d, a\u00f1adi\u00f3.<\/p>\n\n\n\n<p>Estuvieron presentes en este acto el director de la Regi\u00f3n Frontera Sur, Istmo y Pac\u00edfico de la Comisi\u00f3n Nacional de \u00c1reas Naturales Protegidas, P\u00e1vel Palacios Ch\u00e1vez; el titular de la Promotor\u00eda de Desarrollo Forestal en Chiapas, Carlos Morales V\u00e1zquez; el secretario del Humanismo, Francisco Chac\u00f3n S\u00e1nchez; el subsecretario de Medio Ambiente y Cambio Clim\u00e1tico, Jorge Constantino Kanter; la subsecretaria de Econom\u00eda Social, Magali Guill\u00e9n Zepeda; as\u00ed como Joseliny D\u00edaz, representante de asociaciones civiles de centros recreativos, entre otros.<\/p>\n","protected":false},"excerpt":{"rendered":"<p>Eduardo Ram\u00edrez firma decreto para proteger los parques Ca\u00f1a Hueca, Joyyo Mayu y Tuchtl\u00e1n.Son reconocidos con la categor\u00eda de Centro Ecol\u00f3gico Recreativo \u201cLos Pulmones de la Capital\u201d. Tuxtla Guti\u00e9rrez; 26\/Noviembre\/2025.-&hellip; <\/p>\n","protected":false},"author":2,"featured_media":16097,"comment_status":"closed","ping_status":"closed","sticky":false,"template":"","format":"standard","meta":{"footnotes":""},"categories":[15],"tags":[],"class_list":["post-16096","post","type-post","status-publish","format-standard","has-post-thumbnail","hentry","category-politica"],"_links":{"self":[{"href":"https:\/\/dc.diariodecomitan.com.mx\/index.php?rest_route=\/wp\/v2\/posts\/16096","targetHints":{"allow":["GET"]}}],"collection":[{"href":"https:\/\/dc.diariodecomitan.com.mx\/index.php?rest_route=\/wp\/v2\/posts"}],"about":[{"href":"https:\/\/dc.diariodecomitan.com.mx\/index.php?rest_route=\/wp\/v2\/types\/post"}],"author":[{"embeddable":true,"href":"https:\/\/dc.diariodecomitan.com.mx\/index.php?rest_route=\/wp\/v2\/users\/2"}],"replies":[{"embeddable":true,"href":"https:\/\/dc.diariodecomitan.com.mx\/index.php?rest_route=%2Fwp%2Fv2%2Fcomments&post=16096"}],"version-history":[{"count":2,"href":"https:\/\/dc.diariodecomitan.com.mx\/index.php?rest_route=\/wp\/v2\/posts\/16096\/revisions"}],"predecessor-version":[{"id":16130,"href":"https:\/\/dc.diariodecomitan.com.mx\/index.php?rest_route=\/wp\/v2\/posts\/16096\/revisions\/16130"}],"wp:featuredmedia":[{"embeddable":true,"href":"https:\/\/dc.diariodecomitan.com.mx\/index.php?rest_route=\/wp\/v2\/media\/16097"}],"wp:attachment":[{"href":"https:\/\/dc.diariodecomitan.com.mx\/index.php?rest_route=%2Fwp%2Fv2%2Fmedia&parent=16096"}],"wp:term":[{"taxonomy":"category","embeddable":true,"href":"https:\/\/dc.diariodecomitan.com.mx\/index.php?rest_route=%2Fwp%2Fv2%2Fcategories&post=16096"},{"taxonomy":"post_tag","embeddable":true,"href":"https:\/\/dc.diariodecomitan.com.mx\/index.php?rest_route=%2Fwp%2Fv2%2Ftags&post=16096"}],"curies":[{"name":"wp","href":"https:\/\/api.w.org\/{rel}","templated":true}]}}