{"id":16100,"date":"2025-11-26T21:02:34","date_gmt":"2025-11-27T03:02:34","guid":{"rendered":"https:\/\/dc.diariodecomitan.com.mx\/?p=16100"},"modified":"2025-11-26T21:02:36","modified_gmt":"2025-11-27T03:02:36","slug":"agreden-a-la-fuerza-pakal-en-comalapa-hay-un-detenido","status":"publish","type":"post","link":"https:\/\/dc.diariodecomitan.com.mx\/?p=16100","title":{"rendered":"AGREDEN a la FUERZA PAKAL en COMALAPA; HAY UN DETENIDO"},"content":{"rendered":"\n<p><strong><em>La madrugada de este mi\u00e9rcoles se registr\u00f3 un ataque armado contra la Base KANAN 02 en Frontera Comalapa; se refuerza alerta en la zona fronteriza.<\/em><\/strong><\/p>\n\n\n\n<p><strong>MDR<\/strong><\/p>\n\n\n\n<p><strong>Frontera Comalapa; 26\/Noviembre\/2025.- <\/strong>La madrugada de este mi\u00e9rcoles, la Base KANAN 02 de la Fuerza de Reacci\u00f3n Inmediata Pakal (FRIP), ubicada en la comunidad Santa Teresa Llano Grande, fue blanco de un ataque armado que dej\u00f3 como resultado la detenci\u00f3n de un presunto integrante de un grupo delictivo que opera en la zona fronteriza.<\/p>\n\n\n\n<p>De acuerdo con la Secretar\u00eda de Seguridad del Pueblo, sujetos armados abrieron fuego contra las instalaciones mientras personal de la FRIP se encontraba en turno nocturno. Aunque la fachada blindada present\u00f3 dos impactos de bala, las autoridades informaron que en ning\u00fan momento existi\u00f3 riesgo para la poblaci\u00f3n civil.<\/p>\n\n\n<div class=\"wp-block-image\">\n<figure class=\"aligncenter size-large\"><img loading=\"lazy\" decoding=\"async\" width=\"1024\" height=\"619\" src=\"https:\/\/dc.diariodecomitan.com.mx\/wp-content\/uploads\/2025\/11\/590221573_1314725474034669_3216132334222972441_n-1024x619.jpg\" alt=\"\" class=\"wp-image-16101\" srcset=\"https:\/\/dc.diariodecomitan.com.mx\/wp-content\/uploads\/2025\/11\/590221573_1314725474034669_3216132334222972441_n-1024x619.jpg 1024w, https:\/\/dc.diariodecomitan.com.mx\/wp-content\/uploads\/2025\/11\/590221573_1314725474034669_3216132334222972441_n-300x181.jpg 300w, https:\/\/dc.diariodecomitan.com.mx\/wp-content\/uploads\/2025\/11\/590221573_1314725474034669_3216132334222972441_n-768x464.jpg 768w, https:\/\/dc.diariodecomitan.com.mx\/wp-content\/uploads\/2025\/11\/590221573_1314725474034669_3216132334222972441_n.jpg 1530w\" sizes=\"auto, (max-width: 1024px) 100vw, 1024px\" \/><\/figure>\n<\/div>\n\n\n<p>Tras una respuesta inmediata, elementos de la Guardia Estatal Preventiva, la Agencia de Investigaci\u00f3n e Inteligencia Ministerial (AIIM) de la Fiscal\u00eda General del Estado, el Ej\u00e9rcito Mexicano y la Guardia Nacional desplegaron un operativo conjunto que culmin\u00f3 con la detenci\u00f3n de un individuo identificado como Joaqu\u00edn \u201cN\u201d, se\u00f1alado de manera preliminar como presunto integrante del llamado C\u00e1rtel Chiapas\u2013Guatemala.<\/p>\n\n\n\n<p>Durante la intervenci\u00f3n se asegur\u00f3 un arma larga, cartuchos \u00fatiles y sustancias con caracter\u00edsticas de droga tipo cristal. La Fiscal\u00eda General del Estado mantiene abiertas las investigaciones para determinar la participaci\u00f3n del detenido en este y otros hechos violentos registrados en la regi\u00f3n lim\u00edtrofe.<\/p>\n\n\n\n<p>Por su parte, habitantes de Santa Teresa Llano Grande denunciaron que los atacantes ingresaron desde territorio guatemalteco por pasos irregulares y regresaron a ese pa\u00eds tras perpetrar la agresi\u00f3n, lo cual ha incrementado la preocupaci\u00f3n de la comunidad ante el aumento de incidentes armados relacionados con organizaciones criminales transfronterizas.<\/p>\n\n\n\n<p>Testimonios recabados en la zona se\u00f1alan que este no es el primer ataque contra la Fuerza Pakal, situaci\u00f3n que ha generado un clima de tensi\u00f3n constante entre las familias de esta regi\u00f3n fronteriza. Los pobladores exigen mayor presencia de seguridad y una coordinaci\u00f3n binacional m\u00e1s eficaz para frenar la incursi\u00f3n de grupos armados.<\/p>\n\n\n<div class=\"wp-block-image\">\n<figure class=\"aligncenter size-large\"><img loading=\"lazy\" decoding=\"async\" width=\"1024\" height=\"619\" src=\"https:\/\/dc.diariodecomitan.com.mx\/wp-content\/uploads\/2025\/11\/589373965_1314725454034671_8633749059440084793_n-1024x619.jpg\" alt=\"\" class=\"wp-image-16103\" srcset=\"https:\/\/dc.diariodecomitan.com.mx\/wp-content\/uploads\/2025\/11\/589373965_1314725454034671_8633749059440084793_n-1024x619.jpg 1024w, https:\/\/dc.diariodecomitan.com.mx\/wp-content\/uploads\/2025\/11\/589373965_1314725454034671_8633749059440084793_n-300x181.jpg 300w, https:\/\/dc.diariodecomitan.com.mx\/wp-content\/uploads\/2025\/11\/589373965_1314725454034671_8633749059440084793_n-768x464.jpg 768w, https:\/\/dc.diariodecomitan.com.mx\/wp-content\/uploads\/2025\/11\/589373965_1314725454034671_8633749059440084793_n.jpg 1530w\" sizes=\"auto, (max-width: 1024px) 100vw, 1024px\" \/><\/figure>\n<\/div>\n\n\n<p>Ante estos hechos, las autoridades estatales y federales informaron que se mantiene un despliegue operativo permanente en Frontera Comalapa, con el prop\u00f3sito de inhibir nuevas incursiones y garantizar la seguridad de las comunidades cercanas a la l\u00ednea fronteriza.<\/p>\n\n\n\n<p>La Secretar\u00eda de Seguridad del Pueblo reiter\u00f3 que continuar\u00e1 trabajando de manera coordinada con instancias de los tres niveles de gobierno para fortalecer la vigilancia en puntos estrat\u00e9gicos y atender las denuncias ciudadanas, en un contexto donde la presencia del crimen organizado ha incrementado la presi\u00f3n sobre las localidades rurales.<\/p>\n\n\n\n<p>La poblaci\u00f3n, por su parte, insiste en que el reforzamiento debe incluir controles m\u00e1s estrictos en los pasos fronterizos informales, donde \u2013seg\u00fan se\u00f1alan\u2013 grupos armados operan con facilidad para atacar y posteriormente replegarse hacia territorio guatemalteco.<\/p>\n\n\n\n<p>Las investigaciones contin\u00faan, mientras la regi\u00f3n permanece bajo vigilancia reforzada.<\/p>\n","protected":false},"excerpt":{"rendered":"<p>La madrugada de este mi\u00e9rcoles se registr\u00f3 un ataque armado contra la Base KANAN 02 en Frontera Comalapa; se refuerza alerta en la zona fronteriza. MDR Frontera Comalapa; 26\/Noviembre\/2025.- La&hellip; <\/p>\n","protected":false},"author":2,"featured_media":16101,"comment_status":"closed","ping_status":"closed","sticky":false,"template":"","format":"standard","meta":{"footnotes":""},"categories":[10,16],"tags":[],"class_list":["post-16100","post","type-post","status-publish","format-standard","has-post-thumbnail","hentry","category-policiaca","category-portada"],"_links":{"self":[{"href":"https:\/\/dc.diariodecomitan.com.mx\/index.php?rest_route=\/wp\/v2\/posts\/16100","targetHints":{"allow":["GET"]}}],"collection":[{"href":"https:\/\/dc.diariodecomitan.com.mx\/index.php?rest_route=\/wp\/v2\/posts"}],"about":[{"href":"https:\/\/dc.diariodecomitan.com.mx\/index.php?rest_route=\/wp\/v2\/types\/post"}],"author":[{"embeddable":true,"href":"https:\/\/dc.diariodecomitan.com.mx\/index.php?rest_route=\/wp\/v2\/users\/2"}],"replies":[{"embeddable":true,"href":"https:\/\/dc.diariodecomitan.com.mx\/index.php?rest_route=%2Fwp%2Fv2%2Fcomments&post=16100"}],"version-history":[{"count":1,"href":"https:\/\/dc.diariodecomitan.com.mx\/index.php?rest_route=\/wp\/v2\/posts\/16100\/revisions"}],"predecessor-version":[{"id":16104,"href":"https:\/\/dc.diariodecomitan.com.mx\/index.php?rest_route=\/wp\/v2\/posts\/16100\/revisions\/16104"}],"wp:featuredmedia":[{"embeddable":true,"href":"https:\/\/dc.diariodecomitan.com.mx\/index.php?rest_route=\/wp\/v2\/media\/16101"}],"wp:attachment":[{"href":"https:\/\/dc.diariodecomitan.com.mx\/index.php?rest_route=%2Fwp%2Fv2%2Fmedia&parent=16100"}],"wp:term":[{"taxonomy":"category","embeddable":true,"href":"https:\/\/dc.diariodecomitan.com.mx\/index.php?rest_route=%2Fwp%2Fv2%2Fcategories&post=16100"},{"taxonomy":"post_tag","embeddable":true,"href":"https:\/\/dc.diariodecomitan.com.mx\/index.php?rest_route=%2Fwp%2Fv2%2Ftags&post=16100"}],"curies":[{"name":"wp","href":"https:\/\/api.w.org\/{rel}","templated":true}]}}