{"id":20059,"date":"2026-02-10T00:52:40","date_gmt":"2026-02-10T06:52:40","guid":{"rendered":"https:\/\/dc.diariodecomitan.com.mx\/?p=20059"},"modified":"2026-02-10T00:52:42","modified_gmt":"2026-02-10T06:52:42","slug":"refuerzan-inversion-en-salud-para-la-meseta-comiteca","status":"publish","type":"post","link":"https:\/\/dc.diariodecomitan.com.mx\/?p=20059","title":{"rendered":"REFUERZAN INVERSI\u00d3N en SALUD para la MESETA COMITECA"},"content":{"rendered":"\n<p><strong>Omar G\u00f3mez y Mario Guill\u00e9n amarran recursos hist\u00f3ricos para la salud regional.<\/strong><br><strong>Fortalecen coordinaci\u00f3n intermunicipal para impulsar la salud en la regi\u00f3n Meseta Comiteca Tojolabal<\/strong><\/p>\n\n\n\n<p><strong>MDR<\/strong><\/p>\n\n\n\n<p><strong>Comit\u00e1n de Dom\u00ednguez; 09\/Febrero\/2026.- <\/strong>Con el objetivo de fortalecer el sistema de salud y garantizar una atenci\u00f3n m\u00e9dica digna a la poblaci\u00f3n, el secretario de Salud del estado, Dr. Omar G\u00f3mez Cruz, y el presidente municipal de Comit\u00e1n, Mario Antonio Guill\u00e9n Dom\u00ednguez, consolidaron un frente com\u00fan para asegurar recursos financieros y t\u00e9cnicos destinados a la regi\u00f3n Meseta Comiteca Tojolabal.<\/p>\n\n\n\n<p>Durante la Segunda Reuni\u00f3n Ordinaria de Salud y la Segunda Reuni\u00f3n de la Red de Municipios por la Salud de la Regi\u00f3n Meseta Comiteca Tojolabal, autoridades estatales y municipales refrendaron su compromiso de trabajar de manera coordinada para transformar las cl\u00ednicas y casas de salud locales, priorizando a las comunidades con mayor rezago.<\/p>\n\n\n\n<figure class=\"wp-block-gallery has-nested-images columns-default is-cropped wp-block-gallery-1 is-layout-flex wp-block-gallery-is-layout-flex\">\n<figure class=\"wp-block-image size-large\"><img loading=\"lazy\" decoding=\"async\" width=\"1024\" height=\"683\" data-id=\"20061\" src=\"https:\/\/dc.diariodecomitan.com.mx\/wp-content\/uploads\/2026\/02\/628027697_1494603385999866_4262681855404126280_n-1024x683.jpg\" alt=\"\" class=\"wp-image-20061\" srcset=\"https:\/\/dc.diariodecomitan.com.mx\/wp-content\/uploads\/2026\/02\/628027697_1494603385999866_4262681855404126280_n-1024x683.jpg 1024w, https:\/\/dc.diariodecomitan.com.mx\/wp-content\/uploads\/2026\/02\/628027697_1494603385999866_4262681855404126280_n-300x200.jpg 300w, https:\/\/dc.diariodecomitan.com.mx\/wp-content\/uploads\/2026\/02\/628027697_1494603385999866_4262681855404126280_n-768x512.jpg 768w, https:\/\/dc.diariodecomitan.com.mx\/wp-content\/uploads\/2026\/02\/628027697_1494603385999866_4262681855404126280_n-1536x1025.jpg 1536w, https:\/\/dc.diariodecomitan.com.mx\/wp-content\/uploads\/2026\/02\/628027697_1494603385999866_4262681855404126280_n.jpg 2048w\" sizes=\"auto, (max-width: 1024px) 100vw, 1024px\" \/><\/figure>\n\n\n\n<figure class=\"wp-block-image size-large\"><img loading=\"lazy\" decoding=\"async\" width=\"1024\" height=\"683\" data-id=\"20062\" src=\"https:\/\/dc.diariodecomitan.com.mx\/wp-content\/uploads\/2026\/02\/631468764_1494603279333210_4630063451375944529_n-1024x683.jpg\" alt=\"\" class=\"wp-image-20062\" srcset=\"https:\/\/dc.diariodecomitan.com.mx\/wp-content\/uploads\/2026\/02\/631468764_1494603279333210_4630063451375944529_n-1024x683.jpg 1024w, https:\/\/dc.diariodecomitan.com.mx\/wp-content\/uploads\/2026\/02\/631468764_1494603279333210_4630063451375944529_n-300x200.jpg 300w, https:\/\/dc.diariodecomitan.com.mx\/wp-content\/uploads\/2026\/02\/631468764_1494603279333210_4630063451375944529_n-768x512.jpg 768w, https:\/\/dc.diariodecomitan.com.mx\/wp-content\/uploads\/2026\/02\/631468764_1494603279333210_4630063451375944529_n-1536x1025.jpg 1536w, https:\/\/dc.diariodecomitan.com.mx\/wp-content\/uploads\/2026\/02\/631468764_1494603279333210_4630063451375944529_n.jpg 2048w\" sizes=\"auto, (max-width: 1024px) 100vw, 1024px\" \/><\/figure>\n<\/figure>\n\n\n\n<p>En su intervenci\u00f3n, el Dr. Omar G\u00f3mez Cruz destac\u00f3 que una de las principales prioridades es la distribuci\u00f3n eficiente de medicamentos e insumos m\u00e9dicos, subrayando que la correcta planeaci\u00f3n y el uso responsable de los recursos permitir\u00e1n mejorar la calidad de los servicios de salud en la regi\u00f3n.<\/p>\n\n\n\n<p>Por su parte, el alcalde de Comit\u00e1n, Mario Antonio Guill\u00e9n Dom\u00ednguez, logr\u00f3 unificar a las y los presidentes municipales de la zona para aportar recursos municipales que complementen la inversi\u00f3n estatal, fortaleciendo as\u00ed las acciones en materia de infraestructura hospitalaria, brigadas m\u00e9dicas y programas de prevenci\u00f3n.<\/p>\n\n\n\n<figure class=\"wp-block-gallery has-nested-images columns-default is-cropped wp-block-gallery-2 is-layout-flex wp-block-gallery-is-layout-flex\">\n<figure class=\"wp-block-image size-large\"><img loading=\"lazy\" decoding=\"async\" width=\"1024\" height=\"619\" data-id=\"20060\" src=\"https:\/\/dc.diariodecomitan.com.mx\/wp-content\/uploads\/2026\/02\/004-629678960_1494603409333197_6030865587797557733_n-1024x619.jpg\" alt=\"\" class=\"wp-image-20060\" srcset=\"https:\/\/dc.diariodecomitan.com.mx\/wp-content\/uploads\/2026\/02\/004-629678960_1494603409333197_6030865587797557733_n-1024x619.jpg 1024w, https:\/\/dc.diariodecomitan.com.mx\/wp-content\/uploads\/2026\/02\/004-629678960_1494603409333197_6030865587797557733_n-300x181.jpg 300w, https:\/\/dc.diariodecomitan.com.mx\/wp-content\/uploads\/2026\/02\/004-629678960_1494603409333197_6030865587797557733_n-768x464.jpg 768w, https:\/\/dc.diariodecomitan.com.mx\/wp-content\/uploads\/2026\/02\/004-629678960_1494603409333197_6030865587797557733_n.jpg 1530w\" sizes=\"auto, (max-width: 1024px) 100vw, 1024px\" \/><\/figure>\n\n\n\n<figure class=\"wp-block-image size-large\"><img loading=\"lazy\" decoding=\"async\" width=\"1024\" height=\"683\" data-id=\"20063\" src=\"https:\/\/dc.diariodecomitan.com.mx\/wp-content\/uploads\/2026\/02\/629357206_1494603202666551_1882851597930473221_n-1024x683.jpg\" alt=\"\" class=\"wp-image-20063\" srcset=\"https:\/\/dc.diariodecomitan.com.mx\/wp-content\/uploads\/2026\/02\/629357206_1494603202666551_1882851597930473221_n-1024x683.jpg 1024w, https:\/\/dc.diariodecomitan.com.mx\/wp-content\/uploads\/2026\/02\/629357206_1494603202666551_1882851597930473221_n-300x200.jpg 300w, https:\/\/dc.diariodecomitan.com.mx\/wp-content\/uploads\/2026\/02\/629357206_1494603202666551_1882851597930473221_n-768x512.jpg 768w, https:\/\/dc.diariodecomitan.com.mx\/wp-content\/uploads\/2026\/02\/629357206_1494603202666551_1882851597930473221_n-1536x1025.jpg 1536w, https:\/\/dc.diariodecomitan.com.mx\/wp-content\/uploads\/2026\/02\/629357206_1494603202666551_1882851597930473221_n.jpg 2048w\" sizes=\"auto, (max-width: 1024px) 100vw, 1024px\" \/><\/figure>\n<\/figure>\n\n\n\n<p>Durante el encuentro, las autoridades municipales coincidieron en la importancia de sumar esfuerzos entre los distintos niveles de gobierno para impulsar pol\u00edticas p\u00fablicas que garanticen el acceso efectivo a los servicios de salud, as\u00ed como el bienestar integral de las familias de la regi\u00f3n Meseta Comiteca Tojolabal.<\/p>\n\n\n\n<p>Con estas acciones, el Gobierno del Estado y los ayuntamientos participantes reafirman su compromiso de colocar la salud como un eje prioritario del desarrollo regional, avanzando hacia un sistema m\u00e1s s\u00f3lido, equitativo y cercano a la poblaci\u00f3n.<\/p>\n","protected":false},"excerpt":{"rendered":"<p>Omar G\u00f3mez y Mario Guill\u00e9n amarran recursos hist\u00f3ricos para la salud regional.Fortalecen coordinaci\u00f3n intermunicipal para impulsar la salud en la regi\u00f3n Meseta Comiteca Tojolabal MDR Comit\u00e1n de Dom\u00ednguez; 09\/Febrero\/2026.- Con&hellip; <\/p>\n","protected":false},"author":2,"featured_media":20060,"comment_status":"closed","ping_status":"closed","sticky":false,"template":"","format":"standard","meta":{"footnotes":""},"categories":[3],"tags":[],"class_list":["post-20059","post","type-post","status-publish","format-standard","has-post-thumbnail","hentry","category-comitan"],"_links":{"self":[{"href":"https:\/\/dc.diariodecomitan.com.mx\/index.php?rest_route=\/wp\/v2\/posts\/20059","targetHints":{"allow":["GET"]}}],"collection":[{"href":"https:\/\/dc.diariodecomitan.com.mx\/index.php?rest_route=\/wp\/v2\/posts"}],"about":[{"href":"https:\/\/dc.diariodecomitan.com.mx\/index.php?rest_route=\/wp\/v2\/types\/post"}],"author":[{"embeddable":true,"href":"https:\/\/dc.diariodecomitan.com.mx\/index.php?rest_route=\/wp\/v2\/users\/2"}],"replies":[{"embeddable":true,"href":"https:\/\/dc.diariodecomitan.com.mx\/index.php?rest_route=%2Fwp%2Fv2%2Fcomments&post=20059"}],"version-history":[{"count":1,"href":"https:\/\/dc.diariodecomitan.com.mx\/index.php?rest_route=\/wp\/v2\/posts\/20059\/revisions"}],"predecessor-version":[{"id":20064,"href":"https:\/\/dc.diariodecomitan.com.mx\/index.php?rest_route=\/wp\/v2\/posts\/20059\/revisions\/20064"}],"wp:featuredmedia":[{"embeddable":true,"href":"https:\/\/dc.diariodecomitan.com.mx\/index.php?rest_route=\/wp\/v2\/media\/20060"}],"wp:attachment":[{"href":"https:\/\/dc.diariodecomitan.com.mx\/index.php?rest_route=%2Fwp%2Fv2%2Fmedia&parent=20059"}],"wp:term":[{"taxonomy":"category","embeddable":true,"href":"https:\/\/dc.diariodecomitan.com.mx\/index.php?rest_route=%2Fwp%2Fv2%2Fcategories&post=20059"},{"taxonomy":"post_tag","embeddable":true,"href":"https:\/\/dc.diariodecomitan.com.mx\/index.php?rest_route=%2Fwp%2Fv2%2Ftags&post=20059"}],"curies":[{"name":"wp","href":"https:\/\/api.w.org\/{rel}","templated":true}]}}