{"id":20078,"date":"2026-02-10T18:10:08","date_gmt":"2026-02-11T00:10:08","guid":{"rendered":"https:\/\/dc.diariodecomitan.com.mx\/?p=20078"},"modified":"2026-02-11T03:50:52","modified_gmt":"2026-02-11T09:50:52","slug":"eduardo-ramirez-reconoce-a-la-fuerza-aerea-mexicana","status":"publish","type":"post","link":"https:\/\/dc.diariodecomitan.com.mx\/?p=20078","title":{"rendered":"EDUARDO RAM\u00cdREZ RECONOCE a la FUERZA A\u00c9REA MEXICANA"},"content":{"rendered":"\n<ul class=\"wp-block-list\">\n<li><strong>Eduardo Ram\u00edrez reconoce la labor de la Fuerza A\u00e9rea Mexicana en su CXI aniversario.<\/strong><\/li>\n\n\n\n<li><strong>Asisti\u00f3 a la Exposici\u00f3n Est\u00e1tica de las Capacidades de la Fuerza A\u00e9rea y Parada A\u00e9rea.<\/strong><\/li>\n<\/ul>\n\n\n\n<p><strong>Tuxtla Guti\u00e9rrez; 10\/Febrero\/2026.- <\/strong>En el marco del CXI Aniversario de la Fuerza A\u00e9rea Mexicana, el gobernador Eduardo Ram\u00edrez Aguilar asisti\u00f3 a la Exposici\u00f3n Est\u00e1tica de las Capacidades de la Fuerza A\u00e9rea y Parada A\u00e9rea, donde se exhibieron las habilidades operativas y la tecnolog\u00eda de vanguardia que distinguen a esta honorable instituci\u00f3n. Durante el recorrido, el mandatario estatal felicit\u00f3 a quienes integran la Fuerza A\u00e9rea Mexicana y reconoci\u00f3 su compromiso permanente con la defensa de la soberan\u00eda nacional, as\u00ed como con la seguridad y protecci\u00f3n del pa\u00eds.<\/p>\n\n\n\n<figure class=\"wp-block-gallery has-nested-images columns-default is-cropped wp-block-gallery-1 is-layout-flex wp-block-gallery-is-layout-flex\">\n<figure class=\"wp-block-image size-large\"><img loading=\"lazy\" decoding=\"async\" width=\"1024\" height=\"683\" data-id=\"20080\" src=\"https:\/\/dc.diariodecomitan.com.mx\/wp-content\/uploads\/2026\/02\/FOTO-1-1024x683.jpeg\" alt=\"\" class=\"wp-image-20080\" srcset=\"https:\/\/dc.diariodecomitan.com.mx\/wp-content\/uploads\/2026\/02\/FOTO-1-1024x683.jpeg 1024w, https:\/\/dc.diariodecomitan.com.mx\/wp-content\/uploads\/2026\/02\/FOTO-1-300x200.jpeg 300w, https:\/\/dc.diariodecomitan.com.mx\/wp-content\/uploads\/2026\/02\/FOTO-1-768x512.jpeg 768w, https:\/\/dc.diariodecomitan.com.mx\/wp-content\/uploads\/2026\/02\/FOTO-1.jpeg 1280w\" sizes=\"auto, (max-width: 1024px) 100vw, 1024px\" \/><\/figure>\n\n\n\n<figure class=\"wp-block-image size-large\"><img loading=\"lazy\" decoding=\"async\" width=\"1024\" height=\"684\" data-id=\"20082\" src=\"https:\/\/dc.diariodecomitan.com.mx\/wp-content\/uploads\/2026\/02\/FOTO-2-1024x684.jpeg\" alt=\"\" class=\"wp-image-20082\" srcset=\"https:\/\/dc.diariodecomitan.com.mx\/wp-content\/uploads\/2026\/02\/FOTO-2-1024x684.jpeg 1024w, https:\/\/dc.diariodecomitan.com.mx\/wp-content\/uploads\/2026\/02\/FOTO-2-300x200.jpeg 300w, https:\/\/dc.diariodecomitan.com.mx\/wp-content\/uploads\/2026\/02\/FOTO-2-768x513.jpeg 768w, https:\/\/dc.diariodecomitan.com.mx\/wp-content\/uploads\/2026\/02\/FOTO-2-1536x1025.jpeg 1536w, https:\/\/dc.diariodecomitan.com.mx\/wp-content\/uploads\/2026\/02\/FOTO-2.jpeg 1600w\" sizes=\"auto, (max-width: 1024px) 100vw, 1024px\" \/><\/figure>\n\n\n\n<figure class=\"wp-block-image size-large\"><img loading=\"lazy\" decoding=\"async\" width=\"1024\" height=\"684\" data-id=\"20081\" src=\"https:\/\/dc.diariodecomitan.com.mx\/wp-content\/uploads\/2026\/02\/FOTO-3-1024x684.jpeg\" alt=\"\" class=\"wp-image-20081\" srcset=\"https:\/\/dc.diariodecomitan.com.mx\/wp-content\/uploads\/2026\/02\/FOTO-3-1024x684.jpeg 1024w, https:\/\/dc.diariodecomitan.com.mx\/wp-content\/uploads\/2026\/02\/FOTO-3-300x200.jpeg 300w, https:\/\/dc.diariodecomitan.com.mx\/wp-content\/uploads\/2026\/02\/FOTO-3-768x513.jpeg 768w, https:\/\/dc.diariodecomitan.com.mx\/wp-content\/uploads\/2026\/02\/FOTO-3-1536x1025.jpeg 1536w, https:\/\/dc.diariodecomitan.com.mx\/wp-content\/uploads\/2026\/02\/FOTO-3.jpeg 1600w\" sizes=\"auto, (max-width: 1024px) 100vw, 1024px\" \/><\/figure>\n<\/figure>\n","protected":false},"excerpt":{"rendered":"<p>Tuxtla Guti\u00e9rrez; 10\/Febrero\/2026.- En el marco del CXI Aniversario de la Fuerza A\u00e9rea Mexicana, el gobernador Eduardo Ram\u00edrez Aguilar asisti\u00f3 a la Exposici\u00f3n Est\u00e1tica de las Capacidades de la Fuerza&hellip; <\/p>\n","protected":false},"author":2,"featured_media":20079,"comment_status":"closed","ping_status":"closed","sticky":false,"template":"","format":"standard","meta":{"footnotes":""},"categories":[15],"tags":[],"class_list":["post-20078","post","type-post","status-publish","format-standard","has-post-thumbnail","hentry","category-politica"],"_links":{"self":[{"href":"https:\/\/dc.diariodecomitan.com.mx\/index.php?rest_route=\/wp\/v2\/posts\/20078","targetHints":{"allow":["GET"]}}],"collection":[{"href":"https:\/\/dc.diariodecomitan.com.mx\/index.php?rest_route=\/wp\/v2\/posts"}],"about":[{"href":"https:\/\/dc.diariodecomitan.com.mx\/index.php?rest_route=\/wp\/v2\/types\/post"}],"author":[{"embeddable":true,"href":"https:\/\/dc.diariodecomitan.com.mx\/index.php?rest_route=\/wp\/v2\/users\/2"}],"replies":[{"embeddable":true,"href":"https:\/\/dc.diariodecomitan.com.mx\/index.php?rest_route=%2Fwp%2Fv2%2Fcomments&post=20078"}],"version-history":[{"count":1,"href":"https:\/\/dc.diariodecomitan.com.mx\/index.php?rest_route=\/wp\/v2\/posts\/20078\/revisions"}],"predecessor-version":[{"id":20083,"href":"https:\/\/dc.diariodecomitan.com.mx\/index.php?rest_route=\/wp\/v2\/posts\/20078\/revisions\/20083"}],"wp:featuredmedia":[{"embeddable":true,"href":"https:\/\/dc.diariodecomitan.com.mx\/index.php?rest_route=\/wp\/v2\/media\/20079"}],"wp:attachment":[{"href":"https:\/\/dc.diariodecomitan.com.mx\/index.php?rest_route=%2Fwp%2Fv2%2Fmedia&parent=20078"}],"wp:term":[{"taxonomy":"category","embeddable":true,"href":"https:\/\/dc.diariodecomitan.com.mx\/index.php?rest_route=%2Fwp%2Fv2%2Fcategories&post=20078"},{"taxonomy":"post_tag","embeddable":true,"href":"https:\/\/dc.diariodecomitan.com.mx\/index.php?rest_route=%2Fwp%2Fv2%2Ftags&post=20078"}],"curies":[{"name":"wp","href":"https:\/\/api.w.org\/{rel}","templated":true}]}}