{"id":20089,"date":"2026-02-10T18:45:00","date_gmt":"2026-02-11T00:45:00","guid":{"rendered":"https:\/\/dc.diariodecomitan.com.mx\/?p=20089"},"modified":"2026-02-10T18:45:06","modified_gmt":"2026-02-11T00:45:06","slug":"fuerte-choque-entre-camioneta-de-lujo-y-taxi","status":"publish","type":"post","link":"https:\/\/dc.diariodecomitan.com.mx\/?p=20089","title":{"rendered":"FUERTE CHOQUE entre CAMIONETA de LUJO y TAXI"},"content":{"rendered":"\n<blockquote class=\"wp-block-quote is-layout-flow wp-block-quote-is-layout-flow\">\n<p><strong><em>Accidente vial en el centro de Comit\u00e1n deja da\u00f1os materiales; no hay lesionados.<\/em><\/strong><\/p>\n<\/blockquote>\n\n\n\n<p><strong>No\u00e9 Pinto.<\/strong><\/p>\n\n\n\n<p><strong>Comit\u00e1n de Dom\u00ednguez; 10\/Febrero\/2026.- <\/strong>La ma\u00f1ana de este martes se registr\u00f3 un accidente de tr\u00e1nsito sobre la Cuarta Calle Norte Poniente, a la altura de la Segunda Avenida Poniente Norte, en esta ciudad, que dej\u00f3 como saldo da\u00f1os materiales y afectaciones moment\u00e1neas a la circulaci\u00f3n.<\/p>\n\n\n\n<p>En el percance estuvieron involucrados una camioneta de lujo y un veh\u00edculo del servicio p\u00fablico en su modalidad de taxi. De acuerdo con los primeros reportes, no se registraron personas lesionadas, pese al impacto entre ambas unidades.<\/p>\n\n\n\n<p>Elementos de Vialidad Municipal acudieron al lugar para tomar conocimiento de los hechos y realizar las diligencias correspondientes. Las autoridades informaron que ambos conductores sostienen versiones distintas sobre lo ocurrido y, hasta el momento, ninguno ha aceptado su responsabilidad, por lo que se lleva a cabo el deslinde correspondiente.<\/p>\n\n\n\n<p>El incidente provoc\u00f3 la reducci\u00f3n temporal de la vialidad en la zona, generando ligera congesti\u00f3n vehicular, por lo que los automovilistas tuvieron que tomar v\u00edas alternas mientras conclu\u00edan las maniobras y el retiro de las unidades involucradas.<\/p>\n\n\n\n<p>Las autoridades reiteraron el llamado a respetar los se\u00f1alamientos de tr\u00e1nsito y mantener la atenci\u00f3n al volante para prevenir este tipo de percances.<\/p>\n\n\n<div class=\"wp-block-image\">\n<figure class=\"aligncenter size-large\"><img loading=\"lazy\" decoding=\"async\" width=\"1024\" height=\"619\" src=\"https:\/\/dc.diariodecomitan.com.mx\/wp-content\/uploads\/2026\/02\/001-1-4-1024x619.jpeg\" alt=\"\" class=\"wp-image-20092\" srcset=\"https:\/\/dc.diariodecomitan.com.mx\/wp-content\/uploads\/2026\/02\/001-1-4-1024x619.jpeg 1024w, https:\/\/dc.diariodecomitan.com.mx\/wp-content\/uploads\/2026\/02\/001-1-4-300x181.jpeg 300w, https:\/\/dc.diariodecomitan.com.mx\/wp-content\/uploads\/2026\/02\/001-1-4-768x464.jpeg 768w, https:\/\/dc.diariodecomitan.com.mx\/wp-content\/uploads\/2026\/02\/001-1-4.jpeg 1530w\" sizes=\"auto, (max-width: 1024px) 100vw, 1024px\" \/><\/figure>\n<\/div>","protected":false},"excerpt":{"rendered":"<p>Accidente vial en el centro de Comit\u00e1n deja da\u00f1os materiales; no hay lesionados. No\u00e9 Pinto. Comit\u00e1n de Dom\u00ednguez; 10\/Febrero\/2026.- La ma\u00f1ana de este martes se registr\u00f3 un accidente de tr\u00e1nsito&hellip; <\/p>\n","protected":false},"author":2,"featured_media":20092,"comment_status":"closed","ping_status":"closed","sticky":false,"template":"","format":"standard","meta":{"footnotes":""},"categories":[10,16],"tags":[],"class_list":["post-20089","post","type-post","status-publish","format-standard","has-post-thumbnail","hentry","category-policiaca","category-portada"],"_links":{"self":[{"href":"https:\/\/dc.diariodecomitan.com.mx\/index.php?rest_route=\/wp\/v2\/posts\/20089","targetHints":{"allow":["GET"]}}],"collection":[{"href":"https:\/\/dc.diariodecomitan.com.mx\/index.php?rest_route=\/wp\/v2\/posts"}],"about":[{"href":"https:\/\/dc.diariodecomitan.com.mx\/index.php?rest_route=\/wp\/v2\/types\/post"}],"author":[{"embeddable":true,"href":"https:\/\/dc.diariodecomitan.com.mx\/index.php?rest_route=\/wp\/v2\/users\/2"}],"replies":[{"embeddable":true,"href":"https:\/\/dc.diariodecomitan.com.mx\/index.php?rest_route=%2Fwp%2Fv2%2Fcomments&post=20089"}],"version-history":[{"count":1,"href":"https:\/\/dc.diariodecomitan.com.mx\/index.php?rest_route=\/wp\/v2\/posts\/20089\/revisions"}],"predecessor-version":[{"id":20094,"href":"https:\/\/dc.diariodecomitan.com.mx\/index.php?rest_route=\/wp\/v2\/posts\/20089\/revisions\/20094"}],"wp:featuredmedia":[{"embeddable":true,"href":"https:\/\/dc.diariodecomitan.com.mx\/index.php?rest_route=\/wp\/v2\/media\/20092"}],"wp:attachment":[{"href":"https:\/\/dc.diariodecomitan.com.mx\/index.php?rest_route=%2Fwp%2Fv2%2Fmedia&parent=20089"}],"wp:term":[{"taxonomy":"category","embeddable":true,"href":"https:\/\/dc.diariodecomitan.com.mx\/index.php?rest_route=%2Fwp%2Fv2%2Fcategories&post=20089"},{"taxonomy":"post_tag","embeddable":true,"href":"https:\/\/dc.diariodecomitan.com.mx\/index.php?rest_route=%2Fwp%2Fv2%2Ftags&post=20089"}],"curies":[{"name":"wp","href":"https:\/\/api.w.org\/{rel}","templated":true}]}}