{"id":2037,"date":"2025-04-14T09:59:44","date_gmt":"2025-04-14T15:59:44","guid":{"rendered":"https:\/\/dc.diariodecomitan.com.mx\/?p=2037"},"modified":"2025-05-23T23:47:03","modified_gmt":"2025-05-24T05:47:03","slug":"eduardo-ramirez-encabeza-carrera-por-la-paz","status":"publish","type":"post","link":"https:\/\/dc.diariodecomitan.com.mx\/?p=2037","title":{"rendered":"EDUARDO RAM\u00cdREZ ENCABEZA CARRERA por LA PAZ"},"content":{"rendered":"\n<p><strong>Con alegr\u00eda y entusiasmo, Eduardo Ram\u00edrez corre por la paz junto a m\u00e1s de 15 mil personas.<\/strong> <strong>Evento familiar contra las adicciones.<\/strong> <strong>Carrera promueve deporte y sana convivencia.<\/strong><\/p>\n\n\n\n<figure class=\"wp-block-image size-large\"><img loading=\"lazy\" decoding=\"async\" width=\"1024\" height=\"619\" src=\"https:\/\/dc.diariodecomitan.com.mx\/wp-content\/uploads\/2025\/04\/Destacados-DC-1530x925-2025-04-14T095357.899-1024x619.jpg\" alt=\"\" class=\"wp-image-2038\" srcset=\"https:\/\/dc.diariodecomitan.com.mx\/wp-content\/uploads\/2025\/04\/Destacados-DC-1530x925-2025-04-14T095357.899-1024x619.jpg 1024w, https:\/\/dc.diariodecomitan.com.mx\/wp-content\/uploads\/2025\/04\/Destacados-DC-1530x925-2025-04-14T095357.899-300x181.jpg 300w, https:\/\/dc.diariodecomitan.com.mx\/wp-content\/uploads\/2025\/04\/Destacados-DC-1530x925-2025-04-14T095357.899-768x464.jpg 768w, https:\/\/dc.diariodecomitan.com.mx\/wp-content\/uploads\/2025\/04\/Destacados-DC-1530x925-2025-04-14T095357.899.jpg 1530w\" sizes=\"auto, (max-width: 1024px) 100vw, 1024px\" \/><\/figure>\n\n\n\n<p><strong>Tuxtla Guti\u00e9rrez; 13\/ABR\/2025.- <\/strong>Con gran alegr\u00eda y en un ambiente de convivencia familiar, el gobernador Eduardo Ram\u00edrez Aguilar, particip\u00f3 este domingo en la Carrera por la Paz y contra las Adicciones, en Tuxtla Guti\u00e9rrez, acompa\u00f1ado por el comandante interino de la S\u00e9ptima Regi\u00f3n Militar, Alejandro Vargas Gonz\u00e1lez; el coordinador de la Guardia Nacional en Chiapas, Antonio Hern\u00e1ndez Tejeda; y el representante de la 22 Zona Naval, Adri\u00e1n Villalobos Monteverde, donde reconoci\u00f3 el respaldo invaluable de las Fuerzas Armadas para la pacificaci\u00f3n del estado.<\/p>\n\n\n\n<p>En su mensaje, el mandatario reafirm\u00f3 que hoy en Chiapas se respira un clima de paz y seguridad, gracias al esfuerzo conjunto y comprometido de las instituciones encargadas de salvaguardar a la ciudadan\u00eda. Asimismo, agradeci\u00f3 a las autoridades militares por la organizaci\u00f3n de este evento en el que participaron m\u00e1s de 15 mil personas.<\/p>\n\n\n\n<figure class=\"wp-block-image size-large\"><a href=\"https:\/\/wa.me\/529631094969\"><img loading=\"lazy\" decoding=\"async\" width=\"1024\" height=\"194\" src=\"https:\/\/dc.diariodecomitan.com.mx\/wp-content\/uploads\/2025\/03\/CINTILLO-GASCOM-1024x194.png\" alt=\"\" class=\"wp-image-637\" srcset=\"https:\/\/dc.diariodecomitan.com.mx\/wp-content\/uploads\/2025\/03\/CINTILLO-GASCOM-1024x194.png 1024w, https:\/\/dc.diariodecomitan.com.mx\/wp-content\/uploads\/2025\/03\/CINTILLO-GASCOM-300x57.png 300w, https:\/\/dc.diariodecomitan.com.mx\/wp-content\/uploads\/2025\/03\/CINTILLO-GASCOM-768x146.png 768w, https:\/\/dc.diariodecomitan.com.mx\/wp-content\/uploads\/2025\/03\/CINTILLO-GASCOM-1536x291.png 1536w, https:\/\/dc.diariodecomitan.com.mx\/wp-content\/uploads\/2025\/03\/CINTILLO-GASCOM-2048x388.png 2048w\" sizes=\"auto, (max-width: 1024px) 100vw, 1024px\" \/><\/a><\/figure>\n\n\n\n<p>\u201c<em>Hoy podemos salir a las calles, transitar las carreteras y visitar nuestros centros tur\u00edsticos con la certeza de que estamos seguros, porque las Fuerzas Armadas, la Secretar\u00eda de Seguridad del Pueblo y la Fiscal\u00eda General del Estado estamos haciendo nuestro trabajo de manera coordinada y eso se refleja en beneficio del pueblo. \u00a1Que viva la paz de Chiapas!<\/em>\u201d, expres\u00f3 al tiempo de invitar a disfrutar de las vacaciones de Semana Santa con responsabilidad, armon\u00eda y en familia.<\/p>\n\n\n\n<p>Durante su recorrido, el gobernador, quien asisti\u00f3 junto a su esposa Sof\u00eda Espinoza Abarca y su hija Yazm\u00edn Ram\u00edrez Espinoza, salud\u00f3 con \u00e1nimo a ni\u00f1as, ni\u00f1os, j\u00f3venes, mujeres y hombres que se sumaron con entusiasmo a esta justa deportiva.<\/p>\n\n\n\n<figure class=\"wp-block-image size-large\"><img loading=\"lazy\" decoding=\"async\" width=\"1024\" height=\"682\" src=\"https:\/\/dc.diariodecomitan.com.mx\/wp-content\/uploads\/2025\/04\/FOTO-2-1024x682.jpeg\" alt=\"\" class=\"wp-image-2039\" srcset=\"https:\/\/dc.diariodecomitan.com.mx\/wp-content\/uploads\/2025\/04\/FOTO-2-1024x682.jpeg 1024w, https:\/\/dc.diariodecomitan.com.mx\/wp-content\/uploads\/2025\/04\/FOTO-2-300x200.jpeg 300w, https:\/\/dc.diariodecomitan.com.mx\/wp-content\/uploads\/2025\/04\/FOTO-2-768x512.jpeg 768w, https:\/\/dc.diariodecomitan.com.mx\/wp-content\/uploads\/2025\/04\/FOTO-2.jpeg 1280w\" sizes=\"auto, (max-width: 1024px) 100vw, 1024px\" \/><\/figure>\n\n\n\n<p>La Carrera por la Paz y contra las Adicciones contempl\u00f3 rutas de 3, 5 y 10 kil\u00f3metros, en categor\u00eda libre para ramas femenil y varonil. El recorrido inici\u00f3 a las 7:30 horas desde el Parque Central, siguiendo por la Avenida Central y el Boulevard Belisario Dom\u00ednguez, con retorno al punto de partida. Al t\u00e9rmino de la jornada, se entregaron 4 mil 500 medallas a quienes cruzaron la meta en cada una de las distancias.<\/p>\n\n\n\n<p>Tambi\u00e9n asistieron a esta celebraci\u00f3n deportiva el comandante de la Regi\u00f3n A\u00e9rea del Sureste, Edgar Salvador Rodr\u00edguez Franco; el representante de la 31 Zona Militar, Juan Ignacio Hern\u00e1ndez Velasco; el fiscal general del Estado, Jorge Luis Llaven Abarca; el secretario de Seguridad del Pueblo, \u00d3scar Alberto Aparicio Avenda\u00f1o; el presidente de la Mesa Directiva del Congreso del Estado, Luis Ignacio Avenda\u00f1o Berm\u00fadez; el jefe de la Oficina de Gubernatura, Fernando Berm\u00fadez Velasco; el secretario de Educaci\u00f3n, Roger Adri\u00e1n Mandujano Ayala; el director general del Instituto del Deporte, Adona\u00ed S\u00e1nchez Osorio; y el alcalde de Tuxtla Guti\u00e9rrez, Angel Torres Culebro, entre otros.<\/p>\n\n\n\n<figure class=\"wp-block-image size-large\"><img loading=\"lazy\" decoding=\"async\" width=\"1024\" height=\"682\" src=\"https:\/\/dc.diariodecomitan.com.mx\/wp-content\/uploads\/2025\/04\/FOTO-3-1024x682.jpeg\" alt=\"\" class=\"wp-image-2040\" srcset=\"https:\/\/dc.diariodecomitan.com.mx\/wp-content\/uploads\/2025\/04\/FOTO-3-1024x682.jpeg 1024w, https:\/\/dc.diariodecomitan.com.mx\/wp-content\/uploads\/2025\/04\/FOTO-3-300x200.jpeg 300w, https:\/\/dc.diariodecomitan.com.mx\/wp-content\/uploads\/2025\/04\/FOTO-3-768x512.jpeg 768w, https:\/\/dc.diariodecomitan.com.mx\/wp-content\/uploads\/2025\/04\/FOTO-3.jpeg 1280w\" sizes=\"auto, (max-width: 1024px) 100vw, 1024px\" \/><\/figure>\n","protected":false},"excerpt":{"rendered":"<p>Con alegr\u00eda y entusiasmo, Eduardo Ram\u00edrez corre por la paz junto a m\u00e1s de 15 mil personas. Evento familiar contra las adicciones. Carrera promueve deporte y sana convivencia. Tuxtla Guti\u00e9rrez;&hellip; <\/p>\n","protected":false},"author":2,"featured_media":2038,"comment_status":"closed","ping_status":"closed","sticky":false,"template":"","format":"standard","meta":{"footnotes":""},"categories":[15],"tags":[],"class_list":["post-2037","post","type-post","status-publish","format-standard","has-post-thumbnail","hentry","category-politica"],"_links":{"self":[{"href":"https:\/\/dc.diariodecomitan.com.mx\/index.php?rest_route=\/wp\/v2\/posts\/2037","targetHints":{"allow":["GET"]}}],"collection":[{"href":"https:\/\/dc.diariodecomitan.com.mx\/index.php?rest_route=\/wp\/v2\/posts"}],"about":[{"href":"https:\/\/dc.diariodecomitan.com.mx\/index.php?rest_route=\/wp\/v2\/types\/post"}],"author":[{"embeddable":true,"href":"https:\/\/dc.diariodecomitan.com.mx\/index.php?rest_route=\/wp\/v2\/users\/2"}],"replies":[{"embeddable":true,"href":"https:\/\/dc.diariodecomitan.com.mx\/index.php?rest_route=%2Fwp%2Fv2%2Fcomments&post=2037"}],"version-history":[{"count":1,"href":"https:\/\/dc.diariodecomitan.com.mx\/index.php?rest_route=\/wp\/v2\/posts\/2037\/revisions"}],"predecessor-version":[{"id":2041,"href":"https:\/\/dc.diariodecomitan.com.mx\/index.php?rest_route=\/wp\/v2\/posts\/2037\/revisions\/2041"}],"wp:featuredmedia":[{"embeddable":true,"href":"https:\/\/dc.diariodecomitan.com.mx\/index.php?rest_route=\/wp\/v2\/media\/2038"}],"wp:attachment":[{"href":"https:\/\/dc.diariodecomitan.com.mx\/index.php?rest_route=%2Fwp%2Fv2%2Fmedia&parent=2037"}],"wp:term":[{"taxonomy":"category","embeddable":true,"href":"https:\/\/dc.diariodecomitan.com.mx\/index.php?rest_route=%2Fwp%2Fv2%2Fcategories&post=2037"},{"taxonomy":"post_tag","embeddable":true,"href":"https:\/\/dc.diariodecomitan.com.mx\/index.php?rest_route=%2Fwp%2Fv2%2Ftags&post=2037"}],"curies":[{"name":"wp","href":"https:\/\/api.w.org\/{rel}","templated":true}]}}