{"id":2042,"date":"2025-04-14T10:50:30","date_gmt":"2025-04-14T16:50:30","guid":{"rendered":"https:\/\/dc.diariodecomitan.com.mx\/?p=2042"},"modified":"2025-05-19T13:41:32","modified_gmt":"2025-05-19T19:41:32","slug":"arranca-campana-maneja-tranki","status":"publish","type":"post","link":"https:\/\/dc.diariodecomitan.com.mx\/?p=2042","title":{"rendered":"ARRANCA CAMPA\u00d1A \u201cMANEJA TRANKI\u201d"},"content":{"rendered":"\n<p><strong>Menos alcohol, m\u00e1s diversi\u00f3n y seguridad.<\/strong> <strong>Llaven Abarca lanza campa\u00f1a para reducir accidentes de tr\u00e1nsito.<\/strong> <strong>Convoc\u00f3 a ser turistas y conductores responsables, evitar ponerse en riesgo.<\/strong><\/p>\n\n\n\n<figure class=\"wp-block-image size-large\"><img loading=\"lazy\" decoding=\"async\" width=\"1024\" height=\"619\" src=\"https:\/\/dc.diariodecomitan.com.mx\/wp-content\/uploads\/2025\/04\/Destacados-DC-1530x925-2025-04-14T104455.212-1024x619.jpg\" alt=\"\" class=\"wp-image-2043\" srcset=\"https:\/\/dc.diariodecomitan.com.mx\/wp-content\/uploads\/2025\/04\/Destacados-DC-1530x925-2025-04-14T104455.212-1024x619.jpg 1024w, https:\/\/dc.diariodecomitan.com.mx\/wp-content\/uploads\/2025\/04\/Destacados-DC-1530x925-2025-04-14T104455.212-300x181.jpg 300w, https:\/\/dc.diariodecomitan.com.mx\/wp-content\/uploads\/2025\/04\/Destacados-DC-1530x925-2025-04-14T104455.212-768x464.jpg 768w, https:\/\/dc.diariodecomitan.com.mx\/wp-content\/uploads\/2025\/04\/Destacados-DC-1530x925-2025-04-14T104455.212.jpg 1530w\" sizes=\"auto, (max-width: 1024px) 100vw, 1024px\" \/><\/figure>\n\n\n\n<p><strong>Tuxtla Guti\u00e9rrez; 13\/ABR\/2025.- <\/strong>El Fiscal General del Estado, Jorge Luis Llaven Abarca, arranc\u00f3 la campa\u00f1a \u201cManeja Tranki, menos alcohol + kil\u00f3metros de diversi\u00f3n\u201d, una iniciativa que busca disminuir los accidentes de tr\u00e1nsito, sensibilizando a la poblaci\u00f3n para que quien decida manejar, no consuma alcohol ni conduzca cansado.<\/p>\n\n\n\n<p>Desde Tuxtla Guti\u00e9rrez y luego de una rodada en la que participaron clubes automotrices que se suman a esta campa\u00f1a, Jorge Llaven manifest\u00f3 que como Fiscal\u00eda General del Estado este programa se impulsa porque con el inicio de las vacaciones de Semana Santa, incrementar\u00e1 el flujo vehicular, sobre todo en 26 tramos carreteros, por lo que el riesgo de accidentes tambi\u00e9n incrementa.<\/p>\n\n\n\n<figure class=\"wp-block-image size-large\"><img loading=\"lazy\" decoding=\"async\" width=\"1024\" height=\"683\" src=\"https:\/\/dc.diariodecomitan.com.mx\/wp-content\/uploads\/2025\/04\/Imagen-de-WhatsApp-2025-04-13-a-las-21.57.15_e67caf7c-1024x683.jpg\" alt=\"\" class=\"wp-image-2044\" srcset=\"https:\/\/dc.diariodecomitan.com.mx\/wp-content\/uploads\/2025\/04\/Imagen-de-WhatsApp-2025-04-13-a-las-21.57.15_e67caf7c-1024x683.jpg 1024w, https:\/\/dc.diariodecomitan.com.mx\/wp-content\/uploads\/2025\/04\/Imagen-de-WhatsApp-2025-04-13-a-las-21.57.15_e67caf7c-300x200.jpg 300w, https:\/\/dc.diariodecomitan.com.mx\/wp-content\/uploads\/2025\/04\/Imagen-de-WhatsApp-2025-04-13-a-las-21.57.15_e67caf7c-768x512.jpg 768w, https:\/\/dc.diariodecomitan.com.mx\/wp-content\/uploads\/2025\/04\/Imagen-de-WhatsApp-2025-04-13-a-las-21.57.15_e67caf7c-1536x1024.jpg 1536w, https:\/\/dc.diariodecomitan.com.mx\/wp-content\/uploads\/2025\/04\/Imagen-de-WhatsApp-2025-04-13-a-las-21.57.15_e67caf7c-2048x1365.jpg 2048w\" sizes=\"auto, (max-width: 1024px) 100vw, 1024px\" \/><\/figure>\n\n\n\n<p>\u201cQuiero convocar a todas y todos a ser turistas, paseantes y conductores con responsabilidad social, eviten ponerse en riesgo y a sus familias. Chiapas los espera con los brazos abiertos y queremos que haya saldo blanco, mucha alegr\u00eda, derrama econ\u00f3mica y que todas y todos regresen con bien a casa. As\u00ed que, por favor, desde Tuxtla les decimos: Maneja Tranki, menos alcohol + kil\u00f3metros de diversi\u00f3n\u201d, expres\u00f3.<\/p>\n\n\n\n<p>En este sentido, agreg\u00f3 que entre las carpetas de investigaci\u00f3n que la FGE inicia cuando hay una persona que conduce con ingesta de alcohol, se encuentran da\u00f1os en accidentes de tr\u00e1nsito, lesiones de en ri\u00f1a, homicidio culposo y ataques a las v\u00edas de comunicaci\u00f3n.<\/p>\n\n\n\n<p>Por su parte, Alejandro Hern\u00e1ndez Hern\u00e1ndez, en representaci\u00f3n del Consejo Estatal de Prevenci\u00f3n de Accidentes, explic\u00f3 que los accidentes de tr\u00e1nsito de veh\u00edculo de motor representan la cuarta causa de muerte general del pa\u00eds, por eso celebr\u00f3 esta iniciativa de la FGE: \u201cLos invito a vivir unas vacaciones seguras sin alcohol\u201d.<\/p>\n\n\n\n<p>Igualmente, el representante del Club Hermandad Fuscas, Fernando de la Torre, dijo que este respaldo de la FGE les da confianza de que junto al gobernador Eduardo Ram\u00edrez Aguilar, seguir\u00e1n trabajando incansablemente por un Chiapas seguro y en paz.<\/p>\n\n\n\n<p>\u201cLa rodada que realizamos hoy es un llamado a la responsabilidad, la empat\u00eda y el cuidado porque amamos manejar, pero amamos m\u00e1s la vida. As\u00ed que, recordemos, si toman no manejen queremos unas vacaciones seguras para nuestras familias y para todos los que comparten el camino con nosotros\u201d, finaliz\u00f3<\/p>\n\n\n\n<figure class=\"wp-block-image size-large\"><img loading=\"lazy\" decoding=\"async\" width=\"1024\" height=\"683\" src=\"https:\/\/dc.diariodecomitan.com.mx\/wp-content\/uploads\/2025\/04\/Imagen-de-WhatsApp-2025-04-13-a-las-21.57.14_778f9726-1024x683.jpg\" alt=\"\" class=\"wp-image-2045\" srcset=\"https:\/\/dc.diariodecomitan.com.mx\/wp-content\/uploads\/2025\/04\/Imagen-de-WhatsApp-2025-04-13-a-las-21.57.14_778f9726-1024x683.jpg 1024w, https:\/\/dc.diariodecomitan.com.mx\/wp-content\/uploads\/2025\/04\/Imagen-de-WhatsApp-2025-04-13-a-las-21.57.14_778f9726-300x200.jpg 300w, https:\/\/dc.diariodecomitan.com.mx\/wp-content\/uploads\/2025\/04\/Imagen-de-WhatsApp-2025-04-13-a-las-21.57.14_778f9726-768x512.jpg 768w, https:\/\/dc.diariodecomitan.com.mx\/wp-content\/uploads\/2025\/04\/Imagen-de-WhatsApp-2025-04-13-a-las-21.57.14_778f9726-1536x1024.jpg 1536w, https:\/\/dc.diariodecomitan.com.mx\/wp-content\/uploads\/2025\/04\/Imagen-de-WhatsApp-2025-04-13-a-las-21.57.14_778f9726-2048x1365.jpg 2048w\" sizes=\"auto, (max-width: 1024px) 100vw, 1024px\" \/><\/figure>\n","protected":false},"excerpt":{"rendered":"<p>Menos alcohol, m\u00e1s diversi\u00f3n y seguridad. Llaven Abarca lanza campa\u00f1a para reducir accidentes de tr\u00e1nsito. Convoc\u00f3 a ser turistas y conductores responsables, evitar ponerse en riesgo. Tuxtla Guti\u00e9rrez; 13\/ABR\/2025.- El&hellip; <\/p>\n","protected":false},"author":2,"featured_media":2043,"comment_status":"closed","ping_status":"closed","sticky":false,"template":"","format":"standard","meta":{"footnotes":""},"categories":[15],"tags":[],"class_list":["post-2042","post","type-post","status-publish","format-standard","has-post-thumbnail","hentry","category-politica"],"_links":{"self":[{"href":"https:\/\/dc.diariodecomitan.com.mx\/index.php?rest_route=\/wp\/v2\/posts\/2042","targetHints":{"allow":["GET"]}}],"collection":[{"href":"https:\/\/dc.diariodecomitan.com.mx\/index.php?rest_route=\/wp\/v2\/posts"}],"about":[{"href":"https:\/\/dc.diariodecomitan.com.mx\/index.php?rest_route=\/wp\/v2\/types\/post"}],"author":[{"embeddable":true,"href":"https:\/\/dc.diariodecomitan.com.mx\/index.php?rest_route=\/wp\/v2\/users\/2"}],"replies":[{"embeddable":true,"href":"https:\/\/dc.diariodecomitan.com.mx\/index.php?rest_route=%2Fwp%2Fv2%2Fcomments&post=2042"}],"version-history":[{"count":1,"href":"https:\/\/dc.diariodecomitan.com.mx\/index.php?rest_route=\/wp\/v2\/posts\/2042\/revisions"}],"predecessor-version":[{"id":2046,"href":"https:\/\/dc.diariodecomitan.com.mx\/index.php?rest_route=\/wp\/v2\/posts\/2042\/revisions\/2046"}],"wp:featuredmedia":[{"embeddable":true,"href":"https:\/\/dc.diariodecomitan.com.mx\/index.php?rest_route=\/wp\/v2\/media\/2043"}],"wp:attachment":[{"href":"https:\/\/dc.diariodecomitan.com.mx\/index.php?rest_route=%2Fwp%2Fv2%2Fmedia&parent=2042"}],"wp:term":[{"taxonomy":"category","embeddable":true,"href":"https:\/\/dc.diariodecomitan.com.mx\/index.php?rest_route=%2Fwp%2Fv2%2Fcategories&post=2042"},{"taxonomy":"post_tag","embeddable":true,"href":"https:\/\/dc.diariodecomitan.com.mx\/index.php?rest_route=%2Fwp%2Fv2%2Ftags&post=2042"}],"curies":[{"name":"wp","href":"https:\/\/api.w.org\/{rel}","templated":true}]}}