{"id":2047,"date":"2025-04-14T13:33:11","date_gmt":"2025-04-14T19:33:11","guid":{"rendered":"https:\/\/dc.diariodecomitan.com.mx\/?p=2047"},"modified":"2025-04-14T13:33:12","modified_gmt":"2025-04-14T19:33:12","slug":"comitan-vive-su-fe-en-domingo-de-ramos","status":"publish","type":"post","link":"https:\/\/dc.diariodecomitan.com.mx\/?p=2047","title":{"rendered":"COMIT\u00c1N VIVE su FE en DOMINGO de RAMOS"},"content":{"rendered":"\n<p><strong>Inicia la Semana Santa con emotiva procesi\u00f3n de Domingo de Ramos.<\/strong> <strong>Fieles cat\u00f3licos celebran con devoci\u00f3n la bendici\u00f3n de las palmas.<\/strong> <strong>Artesanos dan vida a la tradici\u00f3n con delicadas palmas.<\/strong> <strong>Miles de fieles recorrieron las calles con palmas en alto.<\/strong> <strong>Palmas bendecidas, s\u00edmbolo de esperanza y unidad.<\/strong><\/p>\n\n\n\n<figure class=\"wp-block-image size-large\"><img loading=\"lazy\" decoding=\"async\" width=\"1024\" height=\"619\" src=\"https:\/\/dc.diariodecomitan.com.mx\/wp-content\/uploads\/2025\/04\/Destacados-DC-1530x925-2025-04-14T133139.814-1024x619.jpg\" alt=\"\" class=\"wp-image-2048\" srcset=\"https:\/\/dc.diariodecomitan.com.mx\/wp-content\/uploads\/2025\/04\/Destacados-DC-1530x925-2025-04-14T133139.814-1024x619.jpg 1024w, https:\/\/dc.diariodecomitan.com.mx\/wp-content\/uploads\/2025\/04\/Destacados-DC-1530x925-2025-04-14T133139.814-300x181.jpg 300w, https:\/\/dc.diariodecomitan.com.mx\/wp-content\/uploads\/2025\/04\/Destacados-DC-1530x925-2025-04-14T133139.814-768x464.jpg 768w, https:\/\/dc.diariodecomitan.com.mx\/wp-content\/uploads\/2025\/04\/Destacados-DC-1530x925-2025-04-14T133139.814.jpg 1530w\" sizes=\"auto, (max-width: 1024px) 100vw, 1024px\" \/><\/figure>\n\n\n\n<p><strong>Comit\u00e1n de Dom\u00ednguez; 13\/ABR\/2025.- <\/strong>Este domingo, Comit\u00e1n se visti\u00f3 de fervor y tradici\u00f3n con la celebraci\u00f3n del Domingo de Ramos, marcando as\u00ed el inicio solemne de la Semana Santa 2025. Desde tempranas horas, miles de creyentes se congregaron en los templos de la ciudad para recibir la bendici\u00f3n de las palmas, s\u00edmbolo ancestral de la entrada triunfal de Jesucristo a Jerusal\u00e9n.<\/p>\n\n\n\n<p>Precedida por d\u00edas de dedicaci\u00f3n y habilidad artesanal, las humildes hojas de palma fueron transformadas en intricadas filigranas, reflejando la paciencia y la profunda tradici\u00f3n que caracterizan esta \u00e9poca del a\u00f1o en Comit\u00e1n y otros rincones de Chiapas.<\/p>\n\n\n\n<figure class=\"wp-block-image size-large\"><img loading=\"lazy\" decoding=\"async\" width=\"768\" height=\"1024\" src=\"https:\/\/dc.diariodecomitan.com.mx\/wp-content\/uploads\/2025\/04\/486753522_631009176595148_7762670531910136739_n-768x1024.jpg\" alt=\"\" class=\"wp-image-2049\" srcset=\"https:\/\/dc.diariodecomitan.com.mx\/wp-content\/uploads\/2025\/04\/486753522_631009176595148_7762670531910136739_n-768x1024.jpg 768w, https:\/\/dc.diariodecomitan.com.mx\/wp-content\/uploads\/2025\/04\/486753522_631009176595148_7762670531910136739_n-225x300.jpg 225w, https:\/\/dc.diariodecomitan.com.mx\/wp-content\/uploads\/2025\/04\/486753522_631009176595148_7762670531910136739_n-1152x1536.jpg 1152w, https:\/\/dc.diariodecomitan.com.mx\/wp-content\/uploads\/2025\/04\/486753522_631009176595148_7762670531910136739_n.jpg 1536w\" sizes=\"auto, (max-width: 768px) 100vw, 768px\" \/><\/figure>\n\n\n\n<p>La jornada comenz\u00f3 con la emotiva ceremonia de bendici\u00f3n, donde sacerdotes y fieles unieron sus voces en c\u00e1nticos de alabanza, elevando sus palmas en gesto de acogida al Salvador. Acto seguido, una procesi\u00f3n colorida y vibrante recorri\u00f3 las principales calles de la ciudad, encabezada por ni\u00f1os, j\u00f3venes y adultos portando sus palmas con reverencia.<\/p>\n\n\n\n<p>El cortejo, acompa\u00f1ado de c\u00e1nticos sagrados, culmin\u00f3 en cada una de las iglesias locales, donde se celebraron solemnes misas para conmemorar la Pasi\u00f3n y Muerte de Cristo. En este ambiente de fe y unidad, la comunidad de Comit\u00e1n renov\u00f3 su compromiso espiritual, destacando la profunda conexi\u00f3n entre la fe cristiana y la rica cultura local.<\/p>\n\n\n\n<p>As\u00ed, entre c\u00e1nticos, oraciones y la creaci\u00f3n artesanal de las palmas, Comit\u00e1n da inicio a una semana de reflexi\u00f3n y devoci\u00f3n, donde la comunidad se une en celebraci\u00f3n de sus creencias m\u00e1s arraigadas.<\/p>\n\n\n\n<figure class=\"wp-block-image size-large\"><img loading=\"lazy\" decoding=\"async\" width=\"1024\" height=\"576\" src=\"https:\/\/dc.diariodecomitan.com.mx\/wp-content\/uploads\/2025\/04\/490530482_699194959286036_3307937363371418470_n-1024x576.jpg\" alt=\"\" class=\"wp-image-2050\" srcset=\"https:\/\/dc.diariodecomitan.com.mx\/wp-content\/uploads\/2025\/04\/490530482_699194959286036_3307937363371418470_n-1024x576.jpg 1024w, https:\/\/dc.diariodecomitan.com.mx\/wp-content\/uploads\/2025\/04\/490530482_699194959286036_3307937363371418470_n-300x169.jpg 300w, https:\/\/dc.diariodecomitan.com.mx\/wp-content\/uploads\/2025\/04\/490530482_699194959286036_3307937363371418470_n-768x432.jpg 768w, https:\/\/dc.diariodecomitan.com.mx\/wp-content\/uploads\/2025\/04\/490530482_699194959286036_3307937363371418470_n-1536x864.jpg 1536w, https:\/\/dc.diariodecomitan.com.mx\/wp-content\/uploads\/2025\/04\/490530482_699194959286036_3307937363371418470_n.jpg 1600w\" sizes=\"auto, (max-width: 1024px) 100vw, 1024px\" \/><\/figure>\n","protected":false},"excerpt":{"rendered":"<p>Inicia la Semana Santa con emotiva procesi\u00f3n de Domingo de Ramos. Fieles cat\u00f3licos celebran con devoci\u00f3n la bendici\u00f3n de las palmas. Artesanos dan vida a la tradici\u00f3n con delicadas palmas.&hellip; <\/p>\n","protected":false},"author":2,"featured_media":2048,"comment_status":"closed","ping_status":"closed","sticky":false,"template":"","format":"standard","meta":{"footnotes":""},"categories":[3],"tags":[],"class_list":["post-2047","post","type-post","status-publish","format-standard","has-post-thumbnail","hentry","category-comitan"],"_links":{"self":[{"href":"https:\/\/dc.diariodecomitan.com.mx\/index.php?rest_route=\/wp\/v2\/posts\/2047","targetHints":{"allow":["GET"]}}],"collection":[{"href":"https:\/\/dc.diariodecomitan.com.mx\/index.php?rest_route=\/wp\/v2\/posts"}],"about":[{"href":"https:\/\/dc.diariodecomitan.com.mx\/index.php?rest_route=\/wp\/v2\/types\/post"}],"author":[{"embeddable":true,"href":"https:\/\/dc.diariodecomitan.com.mx\/index.php?rest_route=\/wp\/v2\/users\/2"}],"replies":[{"embeddable":true,"href":"https:\/\/dc.diariodecomitan.com.mx\/index.php?rest_route=%2Fwp%2Fv2%2Fcomments&post=2047"}],"version-history":[{"count":1,"href":"https:\/\/dc.diariodecomitan.com.mx\/index.php?rest_route=\/wp\/v2\/posts\/2047\/revisions"}],"predecessor-version":[{"id":2051,"href":"https:\/\/dc.diariodecomitan.com.mx\/index.php?rest_route=\/wp\/v2\/posts\/2047\/revisions\/2051"}],"wp:featuredmedia":[{"embeddable":true,"href":"https:\/\/dc.diariodecomitan.com.mx\/index.php?rest_route=\/wp\/v2\/media\/2048"}],"wp:attachment":[{"href":"https:\/\/dc.diariodecomitan.com.mx\/index.php?rest_route=%2Fwp%2Fv2%2Fmedia&parent=2047"}],"wp:term":[{"taxonomy":"category","embeddable":true,"href":"https:\/\/dc.diariodecomitan.com.mx\/index.php?rest_route=%2Fwp%2Fv2%2Fcategories&post=2047"},{"taxonomy":"post_tag","embeddable":true,"href":"https:\/\/dc.diariodecomitan.com.mx\/index.php?rest_route=%2Fwp%2Fv2%2Ftags&post=2047"}],"curies":[{"name":"wp","href":"https:\/\/api.w.org\/{rel}","templated":true}]}}