{"id":2276,"date":"2025-04-23T10:50:19","date_gmt":"2025-04-23T16:50:19","guid":{"rendered":"https:\/\/dc.diariodecomitan.com.mx\/?p=2276"},"modified":"2025-04-23T10:50:20","modified_gmt":"2025-04-23T16:50:20","slug":"accidente-vial-termina-en-rina-en-tuxtla","status":"publish","type":"post","link":"https:\/\/dc.diariodecomitan.com.mx\/?p=2276","title":{"rendered":"ACCIDENTE VIAL TERMINA en RI\u00d1A en TUXTLA"},"content":{"rendered":"\n<figure class=\"wp-block-image size-large\"><img loading=\"lazy\" decoding=\"async\" width=\"1024\" height=\"619\" src=\"https:\/\/dc.diariodecomitan.com.mx\/wp-content\/uploads\/2025\/04\/Destacados-DC-1530x925-2025-04-23T104811.948-1024x619.jpg\" alt=\"\" class=\"wp-image-2277\" srcset=\"https:\/\/dc.diariodecomitan.com.mx\/wp-content\/uploads\/2025\/04\/Destacados-DC-1530x925-2025-04-23T104811.948-1024x619.jpg 1024w, https:\/\/dc.diariodecomitan.com.mx\/wp-content\/uploads\/2025\/04\/Destacados-DC-1530x925-2025-04-23T104811.948-300x181.jpg 300w, https:\/\/dc.diariodecomitan.com.mx\/wp-content\/uploads\/2025\/04\/Destacados-DC-1530x925-2025-04-23T104811.948-768x464.jpg 768w, https:\/\/dc.diariodecomitan.com.mx\/wp-content\/uploads\/2025\/04\/Destacados-DC-1530x925-2025-04-23T104811.948.jpg 1530w\" sizes=\"auto, (max-width: 1024px) 100vw, 1024px\" \/><\/figure>\n\n\n\n<p><strong>Tuxtla Guti\u00e9rrez; 22\/ABR\/2025.- <\/strong>Un accidente de tr\u00e1nsito ocurrido la tarde de este martes en el Barrio San Francisco de la capital chiapaneca dej\u00f3 como saldo dos personas lesionadas y una ri\u00f1a en plena v\u00eda p\u00fablica. El incidente tuvo lugar alrededor de las 17:00 horas en la intersecci\u00f3n de la 9\u00aa Avenida Sur y la 7\u00aa Calle Poniente, provocando una intensa movilizaci\u00f3n de cuerpos de emergencia y autoridades policiacas.<\/p>\n\n\n\n<p>Seg\u00fan reportes oficiales, el autom\u00f3vil circulaba sobre la 7\u00aa Calle Poniente en direcci\u00f3n norte-sur cuando intent\u00f3 incorporarse a la 9\u00aa Avenida Sur en sentido oriente-poniente. Durante esta maniobra, el conductor del sed\u00e1n habr\u00eda realizado un corte de circulaci\u00f3n que deriv\u00f3 en el impacto del motociclista contra el faro izquierdo del veh\u00edculo.<\/p>\n\n\n\n<div class=\"wp-block-group is-nowrap is-layout-flex wp-container-core-group-is-layout-ad2f72ca wp-block-group-is-layout-flex\">\n<p>Elementos de la Polic\u00eda Municipal acudieron al lugar tras el reporte al 911 y solicitaron apoyo m\u00e9dico al observar a los involucrados con lesiones visibles. Param\u00e9dicos de la Cruz Roja Mexicana brindaron atenci\u00f3n prehospitalaria a ambos conductores, quienes, pese a presentar golpes y contusiones, no requirieron traslado hospitalario.<\/p>\n<\/div>\n\n\n\n<figure class=\"wp-block-image size-large\"><img loading=\"lazy\" decoding=\"async\" width=\"1024\" height=\"576\" src=\"https:\/\/dc.diariodecomitan.com.mx\/wp-content\/uploads\/2025\/04\/Captura-de-pantalla-800-1-1024x576.png\" alt=\"\" class=\"wp-image-2279\" srcset=\"https:\/\/dc.diariodecomitan.com.mx\/wp-content\/uploads\/2025\/04\/Captura-de-pantalla-800-1-1024x576.png 1024w, https:\/\/dc.diariodecomitan.com.mx\/wp-content\/uploads\/2025\/04\/Captura-de-pantalla-800-1-300x169.png 300w, https:\/\/dc.diariodecomitan.com.mx\/wp-content\/uploads\/2025\/04\/Captura-de-pantalla-800-1-768x432.png 768w, https:\/\/dc.diariodecomitan.com.mx\/wp-content\/uploads\/2025\/04\/Captura-de-pantalla-800-1.png 1299w\" sizes=\"auto, (max-width: 1024px) 100vw, 1024px\" \/><\/figure>\n\n\n\n<p>Tr\u00e1nsito Municipal realiz\u00f3 el peritaje correspondiente, concluyendo que el conductor del sed\u00e1n fue el responsable del accidente. El hombre fue detenido y puesto a disposici\u00f3n del Ministerio P\u00fablico, quien determinar\u00e1 su situaci\u00f3n legal en las pr\u00f3ximas horas.<\/p>\n\n\n\n<p>Ambos veh\u00edculos fueron trasladados al corral\u00f3n por una gr\u00faa, mientras que la vialidad fue restablecida una vez concluidas las diligencias. Las autoridades reiteraron el llamado a la prudencia al volante y a resolver cualquier tipo de conflicto mediante canales legales, evitando reacciones violentas que pueden agravar la situaci\u00f3n.<\/p>\n","protected":false},"excerpt":{"rendered":"<p>Tuxtla Guti\u00e9rrez; 22\/ABR\/2025.- Un accidente de tr\u00e1nsito ocurrido la tarde de este martes en el Barrio San Francisco de la capital chiapaneca dej\u00f3 como saldo dos personas lesionadas y una&hellip; <\/p>\n","protected":false},"author":2,"featured_media":2277,"comment_status":"closed","ping_status":"closed","sticky":false,"template":"","format":"standard","meta":{"footnotes":""},"categories":[10],"tags":[],"class_list":["post-2276","post","type-post","status-publish","format-standard","has-post-thumbnail","hentry","category-policiaca"],"_links":{"self":[{"href":"https:\/\/dc.diariodecomitan.com.mx\/index.php?rest_route=\/wp\/v2\/posts\/2276","targetHints":{"allow":["GET"]}}],"collection":[{"href":"https:\/\/dc.diariodecomitan.com.mx\/index.php?rest_route=\/wp\/v2\/posts"}],"about":[{"href":"https:\/\/dc.diariodecomitan.com.mx\/index.php?rest_route=\/wp\/v2\/types\/post"}],"author":[{"embeddable":true,"href":"https:\/\/dc.diariodecomitan.com.mx\/index.php?rest_route=\/wp\/v2\/users\/2"}],"replies":[{"embeddable":true,"href":"https:\/\/dc.diariodecomitan.com.mx\/index.php?rest_route=%2Fwp%2Fv2%2Fcomments&post=2276"}],"version-history":[{"count":1,"href":"https:\/\/dc.diariodecomitan.com.mx\/index.php?rest_route=\/wp\/v2\/posts\/2276\/revisions"}],"predecessor-version":[{"id":2280,"href":"https:\/\/dc.diariodecomitan.com.mx\/index.php?rest_route=\/wp\/v2\/posts\/2276\/revisions\/2280"}],"wp:featuredmedia":[{"embeddable":true,"href":"https:\/\/dc.diariodecomitan.com.mx\/index.php?rest_route=\/wp\/v2\/media\/2277"}],"wp:attachment":[{"href":"https:\/\/dc.diariodecomitan.com.mx\/index.php?rest_route=%2Fwp%2Fv2%2Fmedia&parent=2276"}],"wp:term":[{"taxonomy":"category","embeddable":true,"href":"https:\/\/dc.diariodecomitan.com.mx\/index.php?rest_route=%2Fwp%2Fv2%2Fcategories&post=2276"},{"taxonomy":"post_tag","embeddable":true,"href":"https:\/\/dc.diariodecomitan.com.mx\/index.php?rest_route=%2Fwp%2Fv2%2Ftags&post=2276"}],"curies":[{"name":"wp","href":"https:\/\/api.w.org\/{rel}","templated":true}]}}