{"id":2281,"date":"2025-04-23T11:00:31","date_gmt":"2025-04-23T17:00:31","guid":{"rendered":"https:\/\/dc.diariodecomitan.com.mx\/?p=2281"},"modified":"2025-05-19T13:37:12","modified_gmt":"2025-05-19T19:37:12","slug":"impulso-historico-al-desarrollo-de-arriaga","status":"publish","type":"post","link":"https:\/\/dc.diariodecomitan.com.mx\/?p=2281","title":{"rendered":"IMPULSO HIST\u00d3RICO al DESARROLLO de ARRIAGA"},"content":{"rendered":"\n<p><strong>Arriaga se va a proyectar como uno de los pueblos con mayor desarrollo: Eduardo Ram\u00edrez.<\/strong> <strong>Tren Interoce\u00e1nico y pesca, motores del progreso en Chiapas.<\/strong> <strong>M\u00e1s empleo y bienestar para la Costa de Chiapas.<\/strong><\/p>\n\n\n\n<figure class=\"wp-block-image size-large\"><img loading=\"lazy\" decoding=\"async\" width=\"1024\" height=\"619\" src=\"https:\/\/dc.diariodecomitan.com.mx\/wp-content\/uploads\/2025\/04\/Destacados-DC-1530x925-2025-04-23T105917.794-1024x619.jpg\" alt=\"\" class=\"wp-image-2282\" srcset=\"https:\/\/dc.diariodecomitan.com.mx\/wp-content\/uploads\/2025\/04\/Destacados-DC-1530x925-2025-04-23T105917.794-1024x619.jpg 1024w, https:\/\/dc.diariodecomitan.com.mx\/wp-content\/uploads\/2025\/04\/Destacados-DC-1530x925-2025-04-23T105917.794-300x181.jpg 300w, https:\/\/dc.diariodecomitan.com.mx\/wp-content\/uploads\/2025\/04\/Destacados-DC-1530x925-2025-04-23T105917.794-768x464.jpg 768w, https:\/\/dc.diariodecomitan.com.mx\/wp-content\/uploads\/2025\/04\/Destacados-DC-1530x925-2025-04-23T105917.794.jpg 1530w\" sizes=\"auto, (max-width: 1024px) 100vw, 1024px\" \/><\/figure>\n\n\n\n<p><strong>Arriaga; 22\/ABR\/2025.- <\/strong>Al realizar la entrega de apoyos Pesca por el Bienestar, en la localidad Santa Br\u00edgida, del municipio de Arriaga, el gobernador Eduardo Ram\u00edrez Aguilar subray\u00f3 que la construcci\u00f3n de la L\u00ednea K del Tren Interoce\u00e1nico y el establecimiento de un Polo de Desarrollo Industrial detonar\u00e1n el crecimiento econ\u00f3mico de la regi\u00f3n, generando m\u00e1s empleos y mejorando la calidad de vida de las familias.<\/p>\n\n\n\n<p>\u201c<em>Me siento muy motivado porque yo jam\u00e1s le he mentido al pueblo de Chiapas. Doy todo de m\u00ed, doy lo mejor de m\u00ed para que Chiapas tenga progreso y me llena de emoci\u00f3n que Arriaga se va a proyectar como uno de los pueblos con mayor desarrollo en este sexenio<\/em>\u201d, expres\u00f3 el mandatario, al agradecer el respaldo que la presidenta de M\u00e9xico, Claudia Sheinbaum Pardo, brinda al estado.&nbsp;<\/p>\n\n\n\n<figure class=\"wp-block-image size-large\"><a href=\"https:\/\/wa.me\/529631094969\"><img loading=\"lazy\" decoding=\"async\" width=\"1024\" height=\"194\" src=\"https:\/\/dc.diariodecomitan.com.mx\/wp-content\/uploads\/2025\/03\/CINTILLO-GASCOM-1024x194.png\" alt=\"\" class=\"wp-image-637\" srcset=\"https:\/\/dc.diariodecomitan.com.mx\/wp-content\/uploads\/2025\/03\/CINTILLO-GASCOM-1024x194.png 1024w, https:\/\/dc.diariodecomitan.com.mx\/wp-content\/uploads\/2025\/03\/CINTILLO-GASCOM-300x57.png 300w, https:\/\/dc.diariodecomitan.com.mx\/wp-content\/uploads\/2025\/03\/CINTILLO-GASCOM-768x146.png 768w, https:\/\/dc.diariodecomitan.com.mx\/wp-content\/uploads\/2025\/03\/CINTILLO-GASCOM-1536x291.png 1536w, https:\/\/dc.diariodecomitan.com.mx\/wp-content\/uploads\/2025\/03\/CINTILLO-GASCOM-2048x388.png 2048w\" sizes=\"auto, (max-width: 1024px) 100vw, 1024px\" \/><\/a><\/figure>\n\n\n\n<p>Acompa\u00f1ado por la se\u00f1ora Sof\u00eda Espinoza Abarca, Ram\u00edrez Aguilar reconoci\u00f3 el trabajo de las y los pescadores y anunci\u00f3 que su administraci\u00f3n colaborar\u00e1 estrechamente con este sector para mejorar su productividad y atender sus principales necesidades. Inform\u00f3 que se realizar\u00e1n trabajos de dragado en los nueve municipios costeros, adem\u00e1s de continuar con los apoyos sociales que les permitan elevar sus condiciones de vida.<\/p>\n\n\n\n<p>Asimismo, record\u00f3 que uno de los compromisos fundamentales al iniciar su gobierno fue restablecer la paz y la seguridad en Chiapas, lo cual ya se refleja en los indicadores. Prueba de ello es la m\u00e1s reciente encuesta de percepci\u00f3n de inseguridad, publicada este martes, que posiciona a la entidad como la segunda m\u00e1s segura a nivel nacional.<\/p>\n\n\n\n<figure class=\"wp-block-image size-large\"><img loading=\"lazy\" decoding=\"async\" width=\"1024\" height=\"682\" src=\"https:\/\/dc.diariodecomitan.com.mx\/wp-content\/uploads\/2025\/04\/2-1-1024x682.jpg\" alt=\"\" class=\"wp-image-2283\" srcset=\"https:\/\/dc.diariodecomitan.com.mx\/wp-content\/uploads\/2025\/04\/2-1-1024x682.jpg 1024w, https:\/\/dc.diariodecomitan.com.mx\/wp-content\/uploads\/2025\/04\/2-1-300x200.jpg 300w, https:\/\/dc.diariodecomitan.com.mx\/wp-content\/uploads\/2025\/04\/2-1-768x511.jpg 768w, https:\/\/dc.diariodecomitan.com.mx\/wp-content\/uploads\/2025\/04\/2-1.jpg 1440w\" sizes=\"auto, (max-width: 1024px) 100vw, 1024px\" \/><\/figure>\n\n\n\n<p>El secretario de Agricultura, Ganader\u00eda y Pesca, Marco Antonio Barba Arrocha, explic\u00f3 que a trav\u00e9s del programa Pesca por el Bienestar se busca fortalecer la pesca artesanal, proteger los sistemas lagunarios, promover buenas pr\u00e1cticas, repoblar los cuerpos de agua y fortalecer la organizaci\u00f3n del sector. En ese marco, inform\u00f3 que en Arriaga se destinan m\u00e1s de 30 millones de pesos para apoyar a m\u00e1s de mil 300 pescadores, como parte de un total de 10 mil beneficiarios en todo el estado.<\/p>\n\n\n\n<p>En representaci\u00f3n de las y los beneficiarios, Pedro Candelaria Nieto, presidente de la Federaci\u00f3n Pesquera de Sociedades Cooperativas del Pac\u00edfico de Chiapas, entreg\u00f3 una atarraya al mandatario como s\u00edmbolo de agradecimiento por su cercan\u00eda y compromiso con el gremio. Destac\u00f3 que la entrega directa de estos apoyos demuestra el inter\u00e9s por mejorar sus condiciones de vida y fomentar un desarrollo acu\u00edcola sostenible.<\/p>\n\n\n\n<p>Por su parte, el presidente municipal de Arriaga, Alejandro Aquiles Patrinos Fern\u00e1ndez, reconoci\u00f3 el impulso que el gobernador Eduardo Ram\u00edrez est\u00e1 dando a la pacificaci\u00f3n y prosperidad de Chiapas, as\u00ed como su respaldo al fortalecimiento del sector pesquero en el municipio, donde se agrupan 2 mil 815 socios integrados en 45 cooperativas dedicadas a esta actividad.<\/p>\n","protected":false},"excerpt":{"rendered":"<p>Arriaga se va a proyectar como uno de los pueblos con mayor desarrollo: Eduardo Ram\u00edrez. Tren Interoce\u00e1nico y pesca, motores del progreso en Chiapas. M\u00e1s empleo y bienestar para la&hellip; <\/p>\n","protected":false},"author":2,"featured_media":2282,"comment_status":"closed","ping_status":"closed","sticky":false,"template":"","format":"standard","meta":{"footnotes":""},"categories":[8],"tags":[],"class_list":["post-2281","post","type-post","status-publish","format-standard","has-post-thumbnail","hentry","category-estatal"],"_links":{"self":[{"href":"https:\/\/dc.diariodecomitan.com.mx\/index.php?rest_route=\/wp\/v2\/posts\/2281","targetHints":{"allow":["GET"]}}],"collection":[{"href":"https:\/\/dc.diariodecomitan.com.mx\/index.php?rest_route=\/wp\/v2\/posts"}],"about":[{"href":"https:\/\/dc.diariodecomitan.com.mx\/index.php?rest_route=\/wp\/v2\/types\/post"}],"author":[{"embeddable":true,"href":"https:\/\/dc.diariodecomitan.com.mx\/index.php?rest_route=\/wp\/v2\/users\/2"}],"replies":[{"embeddable":true,"href":"https:\/\/dc.diariodecomitan.com.mx\/index.php?rest_route=%2Fwp%2Fv2%2Fcomments&post=2281"}],"version-history":[{"count":1,"href":"https:\/\/dc.diariodecomitan.com.mx\/index.php?rest_route=\/wp\/v2\/posts\/2281\/revisions"}],"predecessor-version":[{"id":2284,"href":"https:\/\/dc.diariodecomitan.com.mx\/index.php?rest_route=\/wp\/v2\/posts\/2281\/revisions\/2284"}],"wp:featuredmedia":[{"embeddable":true,"href":"https:\/\/dc.diariodecomitan.com.mx\/index.php?rest_route=\/wp\/v2\/media\/2282"}],"wp:attachment":[{"href":"https:\/\/dc.diariodecomitan.com.mx\/index.php?rest_route=%2Fwp%2Fv2%2Fmedia&parent=2281"}],"wp:term":[{"taxonomy":"category","embeddable":true,"href":"https:\/\/dc.diariodecomitan.com.mx\/index.php?rest_route=%2Fwp%2Fv2%2Fcategories&post=2281"},{"taxonomy":"post_tag","embeddable":true,"href":"https:\/\/dc.diariodecomitan.com.mx\/index.php?rest_route=%2Fwp%2Fv2%2Ftags&post=2281"}],"curies":[{"name":"wp","href":"https:\/\/api.w.org\/{rel}","templated":true}]}}