{"id":24208,"date":"2026-04-24T19:16:24","date_gmt":"2026-04-25T01:16:24","guid":{"rendered":"https:\/\/dc.diariodecomitan.com.mx\/?p=24208"},"modified":"2026-04-24T19:16:26","modified_gmt":"2026-04-25T01:16:26","slug":"en-la-trinitaria-la-educacion-es-prioridad","status":"publish","type":"post","link":"https:\/\/dc.diariodecomitan.com.mx\/?p=24208","title":{"rendered":"En La Trinitaria, la educaci\u00f3n es prioridad"},"content":{"rendered":"\n<p>Se hizo entrega de una unidad sanitaria al CECyTE 08<\/p>\n\n\n\n<figure class=\"wp-block-image size-large\"><img loading=\"lazy\" decoding=\"async\" width=\"1024\" height=\"735\" src=\"https:\/\/dc.diariodecomitan.com.mx\/wp-content\/uploads\/2026\/04\/bceb7d2d-59a9-42f0-9d40-6499a85417bd-1024x735.jpeg\" alt=\"\" class=\"wp-image-24209\" srcset=\"https:\/\/dc.diariodecomitan.com.mx\/wp-content\/uploads\/2026\/04\/bceb7d2d-59a9-42f0-9d40-6499a85417bd-1024x735.jpeg 1024w, https:\/\/dc.diariodecomitan.com.mx\/wp-content\/uploads\/2026\/04\/bceb7d2d-59a9-42f0-9d40-6499a85417bd-300x215.jpeg 300w, https:\/\/dc.diariodecomitan.com.mx\/wp-content\/uploads\/2026\/04\/bceb7d2d-59a9-42f0-9d40-6499a85417bd-768x551.jpeg 768w, https:\/\/dc.diariodecomitan.com.mx\/wp-content\/uploads\/2026\/04\/bceb7d2d-59a9-42f0-9d40-6499a85417bd.jpeg 1504w\" sizes=\"auto, (max-width: 1024px) 100vw, 1024px\" \/><\/figure>\n\n\n\n<p>La Trinitaria, Chiapas. 24\/Abril\/2026. Dos m\u00f3dulos sanitarios, uno para hombres y otro para mujeres, fueron entregados en el Colegio de Estudios Cient\u00edficos y Tecnol\u00f3gicos del Estado (CECyTE), Plantel 08 La Trinitaria, en donde la comunidad escolar y personal docente recibieron a las autoridades municipales y del Estado para realizar el corte de list\u00f3n inaugural.<\/p>\n\n\n\n<p>\u00abProfe Denis, much\u00edsimas gracias, por todo el apoyo que le ha dado a esta instituci\u00f3n. Aqu\u00ed se ve la palabra, es un gobernante que est\u00e1 preocupado por la educaci\u00f3n, que es uno de los ejes muy importantes de nuestro gobernador del Estado, y el que los presidentes municipales se sumen ayuda para que todos vayamos adelante\u00bb, destac\u00f3 Jos\u00e9 Manuel \u00c1ngel Villalobos, director de Planeaci\u00f3n, en representaci\u00f3n de Luis Guadalupe Morales \u00c1ngeles, director general del CECyTE Chiapas.<\/p>\n\n\n\n<figure class=\"wp-block-image size-large\"><img loading=\"lazy\" decoding=\"async\" width=\"1024\" height=\"760\" src=\"https:\/\/dc.diariodecomitan.com.mx\/wp-content\/uploads\/2026\/04\/c4448510-575e-4095-bf86-c51181ee8eaa-1024x760.jpeg\" alt=\"\" class=\"wp-image-24210\" srcset=\"https:\/\/dc.diariodecomitan.com.mx\/wp-content\/uploads\/2026\/04\/c4448510-575e-4095-bf86-c51181ee8eaa-1024x760.jpeg 1024w, https:\/\/dc.diariodecomitan.com.mx\/wp-content\/uploads\/2026\/04\/c4448510-575e-4095-bf86-c51181ee8eaa-300x223.jpeg 300w, https:\/\/dc.diariodecomitan.com.mx\/wp-content\/uploads\/2026\/04\/c4448510-575e-4095-bf86-c51181ee8eaa-768x570.jpeg 768w, https:\/\/dc.diariodecomitan.com.mx\/wp-content\/uploads\/2026\/04\/c4448510-575e-4095-bf86-c51181ee8eaa.jpeg 1456w\" sizes=\"auto, (max-width: 1024px) 100vw, 1024px\" \/><\/figure>\n\n\n\n<p>Por su parte, el alumnado y personal docente reconoci\u00f3 el esfuerzo que la administraci\u00f3n municipal ha hecho para mejorar las condiciones de esta escuela, \u00abno es una obra m\u00e1s, para nosotros representa dignidad, cuidado y respeto; significa tener espacios adecuados que nos permiten concentrarnos en lo m\u00e1s importante: aprender y construir nuestro futuro\u00bb.<\/p>\n\n\n\n<figure class=\"wp-block-image size-large\"><img loading=\"lazy\" decoding=\"async\" width=\"1024\" height=\"683\" src=\"https:\/\/dc.diariodecomitan.com.mx\/wp-content\/uploads\/2026\/04\/289e03f2-1c4b-4eda-883a-2bd7bd3e6892-1024x683.jpeg\" alt=\"\" class=\"wp-image-24211\" srcset=\"https:\/\/dc.diariodecomitan.com.mx\/wp-content\/uploads\/2026\/04\/289e03f2-1c4b-4eda-883a-2bd7bd3e6892-1024x683.jpeg 1024w, https:\/\/dc.diariodecomitan.com.mx\/wp-content\/uploads\/2026\/04\/289e03f2-1c4b-4eda-883a-2bd7bd3e6892-300x200.jpeg 300w, https:\/\/dc.diariodecomitan.com.mx\/wp-content\/uploads\/2026\/04\/289e03f2-1c4b-4eda-883a-2bd7bd3e6892-768x512.jpeg 768w, https:\/\/dc.diariodecomitan.com.mx\/wp-content\/uploads\/2026\/04\/289e03f2-1c4b-4eda-883a-2bd7bd3e6892-1536x1024.jpeg 1536w, https:\/\/dc.diariodecomitan.com.mx\/wp-content\/uploads\/2026\/04\/289e03f2-1c4b-4eda-883a-2bd7bd3e6892.jpeg 1599w\" sizes=\"auto, (max-width: 1024px) 100vw, 1024px\" \/><\/figure>\n","protected":false},"excerpt":{"rendered":"<p>Se hizo entrega de una unidad sanitaria al CECyTE 08 La Trinitaria, Chiapas. 24\/Abril\/2026. Dos m\u00f3dulos sanitarios, uno para hombres y otro para mujeres, fueron entregados en el Colegio de&hellip; <\/p>\n","protected":false},"author":2,"featured_media":24212,"comment_status":"closed","ping_status":"closed","sticky":false,"template":"","format":"standard","meta":{"footnotes":""},"categories":[17],"tags":[],"class_list":["post-24208","post","type-post","status-publish","format-standard","has-post-thumbnail","hentry","category-municipios"],"_links":{"self":[{"href":"https:\/\/dc.diariodecomitan.com.mx\/index.php?rest_route=\/wp\/v2\/posts\/24208","targetHints":{"allow":["GET"]}}],"collection":[{"href":"https:\/\/dc.diariodecomitan.com.mx\/index.php?rest_route=\/wp\/v2\/posts"}],"about":[{"href":"https:\/\/dc.diariodecomitan.com.mx\/index.php?rest_route=\/wp\/v2\/types\/post"}],"author":[{"embeddable":true,"href":"https:\/\/dc.diariodecomitan.com.mx\/index.php?rest_route=\/wp\/v2\/users\/2"}],"replies":[{"embeddable":true,"href":"https:\/\/dc.diariodecomitan.com.mx\/index.php?rest_route=%2Fwp%2Fv2%2Fcomments&post=24208"}],"version-history":[{"count":1,"href":"https:\/\/dc.diariodecomitan.com.mx\/index.php?rest_route=\/wp\/v2\/posts\/24208\/revisions"}],"predecessor-version":[{"id":24213,"href":"https:\/\/dc.diariodecomitan.com.mx\/index.php?rest_route=\/wp\/v2\/posts\/24208\/revisions\/24213"}],"wp:featuredmedia":[{"embeddable":true,"href":"https:\/\/dc.diariodecomitan.com.mx\/index.php?rest_route=\/wp\/v2\/media\/24212"}],"wp:attachment":[{"href":"https:\/\/dc.diariodecomitan.com.mx\/index.php?rest_route=%2Fwp%2Fv2%2Fmedia&parent=24208"}],"wp:term":[{"taxonomy":"category","embeddable":true,"href":"https:\/\/dc.diariodecomitan.com.mx\/index.php?rest_route=%2Fwp%2Fv2%2Fcategories&post=24208"},{"taxonomy":"post_tag","embeddable":true,"href":"https:\/\/dc.diariodecomitan.com.mx\/index.php?rest_route=%2Fwp%2Fv2%2Ftags&post=24208"}],"curies":[{"name":"wp","href":"https:\/\/api.w.org\/{rel}","templated":true}]}}