{"id":24214,"date":"2026-04-24T19:21:30","date_gmt":"2026-04-25T01:21:30","guid":{"rendered":"https:\/\/dc.diariodecomitan.com.mx\/?p=24214"},"modified":"2026-04-24T19:21:32","modified_gmt":"2026-04-25T01:21:32","slug":"afinan-detalles-para-la-remodelacion-del-tramo-la-independencia-el-triunfo","status":"publish","type":"post","link":"https:\/\/dc.diariodecomitan.com.mx\/?p=24214","title":{"rendered":"Afinan detalles para la remodelaci\u00f3n del tramo La Independencia\u2013El Triunfo"},"content":{"rendered":"\n<p><strong>La Independencia, Chiapas; 24\/ABRIL\/2026<\/strong>.\u2014 El presidente municipal de Sebasti\u00e1n L\u00f3pez inform\u00f3 que contin\u00faan los preparativos para dar inicio a la esperada remodelaci\u00f3n del tramo carretero que conecta La Independencia con la comunidad de El Triunfo.<\/p>\n\n\n\n<p>Durante una reuni\u00f3n de trabajo, el edil destac\u00f3 el acompa\u00f1amiento del ingeniero Rafa, director general de la Comisi\u00f3n Estatal de Caminos, a quien reconoci\u00f3 como un aliado clave en los proyectos de infraestructura que impulsan el desarrollo del municipio.<\/p>\n\n\n\n<p>\u201cSiempre es un gusto saludar al inge Rafa, quien ha mostrado disposici\u00f3n y compromiso con La Independencia. Actualmente estamos afinando los \u00faltimos detalles para arrancar esta importante obra\u201d, expres\u00f3.<\/p>\n\n\n\n<p>La rehabilitaci\u00f3n del tramo La Independencia\u2013El Triunfo busca mejorar la conectividad, facilitar el tr\u00e1nsito y fortalecer la econom\u00eda local, beneficiando directamente a las comunidades de la regi\u00f3n.<\/p>\n\n\n\n<p>Con este proyecto, el gobierno municipal reafirma su compromiso de trabajar en coordinaci\u00f3n con instancias estatales para impulsar obras que contribuyan al bienestar y desarrollo de la poblaci\u00f3n.<\/p>\n\n\n\n<figure class=\"wp-block-image size-large\"><img loading=\"lazy\" decoding=\"async\" width=\"575\" height=\"1024\" src=\"https:\/\/dc.diariodecomitan.com.mx\/wp-content\/uploads\/2026\/04\/IMG_7241-575x1024.jpeg\" alt=\"\" class=\"wp-image-24215\" srcset=\"https:\/\/dc.diariodecomitan.com.mx\/wp-content\/uploads\/2026\/04\/IMG_7241-575x1024.jpeg 575w, https:\/\/dc.diariodecomitan.com.mx\/wp-content\/uploads\/2026\/04\/IMG_7241-168x300.jpeg 168w, https:\/\/dc.diariodecomitan.com.mx\/wp-content\/uploads\/2026\/04\/IMG_7241-768x1368.jpeg 768w, https:\/\/dc.diariodecomitan.com.mx\/wp-content\/uploads\/2026\/04\/IMG_7241-862x1536.jpeg 862w, https:\/\/dc.diariodecomitan.com.mx\/wp-content\/uploads\/2026\/04\/IMG_7241.jpeg 898w\" sizes=\"auto, (max-width: 575px) 100vw, 575px\" \/><\/figure>\n","protected":false},"excerpt":{"rendered":"<p>La Independencia, Chiapas; 24\/ABRIL\/2026.\u2014 El presidente municipal de Sebasti\u00e1n L\u00f3pez inform\u00f3 que contin\u00faan los preparativos para dar inicio a la esperada remodelaci\u00f3n del tramo carretero que conecta La Independencia con&hellip; <\/p>\n","protected":false},"author":2,"featured_media":24216,"comment_status":"closed","ping_status":"closed","sticky":false,"template":"","format":"standard","meta":{"footnotes":""},"categories":[17],"tags":[],"class_list":["post-24214","post","type-post","status-publish","format-standard","has-post-thumbnail","hentry","category-municipios"],"_links":{"self":[{"href":"https:\/\/dc.diariodecomitan.com.mx\/index.php?rest_route=\/wp\/v2\/posts\/24214","targetHints":{"allow":["GET"]}}],"collection":[{"href":"https:\/\/dc.diariodecomitan.com.mx\/index.php?rest_route=\/wp\/v2\/posts"}],"about":[{"href":"https:\/\/dc.diariodecomitan.com.mx\/index.php?rest_route=\/wp\/v2\/types\/post"}],"author":[{"embeddable":true,"href":"https:\/\/dc.diariodecomitan.com.mx\/index.php?rest_route=\/wp\/v2\/users\/2"}],"replies":[{"embeddable":true,"href":"https:\/\/dc.diariodecomitan.com.mx\/index.php?rest_route=%2Fwp%2Fv2%2Fcomments&post=24214"}],"version-history":[{"count":1,"href":"https:\/\/dc.diariodecomitan.com.mx\/index.php?rest_route=\/wp\/v2\/posts\/24214\/revisions"}],"predecessor-version":[{"id":24217,"href":"https:\/\/dc.diariodecomitan.com.mx\/index.php?rest_route=\/wp\/v2\/posts\/24214\/revisions\/24217"}],"wp:featuredmedia":[{"embeddable":true,"href":"https:\/\/dc.diariodecomitan.com.mx\/index.php?rest_route=\/wp\/v2\/media\/24216"}],"wp:attachment":[{"href":"https:\/\/dc.diariodecomitan.com.mx\/index.php?rest_route=%2Fwp%2Fv2%2Fmedia&parent=24214"}],"wp:term":[{"taxonomy":"category","embeddable":true,"href":"https:\/\/dc.diariodecomitan.com.mx\/index.php?rest_route=%2Fwp%2Fv2%2Fcategories&post=24214"},{"taxonomy":"post_tag","embeddable":true,"href":"https:\/\/dc.diariodecomitan.com.mx\/index.php?rest_route=%2Fwp%2Fv2%2Ftags&post=24214"}],"curies":[{"name":"wp","href":"https:\/\/api.w.org\/{rel}","templated":true}]}}