{"id":24226,"date":"2026-04-24T23:53:43","date_gmt":"2026-04-25T05:53:43","guid":{"rendered":"https:\/\/dc.diariodecomitan.com.mx\/?p=24226"},"modified":"2026-04-24T23:53:46","modified_gmt":"2026-04-25T05:53:46","slug":"exito-medico-en-san-cristobal-42-pacientes-atendidos","status":"publish","type":"post","link":"https:\/\/dc.diariodecomitan.com.mx\/?p=24226","title":{"rendered":"\u00c9XITO M\u00c9DICO en SAN CRIST\u00d3BAL: 42 PACIENTES ATENDIDOS"},"content":{"rendered":"\n<blockquote class=\"wp-block-quote is-layout-flow wp-block-quote-is-layout-flow\">\n<p><strong><em>Realizan con \u00e9xito la Tercera Jornada M\u00e9dico Quir\u00fargica 2026 en San Crist\u00f3bal de las Casas<\/em><\/strong><strong>.<\/strong><\/p>\n<\/blockquote>\n\n\n\n<p><strong>MDR<\/strong><\/p>\n\n\n\n<p><strong>Comit\u00e1n de Dom\u00ednguez; 24\/ABRIL\/2026.-<\/strong> Con resultados positivos en beneficio de la poblaci\u00f3n afiliada, se llev\u00f3 a cabo la Tercera Jornada M\u00e9dico Quir\u00fargica 2026 en la Cl\u00ednica de Consulta Externa de esta ciudad, como parte de una estrategia enfocada en reducir el rezago en la atenci\u00f3n m\u00e9dica y garantizar servicios oportunos, con calidad y calidez.<\/p>\n\n\n\n<p>Durante esta jornada, se efectuaron procedimientos especializados, entre ellos endoscop\u00edas diagn\u00f3sticas, logrando atender a un total de 42 pacientes. Las intervenciones se realizaron bajo est\u00e1ndares de seguridad y eficiencia, permitiendo brindar atenci\u00f3n integral de manera \u00e1gil.<\/p>\n\n\n<div class=\"wp-block-image\">\n<figure class=\"aligncenter size-large is-resized\"><img loading=\"lazy\" decoding=\"async\" width=\"1024\" height=\"619\" src=\"https:\/\/dc.diariodecomitan.com.mx\/wp-content\/uploads\/2026\/04\/005-679772445_1409772897858690_38057163217022387_n-1024x619.jpg\" alt=\"\" class=\"wp-image-24227\" style=\"aspect-ratio:1.6542833323393766;width:771px;height:auto\" srcset=\"https:\/\/dc.diariodecomitan.com.mx\/wp-content\/uploads\/2026\/04\/005-679772445_1409772897858690_38057163217022387_n-1024x619.jpg 1024w, https:\/\/dc.diariodecomitan.com.mx\/wp-content\/uploads\/2026\/04\/005-679772445_1409772897858690_38057163217022387_n-300x181.jpg 300w, https:\/\/dc.diariodecomitan.com.mx\/wp-content\/uploads\/2026\/04\/005-679772445_1409772897858690_38057163217022387_n-768x464.jpg 768w, https:\/\/dc.diariodecomitan.com.mx\/wp-content\/uploads\/2026\/04\/005-679772445_1409772897858690_38057163217022387_n.jpg 1530w\" sizes=\"auto, (max-width: 1024px) 100vw, 1024px\" \/><\/figure>\n<\/div>\n\n\n<p>El director general, Luis Ignacio Avenda\u00f1o Berm\u00fadez, destac\u00f3 que estas acciones reflejan el compromiso institucional por fortalecer la capacidad resolutiva de los servicios de salud. Subray\u00f3 que este tipo de jornadas contribuyen a optimizar los tiempos de atenci\u00f3n y a acercar servicios m\u00e9dicos especializados a quienes m\u00e1s lo necesitan.<\/p>\n\n\n\n<p>Asimismo, enfatiz\u00f3 la importancia de continuar implementando estrategias que permitan mejorar la cobertura y calidad de la atenci\u00f3n m\u00e9dica, consolidando un sistema de salud m\u00e1s accesible y eficiente para la poblaci\u00f3n.<\/p>\n\n\n\n<p>La jornada forma parte de un conjunto de acciones orientadas a mejorar la atenci\u00f3n m\u00e9dica en la regi\u00f3n, priorizando el bienestar de los pacientes y el fortalecimiento de los servicios de salud.<\/p>\n\n\n\n<figure class=\"wp-block-gallery has-nested-images columns-default is-cropped wp-block-gallery-1 is-layout-flex wp-block-gallery-is-layout-flex\">\n<figure class=\"wp-block-image size-large\"><img loading=\"lazy\" decoding=\"async\" width=\"1024\" height=\"681\" data-id=\"24229\" src=\"https:\/\/dc.diariodecomitan.com.mx\/wp-content\/uploads\/2026\/04\/677088868_1409772881192025_7566473576353104856_n-1024x681.jpg\" alt=\"\" class=\"wp-image-24229\" srcset=\"https:\/\/dc.diariodecomitan.com.mx\/wp-content\/uploads\/2026\/04\/677088868_1409772881192025_7566473576353104856_n-1024x681.jpg 1024w, https:\/\/dc.diariodecomitan.com.mx\/wp-content\/uploads\/2026\/04\/677088868_1409772881192025_7566473576353104856_n-300x200.jpg 300w, https:\/\/dc.diariodecomitan.com.mx\/wp-content\/uploads\/2026\/04\/677088868_1409772881192025_7566473576353104856_n-768x511.jpg 768w, https:\/\/dc.diariodecomitan.com.mx\/wp-content\/uploads\/2026\/04\/677088868_1409772881192025_7566473576353104856_n.jpg 1440w\" sizes=\"auto, (max-width: 1024px) 100vw, 1024px\" \/><\/figure>\n\n\n\n<figure class=\"wp-block-image size-large\"><img loading=\"lazy\" decoding=\"async\" width=\"1024\" height=\"681\" data-id=\"24228\" src=\"https:\/\/dc.diariodecomitan.com.mx\/wp-content\/uploads\/2026\/04\/678608614_1409772894525357_6930620980960947685_n-1024x681.jpg\" alt=\"\" class=\"wp-image-24228\" srcset=\"https:\/\/dc.diariodecomitan.com.mx\/wp-content\/uploads\/2026\/04\/678608614_1409772894525357_6930620980960947685_n-1024x681.jpg 1024w, https:\/\/dc.diariodecomitan.com.mx\/wp-content\/uploads\/2026\/04\/678608614_1409772894525357_6930620980960947685_n-300x200.jpg 300w, https:\/\/dc.diariodecomitan.com.mx\/wp-content\/uploads\/2026\/04\/678608614_1409772894525357_6930620980960947685_n-768x511.jpg 768w, https:\/\/dc.diariodecomitan.com.mx\/wp-content\/uploads\/2026\/04\/678608614_1409772894525357_6930620980960947685_n.jpg 1440w\" sizes=\"auto, (max-width: 1024px) 100vw, 1024px\" \/><\/figure>\n<\/figure>\n","protected":false},"excerpt":{"rendered":"<p>Realizan con \u00e9xito la Tercera Jornada M\u00e9dico Quir\u00fargica 2026 en San Crist\u00f3bal de las Casas. MDR Comit\u00e1n de Dom\u00ednguez; 24\/ABRIL\/2026.- Con resultados positivos en beneficio de la poblaci\u00f3n afiliada, se&hellip; <\/p>\n","protected":false},"author":2,"featured_media":24227,"comment_status":"closed","ping_status":"closed","sticky":false,"template":"","format":"standard","meta":{"footnotes":""},"categories":[17],"tags":[],"class_list":["post-24226","post","type-post","status-publish","format-standard","has-post-thumbnail","hentry","category-municipios"],"_links":{"self":[{"href":"https:\/\/dc.diariodecomitan.com.mx\/index.php?rest_route=\/wp\/v2\/posts\/24226","targetHints":{"allow":["GET"]}}],"collection":[{"href":"https:\/\/dc.diariodecomitan.com.mx\/index.php?rest_route=\/wp\/v2\/posts"}],"about":[{"href":"https:\/\/dc.diariodecomitan.com.mx\/index.php?rest_route=\/wp\/v2\/types\/post"}],"author":[{"embeddable":true,"href":"https:\/\/dc.diariodecomitan.com.mx\/index.php?rest_route=\/wp\/v2\/users\/2"}],"replies":[{"embeddable":true,"href":"https:\/\/dc.diariodecomitan.com.mx\/index.php?rest_route=%2Fwp%2Fv2%2Fcomments&post=24226"}],"version-history":[{"count":1,"href":"https:\/\/dc.diariodecomitan.com.mx\/index.php?rest_route=\/wp\/v2\/posts\/24226\/revisions"}],"predecessor-version":[{"id":24230,"href":"https:\/\/dc.diariodecomitan.com.mx\/index.php?rest_route=\/wp\/v2\/posts\/24226\/revisions\/24230"}],"wp:featuredmedia":[{"embeddable":true,"href":"https:\/\/dc.diariodecomitan.com.mx\/index.php?rest_route=\/wp\/v2\/media\/24227"}],"wp:attachment":[{"href":"https:\/\/dc.diariodecomitan.com.mx\/index.php?rest_route=%2Fwp%2Fv2%2Fmedia&parent=24226"}],"wp:term":[{"taxonomy":"category","embeddable":true,"href":"https:\/\/dc.diariodecomitan.com.mx\/index.php?rest_route=%2Fwp%2Fv2%2Fcategories&post=24226"},{"taxonomy":"post_tag","embeddable":true,"href":"https:\/\/dc.diariodecomitan.com.mx\/index.php?rest_route=%2Fwp%2Fv2%2Ftags&post=24226"}],"curies":[{"name":"wp","href":"https:\/\/api.w.org\/{rel}","templated":true}]}}