{"id":24231,"date":"2026-04-25T00:26:04","date_gmt":"2026-04-25T06:26:04","guid":{"rendered":"https:\/\/dc.diariodecomitan.com.mx\/?p=24231"},"modified":"2026-04-25T00:26:07","modified_gmt":"2026-04-25T06:26:07","slug":"alcalde-escucha-a-jovenes-en-las-margaritas","status":"publish","type":"post","link":"https:\/\/dc.diariodecomitan.com.mx\/?p=24231","title":{"rendered":"ALCALDE ESCUCHA a J\u00d3VENES en LAS MARGARITAS"},"content":{"rendered":"\n<blockquote class=\"wp-block-quote is-layout-flow wp-block-quote-is-layout-flow\">\n<p><strong><em>Bladimir Hern\u00e1ndez \u00c1lvarez refrenda compromiso con la juventud en Las Margaritas.<\/em><\/strong><\/p>\n<\/blockquote>\n\n\n\n<p><strong>MDR<\/strong><\/p>\n\n\n\n<p><strong>Las Margaritas; 24\/ABRIL\/2026.-<\/strong> En un ejercicio de cercan\u00eda y cumplimiento de compromisos, el presidente municipal de Las Margaritas, Bladimir Hern\u00e1ndez \u00c1lvarez, realiz\u00f3 una visita a la Preparatoria \u201cL\u00e1zaro C\u00e1rdenas del R\u00edo\u201d, donde sostuvo un encuentro con estudiantes para escuchar de manera directa sus inquietudes, propuestas e ideas.<\/p>\n\n\n<div class=\"wp-block-image\">\n<figure class=\"aligncenter size-large is-resized\"><img loading=\"lazy\" decoding=\"async\" width=\"1024\" height=\"619\" src=\"https:\/\/dc.diariodecomitan.com.mx\/wp-content\/uploads\/2026\/04\/001-675907926_1389511686533150_4991525992933683342_n-1024x619.jpg\" alt=\"\" class=\"wp-image-24233\" style=\"aspect-ratio:1.6542833323393766;width:603px;height:auto\" srcset=\"https:\/\/dc.diariodecomitan.com.mx\/wp-content\/uploads\/2026\/04\/001-675907926_1389511686533150_4991525992933683342_n-1024x619.jpg 1024w, https:\/\/dc.diariodecomitan.com.mx\/wp-content\/uploads\/2026\/04\/001-675907926_1389511686533150_4991525992933683342_n-300x181.jpg 300w, https:\/\/dc.diariodecomitan.com.mx\/wp-content\/uploads\/2026\/04\/001-675907926_1389511686533150_4991525992933683342_n-768x464.jpg 768w, https:\/\/dc.diariodecomitan.com.mx\/wp-content\/uploads\/2026\/04\/001-675907926_1389511686533150_4991525992933683342_n.jpg 1530w\" sizes=\"auto, (max-width: 1024px) 100vw, 1024px\" \/><\/figure>\n<\/div>\n\n\n<p>La visita responde al compromiso asumido previamente por el edil, quien hab\u00eda acordado regresar al plantel para dar seguimiento al di\u00e1logo con la comunidad estudiantil. Durante su intervenci\u00f3n, Hern\u00e1ndez \u00c1lvarez destac\u00f3 la importancia de honrar la palabra con acciones concretas, subrayando que la participaci\u00f3n de las y los j\u00f3venes es fundamental en la toma de decisiones que impactan el desarrollo del municipio.<\/p>\n\n\n\n<p>\u201cHoy volvimos con la convicci\u00f3n de que la palabra se honra con hechos. Escuchar sus ideas, sus inquietudes y sus propuestas nos permite construir mejores decisiones y mejorar el rumbo de nuestro municipio\u201d, expres\u00f3 el alcalde ante la comunidad educativa.<\/p>\n\n\n\n<p>Asimismo, enfatiz\u00f3 el papel activo de la juventud en la transformaci\u00f3n social, reconociendo que no solo representan el futuro, sino que ya son agentes de cambio en el presente. En este sentido, reiter\u00f3 su compromiso de impulsar espacios de participaci\u00f3n y apoyo para que las nuevas generaciones se conviertan en protagonistas del desarrollo local.<\/p>\n\n\n\n<p>El mandatario municipal tambi\u00e9n hizo un llamado a fortalecer la unidad entre sociedad y gobierno, destacando que el trabajo conjunto es clave para alcanzar el bienestar colectivo. \u201cSeguiremos trabajando en unidad, pueblo y gobierno, escuchando siempre a quienes tienen mucho que aportar para el bienestar de nuestro pueblo\u201d, puntualiz\u00f3.<\/p>\n\n\n\n<p>Con este tipo de acciones, el gobierno municipal busca consolidar una administraci\u00f3n incluyente, que priorice el di\u00e1logo y la participaci\u00f3n ciudadana como ejes fundamentales para la construcci\u00f3n de pol\u00edticas p\u00fablicas m\u00e1s efectivas.<\/p>\n","protected":false},"excerpt":{"rendered":"<p>Bladimir Hern\u00e1ndez \u00c1lvarez refrenda compromiso con la juventud en Las Margaritas. MDR Las Margaritas; 24\/ABRIL\/2026.- En un ejercicio de cercan\u00eda y cumplimiento de compromisos, el presidente municipal de Las Margaritas,&hellip; <\/p>\n","protected":false},"author":3,"featured_media":0,"comment_status":"closed","ping_status":"closed","sticky":false,"template":"","format":"standard","meta":{"footnotes":""},"categories":[3],"tags":[],"class_list":["post-24231","post","type-post","status-publish","format-standard","hentry","category-comitan"],"_links":{"self":[{"href":"https:\/\/dc.diariodecomitan.com.mx\/index.php?rest_route=\/wp\/v2\/posts\/24231","targetHints":{"allow":["GET"]}}],"collection":[{"href":"https:\/\/dc.diariodecomitan.com.mx\/index.php?rest_route=\/wp\/v2\/posts"}],"about":[{"href":"https:\/\/dc.diariodecomitan.com.mx\/index.php?rest_route=\/wp\/v2\/types\/post"}],"author":[{"embeddable":true,"href":"https:\/\/dc.diariodecomitan.com.mx\/index.php?rest_route=\/wp\/v2\/users\/3"}],"replies":[{"embeddable":true,"href":"https:\/\/dc.diariodecomitan.com.mx\/index.php?rest_route=%2Fwp%2Fv2%2Fcomments&post=24231"}],"version-history":[{"count":1,"href":"https:\/\/dc.diariodecomitan.com.mx\/index.php?rest_route=\/wp\/v2\/posts\/24231\/revisions"}],"predecessor-version":[{"id":24234,"href":"https:\/\/dc.diariodecomitan.com.mx\/index.php?rest_route=\/wp\/v2\/posts\/24231\/revisions\/24234"}],"wp:attachment":[{"href":"https:\/\/dc.diariodecomitan.com.mx\/index.php?rest_route=%2Fwp%2Fv2%2Fmedia&parent=24231"}],"wp:term":[{"taxonomy":"category","embeddable":true,"href":"https:\/\/dc.diariodecomitan.com.mx\/index.php?rest_route=%2Fwp%2Fv2%2Fcategories&post=24231"},{"taxonomy":"post_tag","embeddable":true,"href":"https:\/\/dc.diariodecomitan.com.mx\/index.php?rest_route=%2Fwp%2Fv2%2Ftags&post=24231"}],"curies":[{"name":"wp","href":"https:\/\/api.w.org\/{rel}","templated":true}]}}