{"id":4073,"date":"2025-05-21T11:58:32","date_gmt":"2025-05-21T17:58:32","guid":{"rendered":"https:\/\/dc.diariodecomitan.com.mx\/?p=4073"},"modified":"2025-05-23T23:44:22","modified_gmt":"2025-05-24T05:44:22","slug":"fuertes-operativos-para-descongestionar-la-central-de-abastos","status":"publish","type":"post","link":"https:\/\/dc.diariodecomitan.com.mx\/?p=4073","title":{"rendered":"FUERTES OPERATIVOS PARA DESCONGESTIONAR LA CENTRAL DE ABASTOS"},"content":{"rendered":"\n<p><strong>NOE PINTO<\/strong><\/p>\n\n\n\n<p><strong>Comit\u00e1n, Chiapas; 21\/MAY\/2025<\/strong>.- La Direcci\u00f3n de Vialidad y Transporte Municipal implementa intensos operativos con el objetivo de ordenar el transporte for\u00e1neo y descongestionar la zona de la Central de Abasto.<\/p>\n\n\n\n<p>Como parte de estas acciones, se hace un llamado a los conductores de transporte for\u00e1neo a respetar los nuevos puntos de descenso de pasajeros. Las unidades que provienen de la zona Sur-Norte deber\u00e1n realizar su parada \u00fanicamente en el puente peatonal ubicado frente al Estadio Municipal. A partir de ese punto y hasta la Bodega Aurrera, queda estrictamente prohibido descender pasajeros, incluyendo las inmediaciones de la Central de Abasto.<\/p>\n\n\n\n<figure class=\"wp-block-image size-large\"><img loading=\"lazy\" decoding=\"async\" width=\"1024\" height=\"619\" src=\"https:\/\/dc.diariodecomitan.com.mx\/wp-content\/uploads\/2025\/05\/Diseno-sin-titulo-49-1-1024x619.jpg\" alt=\"\" class=\"wp-image-4074\" srcset=\"https:\/\/dc.diariodecomitan.com.mx\/wp-content\/uploads\/2025\/05\/Diseno-sin-titulo-49-1-1024x619.jpg 1024w, https:\/\/dc.diariodecomitan.com.mx\/wp-content\/uploads\/2025\/05\/Diseno-sin-titulo-49-1-300x181.jpg 300w, https:\/\/dc.diariodecomitan.com.mx\/wp-content\/uploads\/2025\/05\/Diseno-sin-titulo-49-1-768x464.jpg 768w, https:\/\/dc.diariodecomitan.com.mx\/wp-content\/uploads\/2025\/05\/Diseno-sin-titulo-49-1.jpg 1530w\" sizes=\"auto, (max-width: 1024px) 100vw, 1024px\" \/><\/figure>\n\n\n\n<p>Estas medidas buscan mejorar la movilidad, reducir el caos vial en una de las zonas m\u00e1s transitadas de la ciudad y brindar mayor seguridad a los peatones. La ciudadan\u00eda est\u00e1 siendo informada sobre los cambios para facilitar la transici\u00f3n y promover el respeto a la nueva disposici\u00f3n vial.<\/p>\n","protected":false},"excerpt":{"rendered":"<p>NOE PINTO Comit\u00e1n, Chiapas; 21\/MAY\/2025.- La Direcci\u00f3n de Vialidad y Transporte Municipal implementa intensos operativos con el objetivo de ordenar el transporte for\u00e1neo y descongestionar la zona de la Central&hellip; <\/p>\n","protected":false},"author":2,"featured_media":4075,"comment_status":"closed","ping_status":"closed","sticky":false,"template":"","format":"standard","meta":{"footnotes":""},"categories":[3,10],"tags":[],"class_list":["post-4073","post","type-post","status-publish","format-standard","has-post-thumbnail","hentry","category-comitan","category-policiaca"],"_links":{"self":[{"href":"https:\/\/dc.diariodecomitan.com.mx\/index.php?rest_route=\/wp\/v2\/posts\/4073","targetHints":{"allow":["GET"]}}],"collection":[{"href":"https:\/\/dc.diariodecomitan.com.mx\/index.php?rest_route=\/wp\/v2\/posts"}],"about":[{"href":"https:\/\/dc.diariodecomitan.com.mx\/index.php?rest_route=\/wp\/v2\/types\/post"}],"author":[{"embeddable":true,"href":"https:\/\/dc.diariodecomitan.com.mx\/index.php?rest_route=\/wp\/v2\/users\/2"}],"replies":[{"embeddable":true,"href":"https:\/\/dc.diariodecomitan.com.mx\/index.php?rest_route=%2Fwp%2Fv2%2Fcomments&post=4073"}],"version-history":[{"count":2,"href":"https:\/\/dc.diariodecomitan.com.mx\/index.php?rest_route=\/wp\/v2\/posts\/4073\/revisions"}],"predecessor-version":[{"id":4077,"href":"https:\/\/dc.diariodecomitan.com.mx\/index.php?rest_route=\/wp\/v2\/posts\/4073\/revisions\/4077"}],"wp:featuredmedia":[{"embeddable":true,"href":"https:\/\/dc.diariodecomitan.com.mx\/index.php?rest_route=\/wp\/v2\/media\/4075"}],"wp:attachment":[{"href":"https:\/\/dc.diariodecomitan.com.mx\/index.php?rest_route=%2Fwp%2Fv2%2Fmedia&parent=4073"}],"wp:term":[{"taxonomy":"category","embeddable":true,"href":"https:\/\/dc.diariodecomitan.com.mx\/index.php?rest_route=%2Fwp%2Fv2%2Fcategories&post=4073"},{"taxonomy":"post_tag","embeddable":true,"href":"https:\/\/dc.diariodecomitan.com.mx\/index.php?rest_route=%2Fwp%2Fv2%2Ftags&post=4073"}],"curies":[{"name":"wp","href":"https:\/\/api.w.org\/{rel}","templated":true}]}}