{"id":4083,"date":"2025-05-21T19:39:17","date_gmt":"2025-05-22T01:39:17","guid":{"rendered":"https:\/\/dc.diariodecomitan.com.mx\/?p=4083"},"modified":"2025-05-22T21:18:11","modified_gmt":"2025-05-23T03:18:11","slug":"chiapas-avanza-hacia-la-justicia","status":"publish","type":"post","link":"https:\/\/dc.diariodecomitan.com.mx\/?p=4083","title":{"rendered":"CHIAPAS AVANZA hacia la JUSTICIA"},"content":{"rendered":"\n<blockquote class=\"wp-block-quote is-layout-flow wp-block-quote-is-layout-flow\">\n<p><strong><em>Gobernador lidera creaci\u00f3n de Comisi\u00f3n Jur\u00eddica para fortalecer transparencia.<\/em><\/strong><\/p>\n<\/blockquote>\n\n\n\n<p><strong>Tuxtla Guti\u00e9rrez; 21\/MAYO\/2025.- <\/strong>El gobernador Eduardo Ram\u00edrez Aguilar atestigu\u00f3 la instalaci\u00f3n de la Comisi\u00f3n de Estudios Jur\u00eddicos del Gobierno del Estado de Chiapas, un \u00f3rgano que permitir\u00e1 homologar criterios normativos, mejorar la gesti\u00f3n jur\u00eddica, fortalecer la transparencia en el \u00e1mbito p\u00fablico y contribuir activamente a la prevenci\u00f3n y el combate de la corrupci\u00f3n.<\/p>\n\n\n<div class=\"wp-block-image\">\n<figure class=\"alignleft size-large is-resized\"><img loading=\"lazy\" decoding=\"async\" width=\"1024\" height=\"682\" src=\"https:\/\/dc.diariodecomitan.com.mx\/wp-content\/uploads\/2025\/05\/1-15-1024x682.jpg\" alt=\"\" class=\"wp-image-4084\" style=\"width:395px;height:auto\" srcset=\"https:\/\/dc.diariodecomitan.com.mx\/wp-content\/uploads\/2025\/05\/1-15-1024x682.jpg 1024w, https:\/\/dc.diariodecomitan.com.mx\/wp-content\/uploads\/2025\/05\/1-15-300x200.jpg 300w, https:\/\/dc.diariodecomitan.com.mx\/wp-content\/uploads\/2025\/05\/1-15-768x511.jpg 768w, https:\/\/dc.diariodecomitan.com.mx\/wp-content\/uploads\/2025\/05\/1-15.jpg 1280w\" sizes=\"auto, (max-width: 1024px) 100vw, 1024px\" \/><figcaption class=\"wp-element-caption\"><strong>Chiapas fortalece su gesti\u00f3n jur\u00eddica con nueva Comisi\u00f3n de Estudios.<\/strong><\/figcaption><\/figure>\n<\/div>\n\n\n<p>Ante las y los titulares de unidades jur\u00eddicas de dependencias, organismos y entidades de la administraci\u00f3n p\u00fablica estatal, el mandatario convoc\u00f3 a trabajar con responsabilidad, compromiso, di\u00e1logo y sentido de justicia, a fin de consolidar un modelo jur\u00eddico con rostro humano que inspire confianza y asegure que los recursos p\u00fablicos se orienten a proyectos que realmente atiendan las necesidades del pueblo.<\/p>\n\n\n\n<p>\u00abConvoco a todas y todos a portar el estandarte de la justicia. Yo quiero ser un gobernador justo, por eso, invito a que ejerzan su labor como abogadas y abogados justos, al servicio del inter\u00e9s colectivo de Chiapas\u00bb, expres\u00f3 Ram\u00edrez Aguilar.<\/p>\n\n\n\n<p>Asimismo, reconoci\u00f3 la creaci\u00f3n de esta comisi\u00f3n como un paso firme hacia una administraci\u00f3n m\u00e1s ordenada y eficiente en lo jur\u00eddico, al tiempo de alentar al Congreso del Estado y al Poder Judicial a sumarse a esta iniciativa, para trabajar de manera articulada en beneficio de la ciudadan\u00eda.<\/p>\n\n\n\n<p>En ese marco, el magistrado presidente del Tribunal Superior de Justicia del Estado, Juan Carlos Moreno Guill\u00e9n, fue el encargado de tomar protesta a las y los integrantes de la Comisi\u00f3n, exhort\u00e1ndolos a actuar con lealtad, transparencia y compromiso, siempre guiados por los principios constitucionales y un sentido humanista.<\/p>\n\n\n\n<p>Por su parte, el director general del Instituto de la Consejer\u00eda Jur\u00eddica del Gobierno del Estado, Guillermo Nieto Arreola, explic\u00f3 que este \u00f3rgano colegiado coordinar\u00e1 la actividad jur\u00eddica de las distintas dependencias, promoviendo la profesionalizaci\u00f3n a trav\u00e9s de cursos, talleres, seminarios y diplomados. Adem\u00e1s, indic\u00f3 que se fomentar\u00e1 el estudio, an\u00e1lisis y actualizaci\u00f3n de la normatividad, brindando asesor\u00eda eficaz con base en principios \u00e9ticos.<\/p>\n\n\n\n<p>A su vez, el rector de la Universidad Aut\u00f3noma de Chiapas (Unach), Oswaldo Chac\u00f3n Rojas, celebr\u00f3 la instalaci\u00f3n de esta Comisi\u00f3n, al considerarla una herramienta clave para el an\u00e1lisis profundo de los temas jur\u00eddicos del estado, al tiempo de reconocer el liderazgo del gobernador Eduardo Ram\u00edrez en el impulso a la formaci\u00f3n acad\u00e9mica y la generaci\u00f3n de conocimiento.<\/p>\n\n\n\n<p>En el acto estuvieron presentes el presidente de la Mesa Directiva del Congreso del Estado, Luis Ignacio Avenda\u00f1o Berm\u00fadez; la secretaria Anticorrupci\u00f3n y Buen Gobierno, Ana Laura Romero Basurto; la titular de la Unidad de Apoyo Jur\u00eddico de la Secretar\u00eda de Seguridad del Pueblo, Lidia Elizabeth Sosa M\u00e1rquez; as\u00ed como servidoras y servidores del pueblo.<\/p>\n","protected":false},"excerpt":{"rendered":"<p>Atestigua Eduardo Ram\u00edrez instalaci\u00f3n de la Comisi\u00f3n de Estudios Jur\u00eddicos del Gobierno de Chiapas.<\/p>\n","protected":false},"author":2,"featured_media":4085,"comment_status":"closed","ping_status":"closed","sticky":false,"template":"","format":"standard","meta":{"footnotes":""},"categories":[15],"tags":[],"class_list":["post-4083","post","type-post","status-publish","format-standard","has-post-thumbnail","hentry","category-politica"],"_links":{"self":[{"href":"https:\/\/dc.diariodecomitan.com.mx\/index.php?rest_route=\/wp\/v2\/posts\/4083","targetHints":{"allow":["GET"]}}],"collection":[{"href":"https:\/\/dc.diariodecomitan.com.mx\/index.php?rest_route=\/wp\/v2\/posts"}],"about":[{"href":"https:\/\/dc.diariodecomitan.com.mx\/index.php?rest_route=\/wp\/v2\/types\/post"}],"author":[{"embeddable":true,"href":"https:\/\/dc.diariodecomitan.com.mx\/index.php?rest_route=\/wp\/v2\/users\/2"}],"replies":[{"embeddable":true,"href":"https:\/\/dc.diariodecomitan.com.mx\/index.php?rest_route=%2Fwp%2Fv2%2Fcomments&post=4083"}],"version-history":[{"count":1,"href":"https:\/\/dc.diariodecomitan.com.mx\/index.php?rest_route=\/wp\/v2\/posts\/4083\/revisions"}],"predecessor-version":[{"id":4086,"href":"https:\/\/dc.diariodecomitan.com.mx\/index.php?rest_route=\/wp\/v2\/posts\/4083\/revisions\/4086"}],"wp:featuredmedia":[{"embeddable":true,"href":"https:\/\/dc.diariodecomitan.com.mx\/index.php?rest_route=\/wp\/v2\/media\/4085"}],"wp:attachment":[{"href":"https:\/\/dc.diariodecomitan.com.mx\/index.php?rest_route=%2Fwp%2Fv2%2Fmedia&parent=4083"}],"wp:term":[{"taxonomy":"category","embeddable":true,"href":"https:\/\/dc.diariodecomitan.com.mx\/index.php?rest_route=%2Fwp%2Fv2%2Fcategories&post=4083"},{"taxonomy":"post_tag","embeddable":true,"href":"https:\/\/dc.diariodecomitan.com.mx\/index.php?rest_route=%2Fwp%2Fv2%2Ftags&post=4083"}],"curies":[{"name":"wp","href":"https:\/\/api.w.org\/{rel}","templated":true}]}}