{"id":4087,"date":"2025-05-21T19:54:33","date_gmt":"2025-05-22T01:54:33","guid":{"rendered":"https:\/\/dc.diariodecomitan.com.mx\/?p=4087"},"modified":"2025-05-21T19:54:34","modified_gmt":"2025-05-22T01:54:34","slug":"68-anos-tras-las-rejas-por-ataque-sexual","status":"publish","type":"post","link":"https:\/\/dc.diariodecomitan.com.mx\/?p=4087","title":{"rendered":"68 A\u00d1OS tras las REJAS por ATAQUE SEXUAL"},"content":{"rendered":"\n<blockquote class=\"wp-block-quote is-layout-flow wp-block-quote-is-layout-flow\">\n<p><strong><em>Obtiene FGE sentencia ejemplar de 68 a\u00f1os de prisi\u00f3n por violaci\u00f3n agravada en Pichucalco.<\/em><\/strong><\/p>\n<\/blockquote>\n\n\n\n<p><strong>Pichucalco; 21\/MAYO\/2025.- <\/strong>La Fiscal\u00eda General del Estado (FGE) logr\u00f3 una sentencia condenatoria ejemplar de 68 a\u00f1os de prisi\u00f3n en contra de Daniel \u201cN\u201d, por el delito de violaci\u00f3n agravada, por hechos ocurridos en el municipio de Pichucalco, en la regi\u00f3n norte de Chiapas.<\/p>\n\n\n<div class=\"wp-block-image\">\n<figure class=\"alignleft size-large is-resized\"><img loading=\"lazy\" decoding=\"async\" width=\"1024\" height=\"968\" src=\"https:\/\/dc.diariodecomitan.com.mx\/wp-content\/uploads\/2025\/05\/68-ANOS-tras-las-REJAS-por-ATAQUE-SEXUAL-1024x968.jpg\" alt=\"\" class=\"wp-image-4088\" style=\"width:324px;height:auto\" srcset=\"https:\/\/dc.diariodecomitan.com.mx\/wp-content\/uploads\/2025\/05\/68-ANOS-tras-las-REJAS-por-ATAQUE-SEXUAL-1024x968.jpg 1024w, https:\/\/dc.diariodecomitan.com.mx\/wp-content\/uploads\/2025\/05\/68-ANOS-tras-las-REJAS-por-ATAQUE-SEXUAL-300x283.jpg 300w, https:\/\/dc.diariodecomitan.com.mx\/wp-content\/uploads\/2025\/05\/68-ANOS-tras-las-REJAS-por-ATAQUE-SEXUAL-768x726.jpg 768w, https:\/\/dc.diariodecomitan.com.mx\/wp-content\/uploads\/2025\/05\/68-ANOS-tras-las-REJAS-por-ATAQUE-SEXUAL.jpg 1143w\" sizes=\"auto, (max-width: 1024px) 100vw, 1024px\" \/><figcaption class=\"wp-element-caption\"><strong><em>\u201cDelito grave, castigo ejemplar\u201d para Daniel \u00abN\u00bb.<\/em><\/strong><br><\/figcaption><\/figure>\n<\/div>\n\n\n<p>De acuerdo con la informaci\u00f3n oficial, el Juez de Enjuiciamiento de la Regi\u00f3n 03 determin\u00f3 imponer esta pena tras considerar la gravedad de los hechos y las pruebas presentadas por el Ministerio P\u00fablico. La sentencia fue dictada en primera instancia, y no contempla ning\u00fan tipo de beneficio o reducci\u00f3n para el sentenciado, quien deber\u00e1 cumplir la totalidad de la condena en el Centro de Reinserci\u00f3n Social que sea designado por el Poder Ejecutivo del Estado.<\/p>\n\n\n\n<p>Adem\u00e1s de la pena privativa de libertad, al responsable le fueron suspendidos sus derechos pol\u00edticos y civiles, en apego a lo dispuesto por la legislaci\u00f3n penal vigente.<\/p>\n\n\n\n<p>La Fiscal\u00eda General del Estado destac\u00f3 que esta resoluci\u00f3n es resultado del trabajo jur\u00eddico y pericial realizado por sus especialistas, y reafirm\u00f3 su compromiso con la procuraci\u00f3n de justicia. \u201c<em>Estas acciones reflejan nuestra determinaci\u00f3n de aplicar el Estado de Derecho sin concesiones y de garantizar Cero Impunidad para quienes cometan actos de violencia en Chiapas<\/em>\u201d, sostuvo la instituci\u00f3n en un comunicado oficial.<\/p>\n\n\n\n<p>Con este fallo, la FGE busca enviar un mensaje claro y contundente en contra de los delitos sexuales y fortalecer la confianza de la ciudadan\u00eda en las instituciones encargadas de la seguridad y la justicia en la entidad.<\/p>\n","protected":false},"excerpt":{"rendered":"<p>La Fiscal\u00eda General del Estado obtuvo sentencia condenatoria en primera instancia contra Daniel \u00abN\u00bb, por el delito de violaci\u00f3n agravada, cometido en el municipio de Pichucalco.<\/p>\n","protected":false},"author":2,"featured_media":4089,"comment_status":"closed","ping_status":"closed","sticky":false,"template":"","format":"standard","meta":{"footnotes":""},"categories":[10],"tags":[],"class_list":["post-4087","post","type-post","status-publish","format-standard","has-post-thumbnail","hentry","category-policiaca"],"_links":{"self":[{"href":"https:\/\/dc.diariodecomitan.com.mx\/index.php?rest_route=\/wp\/v2\/posts\/4087","targetHints":{"allow":["GET"]}}],"collection":[{"href":"https:\/\/dc.diariodecomitan.com.mx\/index.php?rest_route=\/wp\/v2\/posts"}],"about":[{"href":"https:\/\/dc.diariodecomitan.com.mx\/index.php?rest_route=\/wp\/v2\/types\/post"}],"author":[{"embeddable":true,"href":"https:\/\/dc.diariodecomitan.com.mx\/index.php?rest_route=\/wp\/v2\/users\/2"}],"replies":[{"embeddable":true,"href":"https:\/\/dc.diariodecomitan.com.mx\/index.php?rest_route=%2Fwp%2Fv2%2Fcomments&post=4087"}],"version-history":[{"count":1,"href":"https:\/\/dc.diariodecomitan.com.mx\/index.php?rest_route=\/wp\/v2\/posts\/4087\/revisions"}],"predecessor-version":[{"id":4090,"href":"https:\/\/dc.diariodecomitan.com.mx\/index.php?rest_route=\/wp\/v2\/posts\/4087\/revisions\/4090"}],"wp:featuredmedia":[{"embeddable":true,"href":"https:\/\/dc.diariodecomitan.com.mx\/index.php?rest_route=\/wp\/v2\/media\/4089"}],"wp:attachment":[{"href":"https:\/\/dc.diariodecomitan.com.mx\/index.php?rest_route=%2Fwp%2Fv2%2Fmedia&parent=4087"}],"wp:term":[{"taxonomy":"category","embeddable":true,"href":"https:\/\/dc.diariodecomitan.com.mx\/index.php?rest_route=%2Fwp%2Fv2%2Fcategories&post=4087"},{"taxonomy":"post_tag","embeddable":true,"href":"https:\/\/dc.diariodecomitan.com.mx\/index.php?rest_route=%2Fwp%2Fv2%2Ftags&post=4087"}],"curies":[{"name":"wp","href":"https:\/\/api.w.org\/{rel}","templated":true}]}}