{"id":4330,"date":"2025-05-26T10:36:23","date_gmt":"2025-05-26T16:36:23","guid":{"rendered":"https:\/\/dc.diariodecomitan.com.mx\/?p=4330"},"modified":"2025-05-26T10:36:24","modified_gmt":"2025-05-26T16:36:24","slug":"ustedes-son-el-gobierno-en-la-casa-de-un-adulto-mayor-presidenta-claudia-sheinbaum-encabeza-asamblea-de-salud-casa-por-casa-en-jalisco","status":"publish","type":"post","link":"https:\/\/dc.diariodecomitan.com.mx\/?p=4330","title":{"rendered":"\u201cUstedes son el gobierno en la casa de un adulto mayor\u201d: Presidenta Claudia Sheinbaum encabeza asamblea de salud casa por casa en Jalisco"},"content":{"rendered":"\n<p><strong>San Pedro Tlaquepaque, Jalisco, 25\/MAY\/2025<\/strong>.- En San Pedro Tlaquepaque,<br>Jalisco, la Presidenta de M\u00e9xico, Claudia Sheinbaum Pardo, encabez\u00f3 la Asamblea del<br>Programa Salud Casa por Casa, donde reconoci\u00f3 a las y los facilitadores de la salud como<br>los representantes m\u00e1s cercanos del Gobierno de M\u00e9xico en la casa de las y los adultos<br>mayores y personas con discapacidad.<\/p>\n\n\n<div class=\"wp-block-image\">\n<figure class=\"aligncenter size-large\"><img loading=\"lazy\" decoding=\"async\" width=\"1024\" height=\"683\" src=\"https:\/\/dc.diariodecomitan.com.mx\/wp-content\/uploads\/2025\/05\/250525-CSP-ASAMBLEA-PROGRAMA-CASA-POR-CASA-EN-JALISCO-2-1024x683.jpeg\" alt=\"\" class=\"wp-image-4331\" srcset=\"https:\/\/dc.diariodecomitan.com.mx\/wp-content\/uploads\/2025\/05\/250525-CSP-ASAMBLEA-PROGRAMA-CASA-POR-CASA-EN-JALISCO-2-1024x683.jpeg 1024w, https:\/\/dc.diariodecomitan.com.mx\/wp-content\/uploads\/2025\/05\/250525-CSP-ASAMBLEA-PROGRAMA-CASA-POR-CASA-EN-JALISCO-2-300x200.jpeg 300w, https:\/\/dc.diariodecomitan.com.mx\/wp-content\/uploads\/2025\/05\/250525-CSP-ASAMBLEA-PROGRAMA-CASA-POR-CASA-EN-JALISCO-2-768x512.jpeg 768w, https:\/\/dc.diariodecomitan.com.mx\/wp-content\/uploads\/2025\/05\/250525-CSP-ASAMBLEA-PROGRAMA-CASA-POR-CASA-EN-JALISCO-2-1536x1024.jpeg 1536w, https:\/\/dc.diariodecomitan.com.mx\/wp-content\/uploads\/2025\/05\/250525-CSP-ASAMBLEA-PROGRAMA-CASA-POR-CASA-EN-JALISCO-2-2048x1366.jpeg 2048w\" sizes=\"auto, (max-width: 1024px) 100vw, 1024px\" \/><figcaption class=\"wp-element-caption\"><em><strong>\u201cLo m\u00e1s cercano a un adulto mayor van a ser ustedes\u201d, resalt\u00f3 la Jefa del Ejecutivo<br>Federal<\/strong><\/em><\/figcaption><\/figure>\n<\/div>\n\n\n<p><br>\u201cUstedes son el gobierno en la casa de un adulto mayor, pero son, adem\u00e1s, el sistema de<br>salud en la casa de un adulto mayor. Lo m\u00e1s cercano a un adulto mayor van a ser ustedes,<br>entonces imag\u00ednense, no puede haber nada m\u00e1s cercano que este programa\u201d, destac\u00f3<br>ante 700 enfermeras, enfermeros, m\u00e9dicas y m\u00e9dicos que acudieron a la Asamblea que se<br>realiz\u00f3 en el Almac\u00e9n Regional del IMSS.<br>Record\u00f3 que los gobiernos de la Cuarta Transformaci\u00f3n son cercanos al pueblo de M\u00e9xico<br>y ejemplo de ello, destac\u00f3 que a menos de ocho meses que inici\u00f3 su administraci\u00f3n,<br>realiz\u00f3 su segundo recorrido por las 32 entidades federativas del pa\u00eds.<br>\u201cNosotros hacemos gobierno de territorio, nosotros estamos con la gente, porque si no se<br>est\u00e1 con la gente empieza a haber un divorcio entre el pueblo y el gobierno y nosotros<br>siempre estamos en territorio. F\u00edjense, el d\u00eda de hoy, con esta visita en Jalisco, estoy<br>cumpliendo en casi ocho meses que llevamos ya en el gobierno, el segundo recorrido por<br>todos los estados, por todas las entidades de la Rep\u00fablica\u201d, inform\u00f3.<\/p>\n\n\n<div class=\"wp-block-image\">\n<figure class=\"alignleft size-large is-resized\"><img loading=\"lazy\" decoding=\"async\" width=\"1024\" height=\"683\" src=\"https:\/\/dc.diariodecomitan.com.mx\/wp-content\/uploads\/2025\/05\/250525-CSP-ASAMBLEA-PROGRAMA-CASA-POR-CASA-EN-JALISCO-11-1024x683.jpeg\" alt=\"\" class=\"wp-image-4332\" style=\"width:487px;height:auto\" srcset=\"https:\/\/dc.diariodecomitan.com.mx\/wp-content\/uploads\/2025\/05\/250525-CSP-ASAMBLEA-PROGRAMA-CASA-POR-CASA-EN-JALISCO-11-1024x683.jpeg 1024w, https:\/\/dc.diariodecomitan.com.mx\/wp-content\/uploads\/2025\/05\/250525-CSP-ASAMBLEA-PROGRAMA-CASA-POR-CASA-EN-JALISCO-11-300x200.jpeg 300w, https:\/\/dc.diariodecomitan.com.mx\/wp-content\/uploads\/2025\/05\/250525-CSP-ASAMBLEA-PROGRAMA-CASA-POR-CASA-EN-JALISCO-11-768x512.jpeg 768w, https:\/\/dc.diariodecomitan.com.mx\/wp-content\/uploads\/2025\/05\/250525-CSP-ASAMBLEA-PROGRAMA-CASA-POR-CASA-EN-JALISCO-11-1536x1024.jpeg 1536w, https:\/\/dc.diariodecomitan.com.mx\/wp-content\/uploads\/2025\/05\/250525-CSP-ASAMBLEA-PROGRAMA-CASA-POR-CASA-EN-JALISCO-11-2048x1366.jpeg 2048w\" sizes=\"auto, (max-width: 1024px) 100vw, 1024px\" \/><figcaption class=\"wp-element-caption\"><strong><em>A partir del 2 de junio, entrar\u00e1 en funciones un centro de atenci\u00f3n donde los<br>facilitadores de la salud recibir\u00e1n orientaci\u00f3n en atenci\u00f3n m\u00e9dica<\/em><\/strong><\/figcaption><\/figure>\n<\/div>\n\n\n<p><br>Expuso que el programa Salud Casa por Casa tiene el objetivo principal de fortalecer la<br>prevenci\u00f3n de enfermedades en adultos mayores y personas con discapacidad, con una o<br>dos visitas mensuales, para dar seguimiento m\u00e9dico, generar un expediente digital y la<br>expedici\u00f3n de recetas para que los derechohabientes del programa recojan sus<br>medicamentos en las Farmacias del Bienestar.<\/p>\n\n\n\n<p>Adem\u00e1s, record\u00f3 que, a partir del pr\u00f3ximo 2 de junio, iniciar\u00e1 operaciones un centro de<br>atenci\u00f3n telef\u00f3nica donde m\u00e9dicas, m\u00e9dicos y especialistas, dar\u00e1n orientaci\u00f3n a los m\u00e1s<br>de 20 mil profesionales de la salud que visitar\u00e1n los hogares de las y los derechohabientes<br>y a trav\u00e9s de llamadas o videollamadas reforzar\u00e1n y mejorar\u00e1n la atenci\u00f3n m\u00e9dica que se<br>otorgue a los adultos mayores y personas con discapacidad.<br>Expuso que Salud Casa por Casa es el programa m\u00e1s ambicioso en prevenci\u00f3n de salud de<br>todo el mundo y se espera que, en un a\u00f1o o dos a\u00f1os, se reflejen los resultados de esta<br>pol\u00edtica p\u00fablica en la salud de los adultos mayores y personas con discapacidad.<br>Sobre el estado de Jalisco, se\u00f1al\u00f3 que el Gobierno de M\u00e9xico trabaja en todos los temas,<br>desde seguridad hasta inversiones privadas, por lo que la entidad se est\u00e1 convirtiendo en<br>el principal receptor de inversi\u00f3n en semiconductores, sector que es muy importante para<br>el pa\u00eds y para todo el mundo.<\/p>\n\n\n<div class=\"wp-block-image\">\n<figure class=\"alignright size-large is-resized\"><img loading=\"lazy\" decoding=\"async\" width=\"1024\" height=\"683\" src=\"https:\/\/dc.diariodecomitan.com.mx\/wp-content\/uploads\/2025\/05\/250525-CSP-ASAMBLEA-PROGRAMA-CASA-POR-CASA-EN-JALISCO-10-1024x683.jpeg\" alt=\"\" class=\"wp-image-4333\" style=\"width:446px;height:auto\" srcset=\"https:\/\/dc.diariodecomitan.com.mx\/wp-content\/uploads\/2025\/05\/250525-CSP-ASAMBLEA-PROGRAMA-CASA-POR-CASA-EN-JALISCO-10-1024x683.jpeg 1024w, https:\/\/dc.diariodecomitan.com.mx\/wp-content\/uploads\/2025\/05\/250525-CSP-ASAMBLEA-PROGRAMA-CASA-POR-CASA-EN-JALISCO-10-300x200.jpeg 300w, https:\/\/dc.diariodecomitan.com.mx\/wp-content\/uploads\/2025\/05\/250525-CSP-ASAMBLEA-PROGRAMA-CASA-POR-CASA-EN-JALISCO-10-768x512.jpeg 768w, https:\/\/dc.diariodecomitan.com.mx\/wp-content\/uploads\/2025\/05\/250525-CSP-ASAMBLEA-PROGRAMA-CASA-POR-CASA-EN-JALISCO-10.jpeg 1280w\" sizes=\"auto, (max-width: 1024px) 100vw, 1024px\" \/><figcaption class=\"wp-element-caption\"><strong><em>Resalt\u00f3 que a menos de ocho meses de su administraci\u00f3n este fin de semana<br>concluy\u00f3 su segundo recorrido por toda la Rep\u00fablica<\/em><\/strong><\/figcaption><\/figure>\n<\/div>\n\n\n<p><br>En la Asamblea, la Secretar\u00eda de Bienestar y el IMSS suscribieron el convenio de<br>colaboraci\u00f3n para el programa Salud Casa por Casa con el objetivo fortalecer la atenci\u00f3n<br>de los derechohabientes de las Pensiones para el Bienestar de los Adultos Mayores y<br>Personas con Discapacidad.<br>El gobernador de Jalisco, Pablo Lemus Navarro, reconoci\u00f3 el trabajo de la Presidenta de<br>M\u00e9xico, Claudia Sheinbaum Pardo, y destac\u00f3 la importancia de que los tres niveles de<br>gobierno trabajen de manera coordinada por la salud de la gente.<br>\u201cDespu\u00e9s de la pandemia, nos dimos cuenta que la salud es lo m\u00e1s importante para todas<br>y todos. Y trabajar con el Gobierno Federal y el gobierno del estado y los propios<br>municipios, la verdad, es muy importante, por la salud de las personas\u201d, dijo.<br>En esta Asamblea estuvieron con la Presidenta de M\u00e9xico, el secretario de Salud, David<br>Kershenobich Stalnikowitz; la secretaria de Bienestar, Ariadna Montiel Reyes; el director<br>general del Instituto Mexicano del Seguro Social (IMSS), Zo\u00e9 Robledo Aburto; el secretario<br>t\u00e9cnico de la Presidencia de la Rep\u00fablica y coordinador general de Programas para el<br>Bienestar, Carlos Torres Rosas;\u00a0 el subsecretario de Bienestar, Jes\u00fas Salvador Valencia<br>Guzm\u00e1n; y la Presidenta Municipal de San Pedro Tlaquepaque, Laura Imelda P\u00e9rez Segura.<\/p>\n\n\n<div class=\"wp-block-image\">\n<figure class=\"aligncenter size-large is-resized\"><a href=\"https:\/\/wa.me\/529631013938\"><img loading=\"lazy\" decoding=\"async\" width=\"1024\" height=\"576\" src=\"https:\/\/dc.diariodecomitan.com.mx\/wp-content\/uploads\/2025\/05\/WhatsApp-Image-2025-05-07-at-10.47.34-AM-17-1024x576.jpeg\" alt=\"\" class=\"wp-image-4321\" style=\"width:475px;height:auto\" srcset=\"https:\/\/dc.diariodecomitan.com.mx\/wp-content\/uploads\/2025\/05\/WhatsApp-Image-2025-05-07-at-10.47.34-AM-17-1024x576.jpeg 1024w, https:\/\/dc.diariodecomitan.com.mx\/wp-content\/uploads\/2025\/05\/WhatsApp-Image-2025-05-07-at-10.47.34-AM-17-300x169.jpeg 300w, https:\/\/dc.diariodecomitan.com.mx\/wp-content\/uploads\/2025\/05\/WhatsApp-Image-2025-05-07-at-10.47.34-AM-17-768x432.jpeg 768w, https:\/\/dc.diariodecomitan.com.mx\/wp-content\/uploads\/2025\/05\/WhatsApp-Image-2025-05-07-at-10.47.34-AM-17-1536x864.jpeg 1536w, https:\/\/dc.diariodecomitan.com.mx\/wp-content\/uploads\/2025\/05\/WhatsApp-Image-2025-05-07-at-10.47.34-AM-17.jpeg 1599w\" sizes=\"auto, (max-width: 1024px) 100vw, 1024px\" \/><\/a><\/figure>\n<\/div>","protected":false},"excerpt":{"rendered":"<p>San Pedro Tlaquepaque, Jalisco, 25\/MAY\/2025.- En San Pedro Tlaquepaque,Jalisco, la Presidenta de M\u00e9xico, Claudia Sheinbaum Pardo, encabez\u00f3 la Asamblea delPrograma Salud Casa por Casa, donde reconoci\u00f3 a las y los&hellip; <\/p>\n","protected":false},"author":2,"featured_media":4334,"comment_status":"closed","ping_status":"closed","sticky":false,"template":"","format":"standard","meta":{"footnotes":""},"categories":[15],"tags":[],"class_list":["post-4330","post","type-post","status-publish","format-standard","has-post-thumbnail","hentry","category-politica"],"_links":{"self":[{"href":"https:\/\/dc.diariodecomitan.com.mx\/index.php?rest_route=\/wp\/v2\/posts\/4330","targetHints":{"allow":["GET"]}}],"collection":[{"href":"https:\/\/dc.diariodecomitan.com.mx\/index.php?rest_route=\/wp\/v2\/posts"}],"about":[{"href":"https:\/\/dc.diariodecomitan.com.mx\/index.php?rest_route=\/wp\/v2\/types\/post"}],"author":[{"embeddable":true,"href":"https:\/\/dc.diariodecomitan.com.mx\/index.php?rest_route=\/wp\/v2\/users\/2"}],"replies":[{"embeddable":true,"href":"https:\/\/dc.diariodecomitan.com.mx\/index.php?rest_route=%2Fwp%2Fv2%2Fcomments&post=4330"}],"version-history":[{"count":1,"href":"https:\/\/dc.diariodecomitan.com.mx\/index.php?rest_route=\/wp\/v2\/posts\/4330\/revisions"}],"predecessor-version":[{"id":4335,"href":"https:\/\/dc.diariodecomitan.com.mx\/index.php?rest_route=\/wp\/v2\/posts\/4330\/revisions\/4335"}],"wp:featuredmedia":[{"embeddable":true,"href":"https:\/\/dc.diariodecomitan.com.mx\/index.php?rest_route=\/wp\/v2\/media\/4334"}],"wp:attachment":[{"href":"https:\/\/dc.diariodecomitan.com.mx\/index.php?rest_route=%2Fwp%2Fv2%2Fmedia&parent=4330"}],"wp:term":[{"taxonomy":"category","embeddable":true,"href":"https:\/\/dc.diariodecomitan.com.mx\/index.php?rest_route=%2Fwp%2Fv2%2Fcategories&post=4330"},{"taxonomy":"post_tag","embeddable":true,"href":"https:\/\/dc.diariodecomitan.com.mx\/index.php?rest_route=%2Fwp%2Fv2%2Ftags&post=4330"}],"curies":[{"name":"wp","href":"https:\/\/api.w.org\/{rel}","templated":true}]}}