{"id":5183,"date":"2025-06-08T18:51:45","date_gmt":"2025-06-09T00:51:45","guid":{"rendered":"https:\/\/dc.diariodecomitan.com.mx\/?p=5183"},"modified":"2025-06-23T12:54:36","modified_gmt":"2025-06-23T18:54:36","slug":"video-enfrentamiento-pakales-contra-sicarios","status":"publish","type":"post","link":"https:\/\/dc.diariodecomitan.com.mx\/?p=5183","title":{"rendered":"VIDEO ENFRENTAMIENTO PAKALES CONTRA SICARIOS."},"content":{"rendered":"\n<p>Revelan video de c\u00f3mo las fuerzas especiales Pakales, enfrentan a sicarios y rescatan a sus compa\u00f1eros cuando \u00e9stos iban a ser \u201csecuestrados\u201d por hombres armados.<\/p>\n\n\n\n<p>En dicho video se puede apreciar al menos 15 sicarios fuertemente armados, adem\u00e1s de una patrulla aparentemente de la pol\u00edtica guatemalteca y otro veh\u00edculo, al parecer del ej\u00e9rcito del vecino pa\u00eds, de donde incluso se hacen disparos en contra de los Pakales.<\/p>\n\n\n\n<p>Lo anterior pone en duda el actuar de las autoridades guatemaltecas.<\/p>\n\n\n\n<p>Video sin&nbsp;censura&nbsp;aqu\u00ed&#8230;<\/p>\n\n\n\n<figure class=\"wp-block-video\"><video controls src=\"https:\/\/dc.diariodecomitan.com.mx\/wp-content\/uploads\/2025\/06\/VIDEO-LAS-CHAMPAS.mp4\"><\/video><\/figure>\n","protected":false},"excerpt":{"rendered":"<p>Revelan video de c\u00f3mo las fuerzas especiales Pakales, enfrentan a sicarios y rescatan a sus compa\u00f1eros cuando \u00e9stos iban a ser \u201csecuestrados\u201d por hombres armados. En dicho video se puede&hellip; <\/p>\n","protected":false},"author":2,"featured_media":5187,"comment_status":"closed","ping_status":"closed","sticky":false,"template":"","format":"standard","meta":{"footnotes":""},"categories":[30],"tags":[],"class_list":["post-5183","post","type-post","status-publish","format-standard","has-post-thumbnail","hentry","category-video-reportajes"],"_links":{"self":[{"href":"https:\/\/dc.diariodecomitan.com.mx\/index.php?rest_route=\/wp\/v2\/posts\/5183","targetHints":{"allow":["GET"]}}],"collection":[{"href":"https:\/\/dc.diariodecomitan.com.mx\/index.php?rest_route=\/wp\/v2\/posts"}],"about":[{"href":"https:\/\/dc.diariodecomitan.com.mx\/index.php?rest_route=\/wp\/v2\/types\/post"}],"author":[{"embeddable":true,"href":"https:\/\/dc.diariodecomitan.com.mx\/index.php?rest_route=\/wp\/v2\/users\/2"}],"replies":[{"embeddable":true,"href":"https:\/\/dc.diariodecomitan.com.mx\/index.php?rest_route=%2Fwp%2Fv2%2Fcomments&post=5183"}],"version-history":[{"count":1,"href":"https:\/\/dc.diariodecomitan.com.mx\/index.php?rest_route=\/wp\/v2\/posts\/5183\/revisions"}],"predecessor-version":[{"id":5189,"href":"https:\/\/dc.diariodecomitan.com.mx\/index.php?rest_route=\/wp\/v2\/posts\/5183\/revisions\/5189"}],"wp:featuredmedia":[{"embeddable":true,"href":"https:\/\/dc.diariodecomitan.com.mx\/index.php?rest_route=\/wp\/v2\/media\/5187"}],"wp:attachment":[{"href":"https:\/\/dc.diariodecomitan.com.mx\/index.php?rest_route=%2Fwp%2Fv2%2Fmedia&parent=5183"}],"wp:term":[{"taxonomy":"category","embeddable":true,"href":"https:\/\/dc.diariodecomitan.com.mx\/index.php?rest_route=%2Fwp%2Fv2%2Fcategories&post=5183"},{"taxonomy":"post_tag","embeddable":true,"href":"https:\/\/dc.diariodecomitan.com.mx\/index.php?rest_route=%2Fwp%2Fv2%2Ftags&post=5183"}],"curies":[{"name":"wp","href":"https:\/\/api.w.org\/{rel}","templated":true}]}}