{"id":5188,"date":"2025-06-08T18:55:33","date_gmt":"2025-06-09T00:55:33","guid":{"rendered":"https:\/\/dc.diariodecomitan.com.mx\/?p=5188"},"modified":"2025-06-09T10:53:21","modified_gmt":"2025-06-09T16:53:21","slug":"joven-cae-de-moto-en-plena-calle-y-su-amigo-lo-deja-tirado","status":"publish","type":"post","link":"https:\/\/dc.diariodecomitan.com.mx\/?p=5188","title":{"rendered":"JOVEN CAE DE MOTO EN PLENA CALLE Y SU AMIGO LO DEJA TIRADO"},"content":{"rendered":"\n<p><strong>No\u00e9 Pinto <\/strong><\/p>\n\n\n\n<p><strong>Comit\u00e1n, Chiapas; 08\/JUN\/2025<\/strong>.- Un joven de aproximadamente 20 a\u00f1os result\u00f3 con leves lesiones tras caer de una motocicleta mientras circulaba por la Quinta Calle Norte Poniente y Quinta Avenida Poniente Norte, en el barrio de la Cruz Grande.<\/p>\n\n\n\n<p>Seg\u00fan testigos, el joven no se sujet\u00f3 adecuadamente al veh\u00edculo mientras se desplazaba con un amigo, lo que provoc\u00f3 que perdiera el equilibrio y terminara tendido sobre el pavimento. Presentaba raspones en los brazos y fue atendido de inmediato por param\u00e9dicos de Protecci\u00f3n Civil.<\/p>\n\n\n<div class=\"wp-block-image\">\n<figure class=\"aligncenter size-large\"><img loading=\"lazy\" decoding=\"async\" width=\"1024\" height=\"768\" src=\"https:\/\/dc.diariodecomitan.com.mx\/wp-content\/uploads\/2025\/06\/c6652fde-6c12-4683-b098-e6a3978e7d5f-1024x768.jpeg\" alt=\"\" class=\"wp-image-5191\" srcset=\"https:\/\/dc.diariodecomitan.com.mx\/wp-content\/uploads\/2025\/06\/c6652fde-6c12-4683-b098-e6a3978e7d5f-1024x768.jpeg 1024w, https:\/\/dc.diariodecomitan.com.mx\/wp-content\/uploads\/2025\/06\/c6652fde-6c12-4683-b098-e6a3978e7d5f-300x225.jpeg 300w, https:\/\/dc.diariodecomitan.com.mx\/wp-content\/uploads\/2025\/06\/c6652fde-6c12-4683-b098-e6a3978e7d5f-768x576.jpeg 768w, https:\/\/dc.diariodecomitan.com.mx\/wp-content\/uploads\/2025\/06\/c6652fde-6c12-4683-b098-e6a3978e7d5f-1536x1152.jpeg 1536w, https:\/\/dc.diariodecomitan.com.mx\/wp-content\/uploads\/2025\/06\/c6652fde-6c12-4683-b098-e6a3978e7d5f.jpeg 1600w\" sizes=\"auto, (max-width: 1024px) 100vw, 1024px\" \/><\/figure>\n<\/div>\n\n\n<p>Dado que las lesiones no eran de gravedad, no fue necesario su traslado a un hospital. Elementos de Vialidad Municipal acudieron al lugar para tomar conocimiento de los hechos y deslindar responsabilidades, ya que, sorprendentemente, el conductor de la moto \u2014presuntamente su amigo\u2014 continu\u00f3 su camino sin detenerse a auxiliarlo.<\/p>\n\n\n<div class=\"wp-block-image\">\n<figure class=\"aligncenter size-large\"><img loading=\"lazy\" decoding=\"async\" width=\"1024\" height=\"768\" src=\"https:\/\/dc.diariodecomitan.com.mx\/wp-content\/uploads\/2025\/06\/c061846c-fc53-4bb9-b7b0-29de5f2d8d7c-1024x768.jpeg\" alt=\"\" class=\"wp-image-5190\" srcset=\"https:\/\/dc.diariodecomitan.com.mx\/wp-content\/uploads\/2025\/06\/c061846c-fc53-4bb9-b7b0-29de5f2d8d7c-1024x768.jpeg 1024w, https:\/\/dc.diariodecomitan.com.mx\/wp-content\/uploads\/2025\/06\/c061846c-fc53-4bb9-b7b0-29de5f2d8d7c-300x225.jpeg 300w, https:\/\/dc.diariodecomitan.com.mx\/wp-content\/uploads\/2025\/06\/c061846c-fc53-4bb9-b7b0-29de5f2d8d7c-768x576.jpeg 768w, https:\/\/dc.diariodecomitan.com.mx\/wp-content\/uploads\/2025\/06\/c061846c-fc53-4bb9-b7b0-29de5f2d8d7c-1536x1152.jpeg 1536w, https:\/\/dc.diariodecomitan.com.mx\/wp-content\/uploads\/2025\/06\/c061846c-fc53-4bb9-b7b0-29de5f2d8d7c.jpeg 1600w\" sizes=\"auto, (max-width: 1024px) 100vw, 1024px\" \/><\/figure>\n<\/div>\n\n\n<p>Familiares del ca\u00eddo se presentaron al lugar de los hechos para trasladarlo a su domicilio.<\/p>\n\n\n\n<figure class=\"wp-block-image size-large\"><a href=\"https:\/\/wa.me\/525545013008\"><img loading=\"lazy\" decoding=\"async\" width=\"1024\" height=\"195\" src=\"https:\/\/dc.diariodecomitan.com.mx\/wp-content\/uploads\/2025\/06\/WhatsApp-Image-2025-06-09-at-10.47.55-AM-1024x195.jpeg\" alt=\"\" class=\"wp-image-5257\" srcset=\"https:\/\/dc.diariodecomitan.com.mx\/wp-content\/uploads\/2025\/06\/WhatsApp-Image-2025-06-09-at-10.47.55-AM-1024x195.jpeg 1024w, https:\/\/dc.diariodecomitan.com.mx\/wp-content\/uploads\/2025\/06\/WhatsApp-Image-2025-06-09-at-10.47.55-AM-300x57.jpeg 300w, https:\/\/dc.diariodecomitan.com.mx\/wp-content\/uploads\/2025\/06\/WhatsApp-Image-2025-06-09-at-10.47.55-AM-768x146.jpeg 768w, https:\/\/dc.diariodecomitan.com.mx\/wp-content\/uploads\/2025\/06\/WhatsApp-Image-2025-06-09-at-10.47.55-AM-1536x292.jpeg 1536w, https:\/\/dc.diariodecomitan.com.mx\/wp-content\/uploads\/2025\/06\/WhatsApp-Image-2025-06-09-at-10.47.55-AM.jpeg 1600w\" sizes=\"auto, (max-width: 1024px) 100vw, 1024px\" \/><\/a><\/figure>\n\n\n\n<p><\/p>\n","protected":false},"excerpt":{"rendered":"<p>No\u00e9 Pinto Comit\u00e1n, Chiapas; 08\/JUN\/2025.- Un joven de aproximadamente 20 a\u00f1os result\u00f3 con leves lesiones tras caer de una motocicleta mientras circulaba por la Quinta Calle Norte Poniente y Quinta&hellip; <\/p>\n","protected":false},"author":2,"featured_media":5192,"comment_status":"closed","ping_status":"closed","sticky":false,"template":"","format":"standard","meta":{"footnotes":""},"categories":[3,10],"tags":[],"class_list":["post-5188","post","type-post","status-publish","format-standard","has-post-thumbnail","hentry","category-comitan","category-policiaca"],"_links":{"self":[{"href":"https:\/\/dc.diariodecomitan.com.mx\/index.php?rest_route=\/wp\/v2\/posts\/5188","targetHints":{"allow":["GET"]}}],"collection":[{"href":"https:\/\/dc.diariodecomitan.com.mx\/index.php?rest_route=\/wp\/v2\/posts"}],"about":[{"href":"https:\/\/dc.diariodecomitan.com.mx\/index.php?rest_route=\/wp\/v2\/types\/post"}],"author":[{"embeddable":true,"href":"https:\/\/dc.diariodecomitan.com.mx\/index.php?rest_route=\/wp\/v2\/users\/2"}],"replies":[{"embeddable":true,"href":"https:\/\/dc.diariodecomitan.com.mx\/index.php?rest_route=%2Fwp%2Fv2%2Fcomments&post=5188"}],"version-history":[{"count":2,"href":"https:\/\/dc.diariodecomitan.com.mx\/index.php?rest_route=\/wp\/v2\/posts\/5188\/revisions"}],"predecessor-version":[{"id":5259,"href":"https:\/\/dc.diariodecomitan.com.mx\/index.php?rest_route=\/wp\/v2\/posts\/5188\/revisions\/5259"}],"wp:featuredmedia":[{"embeddable":true,"href":"https:\/\/dc.diariodecomitan.com.mx\/index.php?rest_route=\/wp\/v2\/media\/5192"}],"wp:attachment":[{"href":"https:\/\/dc.diariodecomitan.com.mx\/index.php?rest_route=%2Fwp%2Fv2%2Fmedia&parent=5188"}],"wp:term":[{"taxonomy":"category","embeddable":true,"href":"https:\/\/dc.diariodecomitan.com.mx\/index.php?rest_route=%2Fwp%2Fv2%2Fcategories&post=5188"},{"taxonomy":"post_tag","embeddable":true,"href":"https:\/\/dc.diariodecomitan.com.mx\/index.php?rest_route=%2Fwp%2Fv2%2Ftags&post=5188"}],"curies":[{"name":"wp","href":"https:\/\/api.w.org\/{rel}","templated":true}]}}