{"id":5505,"date":"2025-06-12T21:19:40","date_gmt":"2025-06-13T03:19:40","guid":{"rendered":"https:\/\/dc.diariodecomitan.com.mx\/?p=5505"},"modified":"2025-06-13T00:28:38","modified_gmt":"2025-06-13T06:28:38","slug":"arde-camion-de-valores-en-tuxtla","status":"publish","type":"post","link":"https:\/\/dc.diariodecomitan.com.mx\/?p=5505","title":{"rendered":"ARDE CAMI\u00d3N de VALORES en TUXTLA"},"content":{"rendered":"\n<blockquote class=\"wp-block-quote is-layout-flow wp-block-quote-is-layout-flow\">\n<p><strong><em>Cami\u00f3n de valores se incendia en Tuxtla Guti\u00e9rrez; no se reportan lesionados.<\/em><\/strong><\/p>\n<\/blockquote>\n\n\n\n<p><strong>MDR<\/strong><\/p>\n\n\n\n<p><strong>Tuxtla Guti\u00e9rrez; 12\/Junio\/2025.- <\/strong>Un cami\u00f3n de transporte de valores de la empresa Panamericano sufri\u00f3 severos da\u00f1os materiales tras incendiarse la ma\u00f1ana de este jueves sobre la carretera Panamericana, a la altura del centro comercial Plaza Polyforum, en la capital chiapaneca. Afortunadamente, el incidente no dej\u00f3 personas lesionadas ni da\u00f1os a terceros.<\/p>\n\n\n<div class=\"wp-block-image\">\n<figure class=\"aligncenter size-large is-resized\"><img loading=\"lazy\" decoding=\"async\" width=\"1024\" height=\"768\" src=\"https:\/\/dc.diariodecomitan.com.mx\/wp-content\/uploads\/2025\/06\/504006163_1226726676133803_4366071213196092192_n-1024x768.jpg\" alt=\"\" class=\"wp-image-5509\" style=\"width:678px;height:auto\" srcset=\"https:\/\/dc.diariodecomitan.com.mx\/wp-content\/uploads\/2025\/06\/504006163_1226726676133803_4366071213196092192_n-1024x768.jpg 1024w, https:\/\/dc.diariodecomitan.com.mx\/wp-content\/uploads\/2025\/06\/504006163_1226726676133803_4366071213196092192_n-300x225.jpg 300w, https:\/\/dc.diariodecomitan.com.mx\/wp-content\/uploads\/2025\/06\/504006163_1226726676133803_4366071213196092192_n-768x576.jpg 768w, https:\/\/dc.diariodecomitan.com.mx\/wp-content\/uploads\/2025\/06\/504006163_1226726676133803_4366071213196092192_n.jpg 1280w\" sizes=\"auto, (max-width: 1024px) 100vw, 1024px\" \/><\/figure>\n<\/div>\n\n\n<p>De acuerdo con los primeros reportes, el siniestro fue notificado a los n\u00fameros de emergencia alrededor de las 09:30 horas, lo que activ\u00f3 una pronta movilizaci\u00f3n de cuerpos de auxilio y corporaciones policiales. Al llegar al lugar, los elementos del Heroico Cuerpo de Bomberos de Tuxtla Guti\u00e9rrez confirmaron que un veh\u00edculo blindado se encontraba envuelto en llamas, por lo que procedieron de inmediato a controlar el fuego.<\/p>\n\n\n\n<p>Seg\u00fan versiones oficiales, el veh\u00edculo circulaba en sentido oriente a poniente cuando comenz\u00f3 a emitir humo desde la parte frontal. Ante la emergencia, los tripulantes descendieron de la unidad y solicitaron apoyo, mientras las llamas se extend\u00edan r\u00e1pidamente.<\/p>\n\n\n<div class=\"wp-block-image\">\n<figure class=\"aligncenter size-large is-resized\"><img loading=\"lazy\" decoding=\"async\" width=\"1024\" height=\"768\" src=\"https:\/\/dc.diariodecomitan.com.mx\/wp-content\/uploads\/2025\/06\/506476750_1226726672800470_561736389304406531_n-1024x768.jpg\" alt=\"\" class=\"wp-image-5510\" style=\"width:626px;height:auto\" srcset=\"https:\/\/dc.diariodecomitan.com.mx\/wp-content\/uploads\/2025\/06\/506476750_1226726672800470_561736389304406531_n-1024x768.jpg 1024w, https:\/\/dc.diariodecomitan.com.mx\/wp-content\/uploads\/2025\/06\/506476750_1226726672800470_561736389304406531_n-300x225.jpg 300w, https:\/\/dc.diariodecomitan.com.mx\/wp-content\/uploads\/2025\/06\/506476750_1226726672800470_561736389304406531_n-768x576.jpg 768w, https:\/\/dc.diariodecomitan.com.mx\/wp-content\/uploads\/2025\/06\/506476750_1226726672800470_561736389304406531_n.jpg 1280w\" sizes=\"auto, (max-width: 1024px) 100vw, 1024px\" \/><\/figure>\n<\/div>\n\n\n<p>Los bomberos lograron sofocar el incendio tras varios minutos de labores. De acuerdo con los primeros peritajes, el fuego habr\u00eda sido originado por una aparente falla mec\u00e1nica en el sistema del motor. Como medida preventiva, el personal de emergencias emiti\u00f3 recomendaciones al equipo operativo de la empresa.<\/p>\n\n\n\n<p>Elementos de Tr\u00e1nsito Municipal tambi\u00e9n acudieron al sitio para coordinar el flujo vehicular y realizar las diligencias correspondientes. M\u00e1s tarde, se solicit\u00f3 el apoyo de una gr\u00faa con plataforma para retirar la unidad afectada.<\/p>\n\n\n\n<p>Las autoridades reiteraron el llamado a las empresas de transporte y a sus operadores a realizar revisiones peri\u00f3dicas a sus unidades, a fin de prevenir situaciones que pongan en riesgo la integridad del personal y la seguridad p\u00fablica.<\/p>\n","protected":false},"excerpt":{"rendered":"<p>Cami\u00f3n de valores se incendia en Tuxtla Guti\u00e9rrez; no se reportan lesionados. MDR Tuxtla Guti\u00e9rrez; 12\/Junio\/2025.- Un cami\u00f3n de transporte de valores de la empresa Panamericano sufri\u00f3 severos da\u00f1os materiales&hellip; <\/p>\n","protected":false},"author":2,"featured_media":5508,"comment_status":"closed","ping_status":"closed","sticky":false,"template":"","format":"standard","meta":{"footnotes":""},"categories":[10,16],"tags":[],"class_list":["post-5505","post","type-post","status-publish","format-standard","has-post-thumbnail","hentry","category-policiaca","category-portada"],"_links":{"self":[{"href":"https:\/\/dc.diariodecomitan.com.mx\/index.php?rest_route=\/wp\/v2\/posts\/5505","targetHints":{"allow":["GET"]}}],"collection":[{"href":"https:\/\/dc.diariodecomitan.com.mx\/index.php?rest_route=\/wp\/v2\/posts"}],"about":[{"href":"https:\/\/dc.diariodecomitan.com.mx\/index.php?rest_route=\/wp\/v2\/types\/post"}],"author":[{"embeddable":true,"href":"https:\/\/dc.diariodecomitan.com.mx\/index.php?rest_route=\/wp\/v2\/users\/2"}],"replies":[{"embeddable":true,"href":"https:\/\/dc.diariodecomitan.com.mx\/index.php?rest_route=%2Fwp%2Fv2%2Fcomments&post=5505"}],"version-history":[{"count":1,"href":"https:\/\/dc.diariodecomitan.com.mx\/index.php?rest_route=\/wp\/v2\/posts\/5505\/revisions"}],"predecessor-version":[{"id":5511,"href":"https:\/\/dc.diariodecomitan.com.mx\/index.php?rest_route=\/wp\/v2\/posts\/5505\/revisions\/5511"}],"wp:featuredmedia":[{"embeddable":true,"href":"https:\/\/dc.diariodecomitan.com.mx\/index.php?rest_route=\/wp\/v2\/media\/5508"}],"wp:attachment":[{"href":"https:\/\/dc.diariodecomitan.com.mx\/index.php?rest_route=%2Fwp%2Fv2%2Fmedia&parent=5505"}],"wp:term":[{"taxonomy":"category","embeddable":true,"href":"https:\/\/dc.diariodecomitan.com.mx\/index.php?rest_route=%2Fwp%2Fv2%2Fcategories&post=5505"},{"taxonomy":"post_tag","embeddable":true,"href":"https:\/\/dc.diariodecomitan.com.mx\/index.php?rest_route=%2Fwp%2Fv2%2Ftags&post=5505"}],"curies":[{"name":"wp","href":"https:\/\/api.w.org\/{rel}","templated":true}]}}